{"id":1081,"date":"2022-05-18T19:15:00","date_gmt":"2022-05-18T19:15:00","guid":{"rendered":"https:\/\/www.mramriswil.ch\/turnveteranen\/?p=1081"},"modified":"2022-05-26T19:18:38","modified_gmt":"2022-05-26T19:18:38","slug":"tageswanderung-2022","status":"publish","type":"post","link":"https:\/\/www.mramriswil.ch\/turnveteranen\/2022\/05\/18\/tageswanderung-2022\/","title":{"rendered":"Tageswanderung 2022"},"content":{"rendered":"\n<p>Am Mittwoch, 18.Mai sind die Turnveteranen auf der traditionellen Tageswanderung.<\/p>\n\n\n\n<p>Um 08.15 trafen sich, bei sch\u00f6nstem Wetter, 15 gut gelaunte Turner am Bahnhof. Per \u201cturbo\u201c reiste die Gesellschaft \u00fcber Weinfelden nach Siegershausen.<\/p>\n\n\n\n<p>Ab hier gings auf Schusters-Rappen zum Bommer-Weiher. Mangels offenen Restaurants wurden wir hier von vier Kameraden mit Kaffee \u00fcberrascht. Nach der kr\u00e4ftigen St\u00e4rkung mit Ch\u00f6mli und Gipfel genossen wir noch die Ruhe an diesem sch\u00f6nen Ort.<\/p>\n\n\n\n<p>Ab hier nahem wir die, von Heinz Gisler und Paul Engeli ausgesuchte, tolle Wanderstrecke unter unsere Schuhe. Wir durchstreiften gr\u00fcne Thurgauer-W\u00e4lder, vorbei an wunderbaren Getreidefeldern und Kuhweiden. Angekommen am (fast 40 Meter hohen) Napoleonturm eroberten wir die 208 Stufen um das wunderbare Panorama zu geniessen.<\/p>\n\n\n\n<p>Satt gesehen am 360 Grad Panorama von der Reichenau bis zum S\u00e4ntis und zur\u00fcck.<\/p>\n\n\n\n<p>Der Hunger trieb uns jedoch weiter auf unserer Tour. Im Gasthaus Alpenblick in Gunterswilen wurden wir mit einem feinen Mittagessen verw\u00f6hnt. Gut verk\u00f6stigt und ausgeruht machten wir uns auf den weiteren Weg. Mit dem S\u00e4ntis vor Augen zwischen Weiden, Zuckerr\u00fcben und Getreide\u00e4ckern hindurch. Die heuenden Bauern brachten leben<\/p>\n\n\n\n<p>in die beschauliche Thurgauer-Landschaft. In dieser Idylle wanderten wir Richtung Lipperswil. Ab hier \u00fcberwanden wir per Postauto und SBB den Heimweg. Einen herzliche Danke an die Kameraden die diese zauberhafte Wanderung organsierten.<\/p>\n\n\n\n<p>So treffen wir uns wieder jeden Donnerstag in der Turnhalle, Freiestrasse um 17.oo Uhr zur Turnstunde.<\/p>\n\n\n\n<div class=\"wp-block-envira-envira-gallery\"><div id=\"envira-gallery-wrap-1065\" class=\"envira-gallery-wrap envira-lazy-loading-enabled envira-layout-automatic\" itemscope itemtype=\"https:\/\/schema.org\/ImageGallery\"><div class=\"envira-loader\"><div><\/div><div><\/div><div><\/div><div><\/div><\/div><div id=\"envira-gallery-1065\" class=\"envira-gallery-public envira-gallery-0-columns envira-clear envira-gallery-justified-public\" data-envira-id=\"1065\" data-gallery-config='{\"type\":\"default\",\"layout\":\"automatic\",\"columns\":\"0\",\"gallery_theme\":\"base\",\"justified_margins\":1,\"justified_last_row\":\"nojustify\",\"lazy_loading\":1,\"lazy_loading_delay\":500,\"gutter\":1,\"margin\":1,\"image_size\":\"default\",\"square_size\":300,\"crop_width\":640,\"crop_height\":480,\"crop\":0,\"crop_position\":\"c\",\"additional_copy_0\":0,\"additional_copy_title\":0,\"additional_copy_caption\":0,\"additional_copy_title_caption\":0,\"additional_copy_0_mobile\":0,\"additional_copy_title_mobile\":0,\"additional_copy_caption_mobile\":0,\"additional_copy_title_caption_mobile\":0,\"gallery_column_title_caption\":\"0\",\"gallery_column_title_caption_mobile\":\"0\",\"additional_copy_automatic_0\":0,\"additional_copy_automatic_title\":0,\"additional_copy_automatic_caption\":0,\"additional_copy_automatic_title_caption\":0,\"additional_copy_automatic_0_mobile\":0,\"additional_copy_automatic_title_mobile\":0,\"additional_copy_automatic_caption_mobile\":0,\"additional_copy_automatic_title_caption_mobile\":0,\"gallery_automatic_title_caption\":\"0\",\"gallery_automatic_title_caption_mobile\":\"0\",\"justified_row_height\":150,\"description_position\":\"0\",\"description\":\"\",\"random\":\"src\",\"sort_order\":\"src\",\"sorting_direction\":\"ASC\",\"image_sizes_random\":[],\"isotope\":0,\"lightbox_enabled\":1,\"gallery_link_enabled\":1,\"lightbox_theme\":\"base_dark\",\"lightbox_image_size\":\"default\",\"title_display\":\"float\",\"lightbox_title_caption\":\"title\",\"arrows\":1,\"arrows_position\":\"inside\",\"toolbar\":0,\"toolbar_title\":0,\"toolbar_position\":\"top\",\"loop\":1,\"lightbox_open_close_effect\":\"fade\",\"effect\":\"fade\",\"supersize\":1,\"thumbnails_toggle\":0,\"thumbnails_hide\":0,\"image_counter\":0,\"thumbnails\":1,\"thumbnails_width\":\"auto\",\"thumbnails_height\":\"auto\",\"thumbnails_position\":\"bottom\",\"thumbnails_custom_size\":0,\"mobile\":1,\"mobile_width\":320,\"mobile_height\":240,\"mobile_lightbox\":1,\"mobile_gallery_link_enabled\":0,\"mobile_arrows\":1,\"mobile_toolbar\":1,\"mobile_thumbnails\":0,\"mobile_touchwipe_close\":0,\"mobile_thumbnails_width\":75,\"mobile_thumbnails_height\":50,\"mobile_justified_row_height\":80,\"keyboard\":true,\"standalone_template\":\"\",\"classes\":[\"\"],\"rtl\":0,\"slug\":\"20220518-tageswanderung\",\"title\":\"\",\"gallery_id\":\"1065\"}' data-gallery-images='[{\"status\":\"active\",\"src\":\"https:\\\/\\\/www.mramriswil.ch\\\/turnveteranen\\\/wp-content\\\/uploads\\\/sites\\\/2\\\/2022\\\/05\\\/20220518-tageswanderung-001.jpg\",\"title\":\"20220518-tageswanderung-001\",\"link\":\"https:\\\/\\\/www.mramriswil.ch\\\/turnveteranen\\\/wp-content\\\/uploads\\\/sites\\\/2\\\/2022\\\/05\\\/20220518-tageswanderung-001.jpg\",\"alt\":\"\",\"caption\":false,\"thumb\":\"https:\\\/\\\/www.mramriswil.ch\\\/turnveteranen\\\/wp-content\\\/uploads\\\/sites\\\/2\\\/2022\\\/05\\\/20220518-tageswanderung-001-75x50_c.jpg\",\"meta\":{\"aperture\":\"6.3\",\"credit\":\"Picasa\",\"camera\":\"NIKON D3300\",\"caption\":\"\",\"created_timestamp\":\"1652777043\",\"copyright\":null,\"focal_length\":\"24\",\"iso\":\"400\",\"shutter_speed\":\"0.00625\",\"title\":\"\",\"orientation\":null,\"keywords\":null,\"resized_images\":null},\"thumbnail\":\"https:\\\/\\\/www.mramriswil.ch\\\/turnveteranen\\\/wp-content\\\/uploads\\\/sites\\\/2\\\/2022\\\/05\\\/20220518-tageswanderung-001-150x150.jpg\",\"medium\":\"https:\\\/\\\/www.mramriswil.ch\\\/turnveteranen\\\/wp-content\\\/uploads\\\/sites\\\/2\\\/2022\\\/05\\\/20220518-tageswanderung-001-300x200.jpg\",\"medium_large\":\"https:\\\/\\\/www.mramriswil.ch\\\/turnveteranen\\\/wp-content\\\/uploads\\\/sites\\\/2\\\/2022\\\/05\\\/20220518-tageswanderung-001-768x512.jpg\",\"large\":\"https:\\\/\\\/www.mramriswil.ch\\\/turnveteranen\\\/wp-content\\\/uploads\\\/sites\\\/2\\\/2022\\\/05\\\/20220518-tageswanderung-001-1024x682.jpg\",\"1536x1536\":\"https:\\\/\\\/www.mramriswil.ch\\\/turnveteranen\\\/wp-content\\\/uploads\\\/sites\\\/2\\\/2022\\\/05\\\/20220518-tageswanderung-001.jpg\",\"2048x2048\":\"https:\\\/\\\/www.mramriswil.ch\\\/turnveteranen\\\/wp-content\\\/uploads\\\/sites\\\/2\\\/2022\\\/05\\\/20220518-tageswanderung-001.jpg\",\"post-thumbnail\":\"https:\\\/\\\/www.mramriswil.ch\\\/turnveteranen\\\/wp-content\\\/uploads\\\/sites\\\/2\\\/2022\\\/05\\\/20220518-tageswanderung-001-100x67.jpg\",\"entry\":\"https:\\\/\\\/www.mramriswil.ch\\\/turnveteranen\\\/wp-content\\\/uploads\\\/sites\\\/2\\\/2022\\\/05\\\/20220518-tageswanderung-001-862x574.jpg\",\"entry-cropped\":\"https:\\\/\\\/www.mramriswil.ch\\\/turnveteranen\\\/wp-content\\\/uploads\\\/sites\\\/2\\\/2022\\\/05\\\/20220518-tageswanderung-001-862x482.jpg\",\"entry-fullwidth\":\"https:\\\/\\\/www.mramriswil.ch\\\/turnveteranen\\\/wp-content\\\/uploads\\\/sites\\\/2\\\/2022\\\/05\\\/20220518-tageswanderung-001-1170x780.jpg\",\"entry-cropped-fullwidth\":\"https:\\\/\\\/www.mramriswil.ch\\\/turnveteranen\\\/wp-content\\\/uploads\\\/sites\\\/2\\\/2022\\\/05\\\/20220518-tageswanderung-001-1170x654.jpg\",\"full\":\"https:\\\/\\\/www.mramriswil.ch\\\/turnveteranen\\\/wp-content\\\/uploads\\\/sites\\\/2\\\/2022\\\/05\\\/20220518-tageswanderung-001.jpg\",\"index\":0,\"id\":1066,\"video\":false,\"opts\":{\"caption\":\"\",\"thumb\":\"https:\\\/\\\/www.mramriswil.ch\\\/turnveteranen\\\/wp-content\\\/uploads\\\/sites\\\/2\\\/2022\\\/05\\\/20220518-tageswanderung-001-75x50_c.jpg\",\"title\":\"20220518-tageswanderung-001\"},\"gallery_id\":\"1065\"},{\"status\":\"active\",\"src\":\"https:\\\/\\\/www.mramriswil.ch\\\/turnveteranen\\\/wp-content\\\/uploads\\\/sites\\\/2\\\/2022\\\/05\\\/20220518-tageswanderung-002.jpg\",\"title\":\"20220518-tageswanderung-002\",\"link\":\"https:\\\/\\\/www.mramriswil.ch\\\/turnveteranen\\\/wp-content\\\/uploads\\\/sites\\\/2\\\/2022\\\/05\\\/20220518-tageswanderung-002.jpg\",\"alt\":\"\",\"caption\":false,\"thumb\":\"https:\\\/\\\/www.mramriswil.ch\\\/turnveteranen\\\/wp-content\\\/uploads\\\/sites\\\/2\\\/2022\\\/05\\\/20220518-tageswanderung-002-75x50_c.jpg\",\"meta\":{\"aperture\":\"5.6\",\"credit\":\"Picasa\",\"camera\":\"NIKON D3300\",\"caption\":\"\",\"created_timestamp\":\"1652777052\",\"copyright\":null,\"focal_length\":\"24\",\"iso\":\"180\",\"shutter_speed\":\"0.008\",\"title\":\"\",\"orientation\":null,\"keywords\":null,\"resized_images\":null},\"thumbnail\":\"https:\\\/\\\/www.mramriswil.ch\\\/turnveteranen\\\/wp-content\\\/uploads\\\/sites\\\/2\\\/2022\\\/05\\\/20220518-tageswanderung-002-150x150.jpg\",\"medium\":\"https:\\\/\\\/www.mramriswil.ch\\\/turnveteranen\\\/wp-content\\\/uploads\\\/sites\\\/2\\\/2022\\\/05\\\/20220518-tageswanderung-002-300x200.jpg\",\"medium_large\":\"https:\\\/\\\/www.mramriswil.ch\\\/turnveteranen\\\/wp-content\\\/uploads\\\/sites\\\/2\\\/2022\\\/05\\\/20220518-tageswanderung-002-768x512.jpg\",\"large\":\"https:\\\/\\\/www.mramriswil.ch\\\/turnveteranen\\\/wp-content\\\/uploads\\\/sites\\\/2\\\/2022\\\/05\\\/20220518-tageswanderung-002-1024x682.jpg\",\"1536x1536\":\"https:\\\/\\\/www.mramriswil.ch\\\/turnveteranen\\\/wp-content\\\/uploads\\\/sites\\\/2\\\/2022\\\/05\\\/20220518-tageswanderung-002.jpg\",\"2048x2048\":\"https:\\\/\\\/www.mramriswil.ch\\\/turnveteranen\\\/wp-content\\\/uploads\\\/sites\\\/2\\\/2022\\\/05\\\/20220518-tageswanderung-002.jpg\",\"post-thumbnail\":\"https:\\\/\\\/www.mramriswil.ch\\\/turnveteranen\\\/wp-content\\\/uploads\\\/sites\\\/2\\\/2022\\\/05\\\/20220518-tageswanderung-002-100x67.jpg\",\"entry\":\"https:\\\/\\\/www.mramriswil.ch\\\/turnveteranen\\\/wp-content\\\/uploads\\\/sites\\\/2\\\/2022\\\/05\\\/20220518-tageswanderung-002-862x574.jpg\",\"entry-cropped\":\"https:\\\/\\\/www.mramriswil.ch\\\/turnveteranen\\\/wp-content\\\/uploads\\\/sites\\\/2\\\/2022\\\/05\\\/20220518-tageswanderung-002-862x482.jpg\",\"entry-fullwidth\":\"https:\\\/\\\/www.mramriswil.ch\\\/turnveteranen\\\/wp-content\\\/uploads\\\/sites\\\/2\\\/2022\\\/05\\\/20220518-tageswanderung-002-1170x780.jpg\",\"entry-cropped-fullwidth\":\"https:\\\/\\\/www.mramriswil.ch\\\/turnveteranen\\\/wp-content\\\/uploads\\\/sites\\\/2\\\/2022\\\/05\\\/20220518-tageswanderung-002-1170x654.jpg\",\"full\":\"https:\\\/\\\/www.mramriswil.ch\\\/turnveteranen\\\/wp-content\\\/uploads\\\/sites\\\/2\\\/2022\\\/05\\\/20220518-tageswanderung-002.jpg\",\"index\":1,\"id\":1067,\"video\":false,\"opts\":{\"caption\":\"\",\"thumb\":\"https:\\\/\\\/www.mramriswil.ch\\\/turnveteranen\\\/wp-content\\\/uploads\\\/sites\\\/2\\\/2022\\\/05\\\/20220518-tageswanderung-002-75x50_c.jpg\",\"title\":\"20220518-tageswanderung-002\"},\"gallery_id\":\"1065\"},{\"status\":\"active\",\"src\":\"https:\\\/\\\/www.mramriswil.ch\\\/turnveteranen\\\/wp-content\\\/uploads\\\/sites\\\/2\\\/2022\\\/05\\\/20220518-tageswanderung-003.jpg\",\"title\":\"20220518-tageswanderung-003\",\"link\":\"https:\\\/\\\/www.mramriswil.ch\\\/turnveteranen\\\/wp-content\\\/uploads\\\/sites\\\/2\\\/2022\\\/05\\\/20220518-tageswanderung-003.jpg\",\"alt\":\"\",\"caption\":false,\"thumb\":\"https:\\\/\\\/www.mramriswil.ch\\\/turnveteranen\\\/wp-content\\\/uploads\\\/sites\\\/2\\\/2022\\\/05\\\/20220518-tageswanderung-003-75x50_c.jpg\",\"meta\":{\"aperture\":\"8\",\"credit\":\"Picasa\",\"camera\":\"NIKON D3300\",\"caption\":\"\",\"created_timestamp\":\"1652777117\",\"copyright\":null,\"focal_length\":\"55\",\"iso\":\"400\",\"shutter_speed\":\"0.004\",\"title\":\"\",\"orientation\":null,\"keywords\":null,\"resized_images\":null},\"thumbnail\":\"https:\\\/\\\/www.mramriswil.ch\\\/turnveteranen\\\/wp-content\\\/uploads\\\/sites\\\/2\\\/2022\\\/05\\\/20220518-tageswanderung-003-150x150.jpg\",\"medium\":\"https:\\\/\\\/www.mramriswil.ch\\\/turnveteranen\\\/wp-content\\\/uploads\\\/sites\\\/2\\\/2022\\\/05\\\/20220518-tageswanderung-003-300x200.jpg\",\"medium_large\":\"https:\\\/\\\/www.mramriswil.ch\\\/turnveteranen\\\/wp-content\\\/uploads\\\/sites\\\/2\\\/2022\\\/05\\\/20220518-tageswanderung-003-768x512.jpg\",\"large\":\"https:\\\/\\\/www.mramriswil.ch\\\/turnveteranen\\\/wp-content\\\/uploads\\\/sites\\\/2\\\/2022\\\/05\\\/20220518-tageswanderung-003-1024x682.jpg\",\"1536x1536\":\"https:\\\/\\\/www.mramriswil.ch\\\/turnveteranen\\\/wp-content\\\/uploads\\\/sites\\\/2\\\/2022\\\/05\\\/20220518-tageswanderung-003.jpg\",\"2048x2048\":\"https:\\\/\\\/www.mramriswil.ch\\\/turnveteranen\\\/wp-content\\\/uploads\\\/sites\\\/2\\\/2022\\\/05\\\/20220518-tageswanderung-003.jpg\",\"post-thumbnail\":\"https:\\\/\\\/www.mramriswil.ch\\\/turnveteranen\\\/wp-content\\\/uploads\\\/sites\\\/2\\\/2022\\\/05\\\/20220518-tageswanderung-003-100x67.jpg\",\"entry\":\"https:\\\/\\\/www.mramriswil.ch\\\/turnveteranen\\\/wp-content\\\/uploads\\\/sites\\\/2\\\/2022\\\/05\\\/20220518-tageswanderung-003-862x574.jpg\",\"entry-cropped\":\"https:\\\/\\\/www.mramriswil.ch\\\/turnveteranen\\\/wp-content\\\/uploads\\\/sites\\\/2\\\/2022\\\/05\\\/20220518-tageswanderung-003-862x482.jpg\",\"entry-fullwidth\":\"https:\\\/\\\/www.mramriswil.ch\\\/turnveteranen\\\/wp-content\\\/uploads\\\/sites\\\/2\\\/2022\\\/05\\\/20220518-tageswanderung-003-1170x780.jpg\",\"entry-cropped-fullwidth\":\"https:\\\/\\\/www.mramriswil.ch\\\/turnveteranen\\\/wp-content\\\/uploads\\\/sites\\\/2\\\/2022\\\/05\\\/20220518-tageswanderung-003-1170x654.jpg\",\"full\":\"https:\\\/\\\/www.mramriswil.ch\\\/turnveteranen\\\/wp-content\\\/uploads\\\/sites\\\/2\\\/2022\\\/05\\\/20220518-tageswanderung-003.jpg\",\"index\":2,\"id\":1068,\"video\":false,\"opts\":{\"caption\":\"\",\"thumb\":\"https:\\\/\\\/www.mramriswil.ch\\\/turnveteranen\\\/wp-content\\\/uploads\\\/sites\\\/2\\\/2022\\\/05\\\/20220518-tageswanderung-003-75x50_c.jpg\",\"title\":\"20220518-tageswanderung-003\"},\"gallery_id\":\"1065\"},{\"status\":\"active\",\"src\":\"https:\\\/\\\/www.mramriswil.ch\\\/turnveteranen\\\/wp-content\\\/uploads\\\/sites\\\/2\\\/2022\\\/05\\\/20220518-tageswanderung-004.jpg\",\"title\":\"20220518-tageswanderung-004\",\"link\":\"https:\\\/\\\/www.mramriswil.ch\\\/turnveteranen\\\/wp-content\\\/uploads\\\/sites\\\/2\\\/2022\\\/05\\\/20220518-tageswanderung-004.jpg\",\"alt\":\"\",\"caption\":false,\"thumb\":\"https:\\\/\\\/www.mramriswil.ch\\\/turnveteranen\\\/wp-content\\\/uploads\\\/sites\\\/2\\\/2022\\\/05\\\/20220518-tageswanderung-004-75x50_c.jpg\",\"meta\":{\"aperture\":\"10\",\"credit\":null,\"camera\":\"NIKON D3300\",\"caption\":\"\",\"created_timestamp\":\"1652778342\",\"copyright\":null,\"focal_length\":\"28\",\"iso\":\"200\",\"shutter_speed\":\"0.0025\",\"title\":\"\",\"orientation\":\"1\",\"keywords\":null,\"resized_images\":null},\"thumbnail\":\"https:\\\/\\\/www.mramriswil.ch\\\/turnveteranen\\\/wp-content\\\/uploads\\\/sites\\\/2\\\/2022\\\/05\\\/20220518-tageswanderung-004-150x150.jpg\",\"medium\":\"https:\\\/\\\/www.mramriswil.ch\\\/turnveteranen\\\/wp-content\\\/uploads\\\/sites\\\/2\\\/2022\\\/05\\\/20220518-tageswanderung-004-300x200.jpg\",\"medium_large\":\"https:\\\/\\\/www.mramriswil.ch\\\/turnveteranen\\\/wp-content\\\/uploads\\\/sites\\\/2\\\/2022\\\/05\\\/20220518-tageswanderung-004-768x512.jpg\",\"large\":\"https:\\\/\\\/www.mramriswil.ch\\\/turnveteranen\\\/wp-content\\\/uploads\\\/sites\\\/2\\\/2022\\\/05\\\/20220518-tageswanderung-004-1024x682.jpg\",\"1536x1536\":\"https:\\\/\\\/www.mramriswil.ch\\\/turnveteranen\\\/wp-content\\\/uploads\\\/sites\\\/2\\\/2022\\\/05\\\/20220518-tageswanderung-004.jpg\",\"2048x2048\":\"https:\\\/\\\/www.mramriswil.ch\\\/turnveteranen\\\/wp-content\\\/uploads\\\/sites\\\/2\\\/2022\\\/05\\\/20220518-tageswanderung-004.jpg\",\"post-thumbnail\":\"https:\\\/\\\/www.mramriswil.ch\\\/turnveteranen\\\/wp-content\\\/uploads\\\/sites\\\/2\\\/2022\\\/05\\\/20220518-tageswanderung-004-100x67.jpg\",\"entry\":\"https:\\\/\\\/www.mramriswil.ch\\\/turnveteranen\\\/wp-content\\\/uploads\\\/sites\\\/2\\\/2022\\\/05\\\/20220518-tageswanderung-004-862x574.jpg\",\"entry-cropped\":\"https:\\\/\\\/www.mramriswil.ch\\\/turnveteranen\\\/wp-content\\\/uploads\\\/sites\\\/2\\\/2022\\\/05\\\/20220518-tageswanderung-004-862x482.jpg\",\"entry-fullwidth\":\"https:\\\/\\\/www.mramriswil.ch\\\/turnveteranen\\\/wp-content\\\/uploads\\\/sites\\\/2\\\/2022\\\/05\\\/20220518-tageswanderung-004-1170x780.jpg\",\"entry-cropped-fullwidth\":\"https:\\\/\\\/www.mramriswil.ch\\\/turnveteranen\\\/wp-content\\\/uploads\\\/sites\\\/2\\\/2022\\\/05\\\/20220518-tageswanderung-004-1170x654.jpg\",\"full\":\"https:\\\/\\\/www.mramriswil.ch\\\/turnveteranen\\\/wp-content\\\/uploads\\\/sites\\\/2\\\/2022\\\/05\\\/20220518-tageswanderung-004.jpg\",\"index\":3,\"id\":1069,\"video\":false,\"opts\":{\"caption\":\"\",\"thumb\":\"https:\\\/\\\/www.mramriswil.ch\\\/turnveteranen\\\/wp-content\\\/uploads\\\/sites\\\/2\\\/2022\\\/05\\\/20220518-tageswanderung-004-75x50_c.jpg\",\"title\":\"20220518-tageswanderung-004\"},\"gallery_id\":\"1065\"},{\"status\":\"active\",\"src\":\"https:\\\/\\\/www.mramriswil.ch\\\/turnveteranen\\\/wp-content\\\/uploads\\\/sites\\\/2\\\/2022\\\/05\\\/20220518-tageswanderung-005.jpg\",\"title\":\"20220518-tageswanderung-005\",\"link\":\"https:\\\/\\\/www.mramriswil.ch\\\/turnveteranen\\\/wp-content\\\/uploads\\\/sites\\\/2\\\/2022\\\/05\\\/20220518-tageswanderung-005.jpg\",\"alt\":\"\",\"caption\":false,\"thumb\":\"https:\\\/\\\/www.mramriswil.ch\\\/turnveteranen\\\/wp-content\\\/uploads\\\/sites\\\/2\\\/2022\\\/05\\\/20220518-tageswanderung-005-75x50_c.jpg\",\"meta\":{\"aperture\":\"5.6\",\"credit\":\"Picasa\",\"camera\":\"NIKON D3300\",\"caption\":\"\",\"created_timestamp\":\"1652782056\",\"copyright\":null,\"focal_length\":\"32\",\"iso\":\"360\",\"shutter_speed\":\"0.008\",\"title\":\"\",\"orientation\":null,\"keywords\":null,\"resized_images\":null},\"thumbnail\":\"https:\\\/\\\/www.mramriswil.ch\\\/turnveteranen\\\/wp-content\\\/uploads\\\/sites\\\/2\\\/2022\\\/05\\\/20220518-tageswanderung-005-150x150.jpg\",\"medium\":\"https:\\\/\\\/www.mramriswil.ch\\\/turnveteranen\\\/wp-content\\\/uploads\\\/sites\\\/2\\\/2022\\\/05\\\/20220518-tageswanderung-005-200x300.jpg\",\"medium_large\":\"https:\\\/\\\/www.mramriswil.ch\\\/turnveteranen\\\/wp-content\\\/uploads\\\/sites\\\/2\\\/2022\\\/05\\\/20220518-tageswanderung-005-768x1152.jpg\",\"large\":\"https:\\\/\\\/www.mramriswil.ch\\\/turnveteranen\\\/wp-content\\\/uploads\\\/sites\\\/2\\\/2022\\\/05\\\/20220518-tageswanderung-005-682x1024.jpg\",\"1536x1536\":\"https:\\\/\\\/www.mramriswil.ch\\\/turnveteranen\\\/wp-content\\\/uploads\\\/sites\\\/2\\\/2022\\\/05\\\/20220518-tageswanderung-005.jpg\",\"2048x2048\":\"https:\\\/\\\/www.mramriswil.ch\\\/turnveteranen\\\/wp-content\\\/uploads\\\/sites\\\/2\\\/2022\\\/05\\\/20220518-tageswanderung-005.jpg\",\"post-thumbnail\":\"https:\\\/\\\/www.mramriswil.ch\\\/turnveteranen\\\/wp-content\\\/uploads\\\/sites\\\/2\\\/2022\\\/05\\\/20220518-tageswanderung-005-100x150.jpg\",\"entry\":\"https:\\\/\\\/www.mramriswil.ch\\\/turnveteranen\\\/wp-content\\\/uploads\\\/sites\\\/2\\\/2022\\\/05\\\/20220518-tageswanderung-005.jpg\",\"entry-cropped\":\"https:\\\/\\\/www.mramriswil.ch\\\/turnveteranen\\\/wp-content\\\/uploads\\\/sites\\\/2\\\/2022\\\/05\\\/20220518-tageswanderung-005-853x482.jpg\",\"entry-fullwidth\":\"https:\\\/\\\/www.mramriswil.ch\\\/turnveteranen\\\/wp-content\\\/uploads\\\/sites\\\/2\\\/2022\\\/05\\\/20220518-tageswanderung-005.jpg\",\"entry-cropped-fullwidth\":\"https:\\\/\\\/www.mramriswil.ch\\\/turnveteranen\\\/wp-content\\\/uploads\\\/sites\\\/2\\\/2022\\\/05\\\/20220518-tageswanderung-005-853x654.jpg\",\"full\":\"https:\\\/\\\/www.mramriswil.ch\\\/turnveteranen\\\/wp-content\\\/uploads\\\/sites\\\/2\\\/2022\\\/05\\\/20220518-tageswanderung-005.jpg\",\"index\":4,\"id\":1070,\"video\":false,\"opts\":{\"caption\":\"\",\"thumb\":\"https:\\\/\\\/www.mramriswil.ch\\\/turnveteranen\\\/wp-content\\\/uploads\\\/sites\\\/2\\\/2022\\\/05\\\/20220518-tageswanderung-005-75x50_c.jpg\",\"title\":\"20220518-tageswanderung-005\"},\"gallery_id\":\"1065\"},{\"status\":\"active\",\"src\":\"https:\\\/\\\/www.mramriswil.ch\\\/turnveteranen\\\/wp-content\\\/uploads\\\/sites\\\/2\\\/2022\\\/05\\\/20220518-tageswanderung-006.jpg\",\"title\":\"20220518-tageswanderung-006\",\"link\":\"https:\\\/\\\/www.mramriswil.ch\\\/turnveteranen\\\/wp-content\\\/uploads\\\/sites\\\/2\\\/2022\\\/05\\\/20220518-tageswanderung-006.jpg\",\"alt\":\"\",\"caption\":false,\"thumb\":\"https:\\\/\\\/www.mramriswil.ch\\\/turnveteranen\\\/wp-content\\\/uploads\\\/sites\\\/2\\\/2022\\\/05\\\/20220518-tageswanderung-006-75x50_c.jpg\",\"meta\":{\"aperture\":\"9\",\"credit\":\"Picasa\",\"camera\":\"NIKON D3300\",\"caption\":\"\",\"created_timestamp\":\"1652783233\",\"copyright\":null,\"focal_length\":\"32\",\"iso\":\"200\",\"shutter_speed\":\"0.003125\",\"title\":\"\",\"orientation\":null,\"keywords\":null,\"resized_images\":null},\"thumbnail\":\"https:\\\/\\\/www.mramriswil.ch\\\/turnveteranen\\\/wp-content\\\/uploads\\\/sites\\\/2\\\/2022\\\/05\\\/20220518-tageswanderung-006-150x150.jpg\",\"medium\":\"https:\\\/\\\/www.mramriswil.ch\\\/turnveteranen\\\/wp-content\\\/uploads\\\/sites\\\/2\\\/2022\\\/05\\\/20220518-tageswanderung-006-200x300.jpg\",\"medium_large\":\"https:\\\/\\\/www.mramriswil.ch\\\/turnveteranen\\\/wp-content\\\/uploads\\\/sites\\\/2\\\/2022\\\/05\\\/20220518-tageswanderung-006-768x1152.jpg\",\"large\":\"https:\\\/\\\/www.mramriswil.ch\\\/turnveteranen\\\/wp-content\\\/uploads\\\/sites\\\/2\\\/2022\\\/05\\\/20220518-tageswanderung-006-682x1024.jpg\",\"1536x1536\":\"https:\\\/\\\/www.mramriswil.ch\\\/turnveteranen\\\/wp-content\\\/uploads\\\/sites\\\/2\\\/2022\\\/05\\\/20220518-tageswanderung-006.jpg\",\"2048x2048\":\"https:\\\/\\\/www.mramriswil.ch\\\/turnveteranen\\\/wp-content\\\/uploads\\\/sites\\\/2\\\/2022\\\/05\\\/20220518-tageswanderung-006.jpg\",\"post-thumbnail\":\"https:\\\/\\\/www.mramriswil.ch\\\/turnveteranen\\\/wp-content\\\/uploads\\\/sites\\\/2\\\/2022\\\/05\\\/20220518-tageswanderung-006-100x150.jpg\",\"entry\":\"https:\\\/\\\/www.mramriswil.ch\\\/turnveteranen\\\/wp-content\\\/uploads\\\/sites\\\/2\\\/2022\\\/05\\\/20220518-tageswanderung-006.jpg\",\"entry-cropped\":\"https:\\\/\\\/www.mramriswil.ch\\\/turnveteranen\\\/wp-content\\\/uploads\\\/sites\\\/2\\\/2022\\\/05\\\/20220518-tageswanderung-006-853x482.jpg\",\"entry-fullwidth\":\"https:\\\/\\\/www.mramriswil.ch\\\/turnveteranen\\\/wp-content\\\/uploads\\\/sites\\\/2\\\/2022\\\/05\\\/20220518-tageswanderung-006.jpg\",\"entry-cropped-fullwidth\":\"https:\\\/\\\/www.mramriswil.ch\\\/turnveteranen\\\/wp-content\\\/uploads\\\/sites\\\/2\\\/2022\\\/05\\\/20220518-tageswanderung-006-853x654.jpg\",\"full\":\"https:\\\/\\\/www.mramriswil.ch\\\/turnveteranen\\\/wp-content\\\/uploads\\\/sites\\\/2\\\/2022\\\/05\\\/20220518-tageswanderung-006.jpg\",\"index\":5,\"id\":1071,\"video\":false,\"opts\":{\"caption\":\"\",\"thumb\":\"https:\\\/\\\/www.mramriswil.ch\\\/turnveteranen\\\/wp-content\\\/uploads\\\/sites\\\/2\\\/2022\\\/05\\\/20220518-tageswanderung-006-75x50_c.jpg\",\"title\":\"20220518-tageswanderung-006\"},\"gallery_id\":\"1065\"},{\"status\":\"active\",\"src\":\"https:\\\/\\\/www.mramriswil.ch\\\/turnveteranen\\\/wp-content\\\/uploads\\\/sites\\\/2\\\/2022\\\/05\\\/20220518-tageswanderung-007.jpg\",\"title\":\"20220518-tageswanderung-007\",\"link\":\"https:\\\/\\\/www.mramriswil.ch\\\/turnveteranen\\\/wp-content\\\/uploads\\\/sites\\\/2\\\/2022\\\/05\\\/20220518-tageswanderung-007.jpg\",\"alt\":\"\",\"caption\":false,\"thumb\":\"https:\\\/\\\/www.mramriswil.ch\\\/turnveteranen\\\/wp-content\\\/uploads\\\/sites\\\/2\\\/2022\\\/05\\\/20220518-tageswanderung-007-75x50_c.jpg\",\"meta\":{\"aperture\":\"9\",\"credit\":\"Picasa\",\"camera\":\"NIKON D3300\",\"caption\":\"\",\"created_timestamp\":\"1652783236\",\"copyright\":null,\"focal_length\":\"32\",\"iso\":\"200\",\"shutter_speed\":\"0.003125\",\"title\":\"\",\"orientation\":null,\"keywords\":null,\"resized_images\":null},\"thumbnail\":\"https:\\\/\\\/www.mramriswil.ch\\\/turnveteranen\\\/wp-content\\\/uploads\\\/sites\\\/2\\\/2022\\\/05\\\/20220518-tageswanderung-007-150x150.jpg\",\"medium\":\"https:\\\/\\\/www.mramriswil.ch\\\/turnveteranen\\\/wp-content\\\/uploads\\\/sites\\\/2\\\/2022\\\/05\\\/20220518-tageswanderung-007-200x300.jpg\",\"medium_large\":\"https:\\\/\\\/www.mramriswil.ch\\\/turnveteranen\\\/wp-content\\\/uploads\\\/sites\\\/2\\\/2022\\\/05\\\/20220518-tageswanderung-007-768x1152.jpg\",\"large\":\"https:\\\/\\\/www.mramriswil.ch\\\/turnveteranen\\\/wp-content\\\/uploads\\\/sites\\\/2\\\/2022\\\/05\\\/20220518-tageswanderung-007-682x1024.jpg\",\"1536x1536\":\"https:\\\/\\\/www.mramriswil.ch\\\/turnveteranen\\\/wp-content\\\/uploads\\\/sites\\\/2\\\/2022\\\/05\\\/20220518-tageswanderung-007.jpg\",\"2048x2048\":\"https:\\\/\\\/www.mramriswil.ch\\\/turnveteranen\\\/wp-content\\\/uploads\\\/sites\\\/2\\\/2022\\\/05\\\/20220518-tageswanderung-007.jpg\",\"post-thumbnail\":\"https:\\\/\\\/www.mramriswil.ch\\\/turnveteranen\\\/wp-content\\\/uploads\\\/sites\\\/2\\\/2022\\\/05\\\/20220518-tageswanderung-007-100x150.jpg\",\"entry\":\"https:\\\/\\\/www.mramriswil.ch\\\/turnveteranen\\\/wp-content\\\/uploads\\\/sites\\\/2\\\/2022\\\/05\\\/20220518-tageswanderung-007.jpg\",\"entry-cropped\":\"https:\\\/\\\/www.mramriswil.ch\\\/turnveteranen\\\/wp-content\\\/uploads\\\/sites\\\/2\\\/2022\\\/05\\\/20220518-tageswanderung-007-853x482.jpg\",\"entry-fullwidth\":\"https:\\\/\\\/www.mramriswil.ch\\\/turnveteranen\\\/wp-content\\\/uploads\\\/sites\\\/2\\\/2022\\\/05\\\/20220518-tageswanderung-007.jpg\",\"entry-cropped-fullwidth\":\"https:\\\/\\\/www.mramriswil.ch\\\/turnveteranen\\\/wp-content\\\/uploads\\\/sites\\\/2\\\/2022\\\/05\\\/20220518-tageswanderung-007-853x654.jpg\",\"full\":\"https:\\\/\\\/www.mramriswil.ch\\\/turnveteranen\\\/wp-content\\\/uploads\\\/sites\\\/2\\\/2022\\\/05\\\/20220518-tageswanderung-007.jpg\",\"index\":6,\"id\":1072,\"video\":false,\"opts\":{\"caption\":\"\",\"thumb\":\"https:\\\/\\\/www.mramriswil.ch\\\/turnveteranen\\\/wp-content\\\/uploads\\\/sites\\\/2\\\/2022\\\/05\\\/20220518-tageswanderung-007-75x50_c.jpg\",\"title\":\"20220518-tageswanderung-007\"},\"gallery_id\":\"1065\"},{\"status\":\"active\",\"src\":\"https:\\\/\\\/www.mramriswil.ch\\\/turnveteranen\\\/wp-content\\\/uploads\\\/sites\\\/2\\\/2022\\\/05\\\/20220518-tageswanderung-008.jpg\",\"title\":\"20220518-tageswanderung-008\",\"link\":\"https:\\\/\\\/www.mramriswil.ch\\\/turnveteranen\\\/wp-content\\\/uploads\\\/sites\\\/2\\\/2022\\\/05\\\/20220518-tageswanderung-008.jpg\",\"alt\":\"\",\"caption\":false,\"thumb\":\"https:\\\/\\\/www.mramriswil.ch\\\/turnveteranen\\\/wp-content\\\/uploads\\\/sites\\\/2\\\/2022\\\/05\\\/20220518-tageswanderung-008-75x50_c.jpg\",\"meta\":{\"aperture\":\"9\",\"credit\":\"Picasa\",\"camera\":\"NIKON D3300\",\"caption\":\"\",\"created_timestamp\":\"1652783244\",\"copyright\":null,\"focal_length\":\"42\",\"iso\":\"200\",\"shutter_speed\":\"0.003125\",\"title\":\"\",\"orientation\":null,\"keywords\":null,\"resized_images\":null},\"thumbnail\":\"https:\\\/\\\/www.mramriswil.ch\\\/turnveteranen\\\/wp-content\\\/uploads\\\/sites\\\/2\\\/2022\\\/05\\\/20220518-tageswanderung-008-150x150.jpg\",\"medium\":\"https:\\\/\\\/www.mramriswil.ch\\\/turnveteranen\\\/wp-content\\\/uploads\\\/sites\\\/2\\\/2022\\\/05\\\/20220518-tageswanderung-008-200x300.jpg\",\"medium_large\":\"https:\\\/\\\/www.mramriswil.ch\\\/turnveteranen\\\/wp-content\\\/uploads\\\/sites\\\/2\\\/2022\\\/05\\\/20220518-tageswanderung-008-768x1152.jpg\",\"large\":\"https:\\\/\\\/www.mramriswil.ch\\\/turnveteranen\\\/wp-content\\\/uploads\\\/sites\\\/2\\\/2022\\\/05\\\/20220518-tageswanderung-008-682x1024.jpg\",\"1536x1536\":\"https:\\\/\\\/www.mramriswil.ch\\\/turnveteranen\\\/wp-content\\\/uploads\\\/sites\\\/2\\\/2022\\\/05\\\/20220518-tageswanderung-008.jpg\",\"2048x2048\":\"https:\\\/\\\/www.mramriswil.ch\\\/turnveteranen\\\/wp-content\\\/uploads\\\/sites\\\/2\\\/2022\\\/05\\\/20220518-tageswanderung-008.jpg\",\"post-thumbnail\":\"https:\\\/\\\/www.mramriswil.ch\\\/turnveteranen\\\/wp-content\\\/uploads\\\/sites\\\/2\\\/2022\\\/05\\\/20220518-tageswanderung-008-100x150.jpg\",\"entry\":\"https:\\\/\\\/www.mramriswil.ch\\\/turnveteranen\\\/wp-content\\\/uploads\\\/sites\\\/2\\\/2022\\\/05\\\/20220518-tageswanderung-008.jpg\",\"entry-cropped\":\"https:\\\/\\\/www.mramriswil.ch\\\/turnveteranen\\\/wp-content\\\/uploads\\\/sites\\\/2\\\/2022\\\/05\\\/20220518-tageswanderung-008-853x482.jpg\",\"entry-fullwidth\":\"https:\\\/\\\/www.mramriswil.ch\\\/turnveteranen\\\/wp-content\\\/uploads\\\/sites\\\/2\\\/2022\\\/05\\\/20220518-tageswanderung-008.jpg\",\"entry-cropped-fullwidth\":\"https:\\\/\\\/www.mramriswil.ch\\\/turnveteranen\\\/wp-content\\\/uploads\\\/sites\\\/2\\\/2022\\\/05\\\/20220518-tageswanderung-008-853x654.jpg\",\"full\":\"https:\\\/\\\/www.mramriswil.ch\\\/turnveteranen\\\/wp-content\\\/uploads\\\/sites\\\/2\\\/2022\\\/05\\\/20220518-tageswanderung-008.jpg\",\"index\":7,\"id\":1073,\"video\":false,\"opts\":{\"caption\":\"\",\"thumb\":\"https:\\\/\\\/www.mramriswil.ch\\\/turnveteranen\\\/wp-content\\\/uploads\\\/sites\\\/2\\\/2022\\\/05\\\/20220518-tageswanderung-008-75x50_c.jpg\",\"title\":\"20220518-tageswanderung-008\"},\"gallery_id\":\"1065\"},{\"status\":\"active\",\"src\":\"https:\\\/\\\/www.mramriswil.ch\\\/turnveteranen\\\/wp-content\\\/uploads\\\/sites\\\/2\\\/2022\\\/05\\\/20220518-tageswanderung-009.jpg\",\"title\":\"20220518-tageswanderung-009\",\"link\":\"https:\\\/\\\/www.mramriswil.ch\\\/turnveteranen\\\/wp-content\\\/uploads\\\/sites\\\/2\\\/2022\\\/05\\\/20220518-tageswanderung-009.jpg\",\"alt\":\"\",\"caption\":false,\"thumb\":\"https:\\\/\\\/www.mramriswil.ch\\\/turnveteranen\\\/wp-content\\\/uploads\\\/sites\\\/2\\\/2022\\\/05\\\/20220518-tageswanderung-009-75x50_c.jpg\",\"meta\":{\"aperture\":\"10\",\"credit\":\"Picasa\",\"camera\":\"NIKON D3300\",\"caption\":\"\",\"created_timestamp\":\"1652783444\",\"copyright\":null,\"focal_length\":\"55\",\"iso\":\"200\",\"shutter_speed\":\"0.0025\",\"title\":\"\",\"orientation\":null,\"keywords\":null,\"resized_images\":null},\"thumbnail\":\"https:\\\/\\\/www.mramriswil.ch\\\/turnveteranen\\\/wp-content\\\/uploads\\\/sites\\\/2\\\/2022\\\/05\\\/20220518-tageswanderung-009-150x150.jpg\",\"medium\":\"https:\\\/\\\/www.mramriswil.ch\\\/turnveteranen\\\/wp-content\\\/uploads\\\/sites\\\/2\\\/2022\\\/05\\\/20220518-tageswanderung-009-200x300.jpg\",\"medium_large\":\"https:\\\/\\\/www.mramriswil.ch\\\/turnveteranen\\\/wp-content\\\/uploads\\\/sites\\\/2\\\/2022\\\/05\\\/20220518-tageswanderung-009-768x1152.jpg\",\"large\":\"https:\\\/\\\/www.mramriswil.ch\\\/turnveteranen\\\/wp-content\\\/uploads\\\/sites\\\/2\\\/2022\\\/05\\\/20220518-tageswanderung-009-682x1024.jpg\",\"1536x1536\":\"https:\\\/\\\/www.mramriswil.ch\\\/turnveteranen\\\/wp-content\\\/uploads\\\/sites\\\/2\\\/2022\\\/05\\\/20220518-tageswanderung-009.jpg\",\"2048x2048\":\"https:\\\/\\\/www.mramriswil.ch\\\/turnveteranen\\\/wp-content\\\/uploads\\\/sites\\\/2\\\/2022\\\/05\\\/20220518-tageswanderung-009.jpg\",\"post-thumbnail\":\"https:\\\/\\\/www.mramriswil.ch\\\/turnveteranen\\\/wp-content\\\/uploads\\\/sites\\\/2\\\/2022\\\/05\\\/20220518-tageswanderung-009-100x150.jpg\",\"entry\":\"https:\\\/\\\/www.mramriswil.ch\\\/turnveteranen\\\/wp-content\\\/uploads\\\/sites\\\/2\\\/2022\\\/05\\\/20220518-tageswanderung-009.jpg\",\"entry-cropped\":\"https:\\\/\\\/www.mramriswil.ch\\\/turnveteranen\\\/wp-content\\\/uploads\\\/sites\\\/2\\\/2022\\\/05\\\/20220518-tageswanderung-009-853x482.jpg\",\"entry-fullwidth\":\"https:\\\/\\\/www.mramriswil.ch\\\/turnveteranen\\\/wp-content\\\/uploads\\\/sites\\\/2\\\/2022\\\/05\\\/20220518-tageswanderung-009.jpg\",\"entry-cropped-fullwidth\":\"https:\\\/\\\/www.mramriswil.ch\\\/turnveteranen\\\/wp-content\\\/uploads\\\/sites\\\/2\\\/2022\\\/05\\\/20220518-tageswanderung-009-853x654.jpg\",\"full\":\"https:\\\/\\\/www.mramriswil.ch\\\/turnveteranen\\\/wp-content\\\/uploads\\\/sites\\\/2\\\/2022\\\/05\\\/20220518-tageswanderung-009.jpg\",\"index\":8,\"id\":1074,\"video\":false,\"opts\":{\"caption\":\"\",\"thumb\":\"https:\\\/\\\/www.mramriswil.ch\\\/turnveteranen\\\/wp-content\\\/uploads\\\/sites\\\/2\\\/2022\\\/05\\\/20220518-tageswanderung-009-75x50_c.jpg\",\"title\":\"20220518-tageswanderung-009\"},\"gallery_id\":\"1065\"},{\"status\":\"active\",\"src\":\"https:\\\/\\\/www.mramriswil.ch\\\/turnveteranen\\\/wp-content\\\/uploads\\\/sites\\\/2\\\/2022\\\/05\\\/20220518-tageswanderung-010.jpg\",\"title\":\"20220518-tageswanderung-010\",\"link\":\"https:\\\/\\\/www.mramriswil.ch\\\/turnveteranen\\\/wp-content\\\/uploads\\\/sites\\\/2\\\/2022\\\/05\\\/20220518-tageswanderung-010.jpg\",\"alt\":\"\",\"caption\":false,\"thumb\":\"https:\\\/\\\/www.mramriswil.ch\\\/turnveteranen\\\/wp-content\\\/uploads\\\/sites\\\/2\\\/2022\\\/05\\\/20220518-tageswanderung-010-75x50_c.jpg\",\"meta\":{\"aperture\":\"9\",\"credit\":\"Picasa\",\"camera\":\"NIKON D3300\",\"caption\":\"\",\"created_timestamp\":\"1652783661\",\"copyright\":null,\"focal_length\":\"40\",\"iso\":\"200\",\"shutter_speed\":\"0.003125\",\"title\":\"\",\"orientation\":null,\"keywords\":null,\"resized_images\":null},\"thumbnail\":\"https:\\\/\\\/www.mramriswil.ch\\\/turnveteranen\\\/wp-content\\\/uploads\\\/sites\\\/2\\\/2022\\\/05\\\/20220518-tageswanderung-010-150x150.jpg\",\"medium\":\"https:\\\/\\\/www.mramriswil.ch\\\/turnveteranen\\\/wp-content\\\/uploads\\\/sites\\\/2\\\/2022\\\/05\\\/20220518-tageswanderung-010-200x300.jpg\",\"medium_large\":\"https:\\\/\\\/www.mramriswil.ch\\\/turnveteranen\\\/wp-content\\\/uploads\\\/sites\\\/2\\\/2022\\\/05\\\/20220518-tageswanderung-010-768x1152.jpg\",\"large\":\"https:\\\/\\\/www.mramriswil.ch\\\/turnveteranen\\\/wp-content\\\/uploads\\\/sites\\\/2\\\/2022\\\/05\\\/20220518-tageswanderung-010-682x1024.jpg\",\"1536x1536\":\"https:\\\/\\\/www.mramriswil.ch\\\/turnveteranen\\\/wp-content\\\/uploads\\\/sites\\\/2\\\/2022\\\/05\\\/20220518-tageswanderung-010.jpg\",\"2048x2048\":\"https:\\\/\\\/www.mramriswil.ch\\\/turnveteranen\\\/wp-content\\\/uploads\\\/sites\\\/2\\\/2022\\\/05\\\/20220518-tageswanderung-010.jpg\",\"post-thumbnail\":\"https:\\\/\\\/www.mramriswil.ch\\\/turnveteranen\\\/wp-content\\\/uploads\\\/sites\\\/2\\\/2022\\\/05\\\/20220518-tageswanderung-010-100x150.jpg\",\"entry\":\"https:\\\/\\\/www.mramriswil.ch\\\/turnveteranen\\\/wp-content\\\/uploads\\\/sites\\\/2\\\/2022\\\/05\\\/20220518-tageswanderung-010.jpg\",\"entry-cropped\":\"https:\\\/\\\/www.mramriswil.ch\\\/turnveteranen\\\/wp-content\\\/uploads\\\/sites\\\/2\\\/2022\\\/05\\\/20220518-tageswanderung-010-853x482.jpg\",\"entry-fullwidth\":\"https:\\\/\\\/www.mramriswil.ch\\\/turnveteranen\\\/wp-content\\\/uploads\\\/sites\\\/2\\\/2022\\\/05\\\/20220518-tageswanderung-010.jpg\",\"entry-cropped-fullwidth\":\"https:\\\/\\\/www.mramriswil.ch\\\/turnveteranen\\\/wp-content\\\/uploads\\\/sites\\\/2\\\/2022\\\/05\\\/20220518-tageswanderung-010-853x654.jpg\",\"full\":\"https:\\\/\\\/www.mramriswil.ch\\\/turnveteranen\\\/wp-content\\\/uploads\\\/sites\\\/2\\\/2022\\\/05\\\/20220518-tageswanderung-010.jpg\",\"index\":9,\"id\":1075,\"video\":false,\"opts\":{\"caption\":\"\",\"thumb\":\"https:\\\/\\\/www.mramriswil.ch\\\/turnveteranen\\\/wp-content\\\/uploads\\\/sites\\\/2\\\/2022\\\/05\\\/20220518-tageswanderung-010-75x50_c.jpg\",\"title\":\"20220518-tageswanderung-010\"},\"gallery_id\":\"1065\"},{\"status\":\"active\",\"src\":\"https:\\\/\\\/www.mramriswil.ch\\\/turnveteranen\\\/wp-content\\\/uploads\\\/sites\\\/2\\\/2022\\\/05\\\/20220518-tageswanderung-011.jpg\",\"title\":\"20220518-tageswanderung-011\",\"link\":\"https:\\\/\\\/www.mramriswil.ch\\\/turnveteranen\\\/wp-content\\\/uploads\\\/sites\\\/2\\\/2022\\\/05\\\/20220518-tageswanderung-011.jpg\",\"alt\":\"\",\"caption\":false,\"thumb\":\"https:\\\/\\\/www.mramriswil.ch\\\/turnveteranen\\\/wp-content\\\/uploads\\\/sites\\\/2\\\/2022\\\/05\\\/20220518-tageswanderung-011-75x50_c.jpg\",\"meta\":{\"aperture\":\"9\",\"credit\":\"Picasa\",\"camera\":\"NIKON D3300\",\"caption\":\"\",\"created_timestamp\":\"1652783693\",\"copyright\":null,\"focal_length\":\"55\",\"iso\":\"200\",\"shutter_speed\":\"0.003125\",\"title\":\"\",\"orientation\":null,\"keywords\":null,\"resized_images\":null},\"thumbnail\":\"https:\\\/\\\/www.mramriswil.ch\\\/turnveteranen\\\/wp-content\\\/uploads\\\/sites\\\/2\\\/2022\\\/05\\\/20220518-tageswanderung-011-150x150.jpg\",\"medium\":\"https:\\\/\\\/www.mramriswil.ch\\\/turnveteranen\\\/wp-content\\\/uploads\\\/sites\\\/2\\\/2022\\\/05\\\/20220518-tageswanderung-011-200x300.jpg\",\"medium_large\":\"https:\\\/\\\/www.mramriswil.ch\\\/turnveteranen\\\/wp-content\\\/uploads\\\/sites\\\/2\\\/2022\\\/05\\\/20220518-tageswanderung-011-768x1152.jpg\",\"large\":\"https:\\\/\\\/www.mramriswil.ch\\\/turnveteranen\\\/wp-content\\\/uploads\\\/sites\\\/2\\\/2022\\\/05\\\/20220518-tageswanderung-011-682x1024.jpg\",\"1536x1536\":\"https:\\\/\\\/www.mramriswil.ch\\\/turnveteranen\\\/wp-content\\\/uploads\\\/sites\\\/2\\\/2022\\\/05\\\/20220518-tageswanderung-011.jpg\",\"2048x2048\":\"https:\\\/\\\/www.mramriswil.ch\\\/turnveteranen\\\/wp-content\\\/uploads\\\/sites\\\/2\\\/2022\\\/05\\\/20220518-tageswanderung-011.jpg\",\"post-thumbnail\":\"https:\\\/\\\/www.mramriswil.ch\\\/turnveteranen\\\/wp-content\\\/uploads\\\/sites\\\/2\\\/2022\\\/05\\\/20220518-tageswanderung-011-100x150.jpg\",\"entry\":\"https:\\\/\\\/www.mramriswil.ch\\\/turnveteranen\\\/wp-content\\\/uploads\\\/sites\\\/2\\\/2022\\\/05\\\/20220518-tageswanderung-011.jpg\",\"entry-cropped\":\"https:\\\/\\\/www.mramriswil.ch\\\/turnveteranen\\\/wp-content\\\/uploads\\\/sites\\\/2\\\/2022\\\/05\\\/20220518-tageswanderung-011-853x482.jpg\",\"entry-fullwidth\":\"https:\\\/\\\/www.mramriswil.ch\\\/turnveteranen\\\/wp-content\\\/uploads\\\/sites\\\/2\\\/2022\\\/05\\\/20220518-tageswanderung-011.jpg\",\"entry-cropped-fullwidth\":\"https:\\\/\\\/www.mramriswil.ch\\\/turnveteranen\\\/wp-content\\\/uploads\\\/sites\\\/2\\\/2022\\\/05\\\/20220518-tageswanderung-011-853x654.jpg\",\"full\":\"https:\\\/\\\/www.mramriswil.ch\\\/turnveteranen\\\/wp-content\\\/uploads\\\/sites\\\/2\\\/2022\\\/05\\\/20220518-tageswanderung-011.jpg\",\"index\":10,\"id\":1076,\"video\":false,\"opts\":{\"caption\":\"\",\"thumb\":\"https:\\\/\\\/www.mramriswil.ch\\\/turnveteranen\\\/wp-content\\\/uploads\\\/sites\\\/2\\\/2022\\\/05\\\/20220518-tageswanderung-011-75x50_c.jpg\",\"title\":\"20220518-tageswanderung-011\"},\"gallery_id\":\"1065\"},{\"status\":\"active\",\"src\":\"https:\\\/\\\/www.mramriswil.ch\\\/turnveteranen\\\/wp-content\\\/uploads\\\/sites\\\/2\\\/2022\\\/05\\\/20220518-tageswanderung-012.jpg\",\"title\":\"20220518-tageswanderung-012\",\"link\":\"https:\\\/\\\/www.mramriswil.ch\\\/turnveteranen\\\/wp-content\\\/uploads\\\/sites\\\/2\\\/2022\\\/05\\\/20220518-tageswanderung-012.jpg\",\"alt\":\"\",\"caption\":false,\"thumb\":\"https:\\\/\\\/www.mramriswil.ch\\\/turnveteranen\\\/wp-content\\\/uploads\\\/sites\\\/2\\\/2022\\\/05\\\/20220518-tageswanderung-012-75x50_c.jpg\",\"meta\":{\"aperture\":\"9\",\"credit\":null,\"camera\":\"NIKON D3300\",\"caption\":\"\",\"created_timestamp\":\"1652785294\",\"copyright\":null,\"focal_length\":\"24\",\"iso\":\"200\",\"shutter_speed\":\"0.003125\",\"title\":\"\",\"orientation\":\"1\",\"keywords\":null,\"resized_images\":null},\"thumbnail\":\"https:\\\/\\\/www.mramriswil.ch\\\/turnveteranen\\\/wp-content\\\/uploads\\\/sites\\\/2\\\/2022\\\/05\\\/20220518-tageswanderung-012-150x150.jpg\",\"medium\":\"https:\\\/\\\/www.mramriswil.ch\\\/turnveteranen\\\/wp-content\\\/uploads\\\/sites\\\/2\\\/2022\\\/05\\\/20220518-tageswanderung-012-300x200.jpg\",\"medium_large\":\"https:\\\/\\\/www.mramriswil.ch\\\/turnveteranen\\\/wp-content\\\/uploads\\\/sites\\\/2\\\/2022\\\/05\\\/20220518-tageswanderung-012-768x512.jpg\",\"large\":\"https:\\\/\\\/www.mramriswil.ch\\\/turnveteranen\\\/wp-content\\\/uploads\\\/sites\\\/2\\\/2022\\\/05\\\/20220518-tageswanderung-012-1024x682.jpg\",\"1536x1536\":\"https:\\\/\\\/www.mramriswil.ch\\\/turnveteranen\\\/wp-content\\\/uploads\\\/sites\\\/2\\\/2022\\\/05\\\/20220518-tageswanderung-012.jpg\",\"2048x2048\":\"https:\\\/\\\/www.mramriswil.ch\\\/turnveteranen\\\/wp-content\\\/uploads\\\/sites\\\/2\\\/2022\\\/05\\\/20220518-tageswanderung-012.jpg\",\"post-thumbnail\":\"https:\\\/\\\/www.mramriswil.ch\\\/turnveteranen\\\/wp-content\\\/uploads\\\/sites\\\/2\\\/2022\\\/05\\\/20220518-tageswanderung-012-100x67.jpg\",\"entry\":\"https:\\\/\\\/www.mramriswil.ch\\\/turnveteranen\\\/wp-content\\\/uploads\\\/sites\\\/2\\\/2022\\\/05\\\/20220518-tageswanderung-012-862x574.jpg\",\"entry-cropped\":\"https:\\\/\\\/www.mramriswil.ch\\\/turnveteranen\\\/wp-content\\\/uploads\\\/sites\\\/2\\\/2022\\\/05\\\/20220518-tageswanderung-012-862x482.jpg\",\"entry-fullwidth\":\"https:\\\/\\\/www.mramriswil.ch\\\/turnveteranen\\\/wp-content\\\/uploads\\\/sites\\\/2\\\/2022\\\/05\\\/20220518-tageswanderung-012-1170x780.jpg\",\"entry-cropped-fullwidth\":\"https:\\\/\\\/www.mramriswil.ch\\\/turnveteranen\\\/wp-content\\\/uploads\\\/sites\\\/2\\\/2022\\\/05\\\/20220518-tageswanderung-012-1170x654.jpg\",\"full\":\"https:\\\/\\\/www.mramriswil.ch\\\/turnveteranen\\\/wp-content\\\/uploads\\\/sites\\\/2\\\/2022\\\/05\\\/20220518-tageswanderung-012.jpg\",\"index\":11,\"id\":1077,\"video\":false,\"opts\":{\"caption\":\"\",\"thumb\":\"https:\\\/\\\/www.mramriswil.ch\\\/turnveteranen\\\/wp-content\\\/uploads\\\/sites\\\/2\\\/2022\\\/05\\\/20220518-tageswanderung-012-75x50_c.jpg\",\"title\":\"20220518-tageswanderung-012\"},\"gallery_id\":\"1065\"},{\"status\":\"active\",\"src\":\"https:\\\/\\\/www.mramriswil.ch\\\/turnveteranen\\\/wp-content\\\/uploads\\\/sites\\\/2\\\/2022\\\/05\\\/20220518-tageswanderung-013.jpg\",\"title\":\"20220518-tageswanderung-013\",\"link\":\"https:\\\/\\\/www.mramriswil.ch\\\/turnveteranen\\\/wp-content\\\/uploads\\\/sites\\\/2\\\/2022\\\/05\\\/20220518-tageswanderung-013.jpg\",\"alt\":\"\",\"caption\":false,\"thumb\":\"https:\\\/\\\/www.mramriswil.ch\\\/turnveteranen\\\/wp-content\\\/uploads\\\/sites\\\/2\\\/2022\\\/05\\\/20220518-tageswanderung-013-75x50_c.jpg\",\"meta\":{\"aperture\":\"10\",\"credit\":null,\"camera\":\"NIKON D3300\",\"caption\":\"\",\"created_timestamp\":\"1652785316\",\"copyright\":null,\"focal_length\":\"55\",\"iso\":\"200\",\"shutter_speed\":\"0.0025\",\"title\":\"\",\"orientation\":\"1\",\"keywords\":null,\"resized_images\":null},\"thumbnail\":\"https:\\\/\\\/www.mramriswil.ch\\\/turnveteranen\\\/wp-content\\\/uploads\\\/sites\\\/2\\\/2022\\\/05\\\/20220518-tageswanderung-013-150x150.jpg\",\"medium\":\"https:\\\/\\\/www.mramriswil.ch\\\/turnveteranen\\\/wp-content\\\/uploads\\\/sites\\\/2\\\/2022\\\/05\\\/20220518-tageswanderung-013-300x200.jpg\",\"medium_large\":\"https:\\\/\\\/www.mramriswil.ch\\\/turnveteranen\\\/wp-content\\\/uploads\\\/sites\\\/2\\\/2022\\\/05\\\/20220518-tageswanderung-013-768x512.jpg\",\"large\":\"https:\\\/\\\/www.mramriswil.ch\\\/turnveteranen\\\/wp-content\\\/uploads\\\/sites\\\/2\\\/2022\\\/05\\\/20220518-tageswanderung-013-1024x682.jpg\",\"1536x1536\":\"https:\\\/\\\/www.mramriswil.ch\\\/turnveteranen\\\/wp-content\\\/uploads\\\/sites\\\/2\\\/2022\\\/05\\\/20220518-tageswanderung-013.jpg\",\"2048x2048\":\"https:\\\/\\\/www.mramriswil.ch\\\/turnveteranen\\\/wp-content\\\/uploads\\\/sites\\\/2\\\/2022\\\/05\\\/20220518-tageswanderung-013.jpg\",\"post-thumbnail\":\"https:\\\/\\\/www.mramriswil.ch\\\/turnveteranen\\\/wp-content\\\/uploads\\\/sites\\\/2\\\/2022\\\/05\\\/20220518-tageswanderung-013-100x67.jpg\",\"entry\":\"https:\\\/\\\/www.mramriswil.ch\\\/turnveteranen\\\/wp-content\\\/uploads\\\/sites\\\/2\\\/2022\\\/05\\\/20220518-tageswanderung-013-862x574.jpg\",\"entry-cropped\":\"https:\\\/\\\/www.mramriswil.ch\\\/turnveteranen\\\/wp-content\\\/uploads\\\/sites\\\/2\\\/2022\\\/05\\\/20220518-tageswanderung-013-862x482.jpg\",\"entry-fullwidth\":\"https:\\\/\\\/www.mramriswil.ch\\\/turnveteranen\\\/wp-content\\\/uploads\\\/sites\\\/2\\\/2022\\\/05\\\/20220518-tageswanderung-013-1170x780.jpg\",\"entry-cropped-fullwidth\":\"https:\\\/\\\/www.mramriswil.ch\\\/turnveteranen\\\/wp-content\\\/uploads\\\/sites\\\/2\\\/2022\\\/05\\\/20220518-tageswanderung-013-1170x654.jpg\",\"full\":\"https:\\\/\\\/www.mramriswil.ch\\\/turnveteranen\\\/wp-content\\\/uploads\\\/sites\\\/2\\\/2022\\\/05\\\/20220518-tageswanderung-013.jpg\",\"index\":12,\"id\":1078,\"video\":false,\"opts\":{\"caption\":\"\",\"thumb\":\"https:\\\/\\\/www.mramriswil.ch\\\/turnveteranen\\\/wp-content\\\/uploads\\\/sites\\\/2\\\/2022\\\/05\\\/20220518-tageswanderung-013-75x50_c.jpg\",\"title\":\"20220518-tageswanderung-013\"},\"gallery_id\":\"1065\"},{\"status\":\"active\",\"src\":\"https:\\\/\\\/www.mramriswil.ch\\\/turnveteranen\\\/wp-content\\\/uploads\\\/sites\\\/2\\\/2022\\\/05\\\/20220518-tageswanderung-014.jpg\",\"title\":\"20220518-tageswanderung-014\",\"link\":\"https:\\\/\\\/www.mramriswil.ch\\\/turnveteranen\\\/wp-content\\\/uploads\\\/sites\\\/2\\\/2022\\\/05\\\/20220518-tageswanderung-014.jpg\",\"alt\":\"\",\"caption\":false,\"thumb\":\"https:\\\/\\\/www.mramriswil.ch\\\/turnveteranen\\\/wp-content\\\/uploads\\\/sites\\\/2\\\/2022\\\/05\\\/20220518-tageswanderung-014-75x50_c.jpg\",\"meta\":{\"aperture\":\"6.3\",\"credit\":\"Picasa\",\"camera\":\"NIKON D3300\",\"caption\":\"\",\"created_timestamp\":\"1652787189\",\"copyright\":null,\"focal_length\":\"40\",\"iso\":\"100\",\"shutter_speed\":\"0.00625\",\"title\":\"\",\"orientation\":null,\"keywords\":null,\"resized_images\":null},\"thumbnail\":\"https:\\\/\\\/www.mramriswil.ch\\\/turnveteranen\\\/wp-content\\\/uploads\\\/sites\\\/2\\\/2022\\\/05\\\/20220518-tageswanderung-014-150x150.jpg\",\"medium\":\"https:\\\/\\\/www.mramriswil.ch\\\/turnveteranen\\\/wp-content\\\/uploads\\\/sites\\\/2\\\/2022\\\/05\\\/20220518-tageswanderung-014-200x300.jpg\",\"medium_large\":\"https:\\\/\\\/www.mramriswil.ch\\\/turnveteranen\\\/wp-content\\\/uploads\\\/sites\\\/2\\\/2022\\\/05\\\/20220518-tageswanderung-014-768x1152.jpg\",\"large\":\"https:\\\/\\\/www.mramriswil.ch\\\/turnveteranen\\\/wp-content\\\/uploads\\\/sites\\\/2\\\/2022\\\/05\\\/20220518-tageswanderung-014-682x1024.jpg\",\"1536x1536\":\"https:\\\/\\\/www.mramriswil.ch\\\/turnveteranen\\\/wp-content\\\/uploads\\\/sites\\\/2\\\/2022\\\/05\\\/20220518-tageswanderung-014.jpg\",\"2048x2048\":\"https:\\\/\\\/www.mramriswil.ch\\\/turnveteranen\\\/wp-content\\\/uploads\\\/sites\\\/2\\\/2022\\\/05\\\/20220518-tageswanderung-014.jpg\",\"post-thumbnail\":\"https:\\\/\\\/www.mramriswil.ch\\\/turnveteranen\\\/wp-content\\\/uploads\\\/sites\\\/2\\\/2022\\\/05\\\/20220518-tageswanderung-014-100x150.jpg\",\"entry\":\"https:\\\/\\\/www.mramriswil.ch\\\/turnveteranen\\\/wp-content\\\/uploads\\\/sites\\\/2\\\/2022\\\/05\\\/20220518-tageswanderung-014.jpg\",\"entry-cropped\":\"https:\\\/\\\/www.mramriswil.ch\\\/turnveteranen\\\/wp-content\\\/uploads\\\/sites\\\/2\\\/2022\\\/05\\\/20220518-tageswanderung-014-853x482.jpg\",\"entry-fullwidth\":\"https:\\\/\\\/www.mramriswil.ch\\\/turnveteranen\\\/wp-content\\\/uploads\\\/sites\\\/2\\\/2022\\\/05\\\/20220518-tageswanderung-014.jpg\",\"entry-cropped-fullwidth\":\"https:\\\/\\\/www.mramriswil.ch\\\/turnveteranen\\\/wp-content\\\/uploads\\\/sites\\\/2\\\/2022\\\/05\\\/20220518-tageswanderung-014-853x654.jpg\",\"full\":\"https:\\\/\\\/www.mramriswil.ch\\\/turnveteranen\\\/wp-content\\\/uploads\\\/sites\\\/2\\\/2022\\\/05\\\/20220518-tageswanderung-014.jpg\",\"index\":13,\"id\":1079,\"video\":false,\"opts\":{\"caption\":\"\",\"thumb\":\"https:\\\/\\\/www.mramriswil.ch\\\/turnveteranen\\\/wp-content\\\/uploads\\\/sites\\\/2\\\/2022\\\/05\\\/20220518-tageswanderung-014-75x50_c.jpg\",\"title\":\"20220518-tageswanderung-014\"},\"gallery_id\":\"1065\"},{\"status\":\"active\",\"src\":\"https:\\\/\\\/www.mramriswil.ch\\\/turnveteranen\\\/wp-content\\\/uploads\\\/sites\\\/2\\\/2022\\\/05\\\/20220518-tageswanderung-015.jpg\",\"title\":\"20220518-tageswanderung-015\",\"link\":\"https:\\\/\\\/www.mramriswil.ch\\\/turnveteranen\\\/wp-content\\\/uploads\\\/sites\\\/2\\\/2022\\\/05\\\/20220518-tageswanderung-015.jpg\",\"alt\":\"\",\"caption\":false,\"thumb\":\"https:\\\/\\\/www.mramriswil.ch\\\/turnveteranen\\\/wp-content\\\/uploads\\\/sites\\\/2\\\/2022\\\/05\\\/20220518-tageswanderung-015-75x50_c.jpg\",\"meta\":{\"aperture\":\"6.3\",\"credit\":null,\"camera\":\"NIKON D3300\",\"caption\":\"\",\"created_timestamp\":\"1652787676\",\"copyright\":null,\"focal_length\":\"26\",\"iso\":\"400\",\"shutter_speed\":\"0.000625\",\"title\":\"\",\"orientation\":\"1\",\"keywords\":null,\"resized_images\":null},\"thumbnail\":\"https:\\\/\\\/www.mramriswil.ch\\\/turnveteranen\\\/wp-content\\\/uploads\\\/sites\\\/2\\\/2022\\\/05\\\/20220518-tageswanderung-015-150x150.jpg\",\"medium\":\"https:\\\/\\\/www.mramriswil.ch\\\/turnveteranen\\\/wp-content\\\/uploads\\\/sites\\\/2\\\/2022\\\/05\\\/20220518-tageswanderung-015-300x200.jpg\",\"medium_large\":\"https:\\\/\\\/www.mramriswil.ch\\\/turnveteranen\\\/wp-content\\\/uploads\\\/sites\\\/2\\\/2022\\\/05\\\/20220518-tageswanderung-015-768x512.jpg\",\"large\":\"https:\\\/\\\/www.mramriswil.ch\\\/turnveteranen\\\/wp-content\\\/uploads\\\/sites\\\/2\\\/2022\\\/05\\\/20220518-tageswanderung-015-1024x682.jpg\",\"1536x1536\":\"https:\\\/\\\/www.mramriswil.ch\\\/turnveteranen\\\/wp-content\\\/uploads\\\/sites\\\/2\\\/2022\\\/05\\\/20220518-tageswanderung-015.jpg\",\"2048x2048\":\"https:\\\/\\\/www.mramriswil.ch\\\/turnveteranen\\\/wp-content\\\/uploads\\\/sites\\\/2\\\/2022\\\/05\\\/20220518-tageswanderung-015.jpg\",\"post-thumbnail\":\"https:\\\/\\\/www.mramriswil.ch\\\/turnveteranen\\\/wp-content\\\/uploads\\\/sites\\\/2\\\/2022\\\/05\\\/20220518-tageswanderung-015-100x67.jpg\",\"entry\":\"https:\\\/\\\/www.mramriswil.ch\\\/turnveteranen\\\/wp-content\\\/uploads\\\/sites\\\/2\\\/2022\\\/05\\\/20220518-tageswanderung-015-862x574.jpg\",\"entry-cropped\":\"https:\\\/\\\/www.mramriswil.ch\\\/turnveteranen\\\/wp-content\\\/uploads\\\/sites\\\/2\\\/2022\\\/05\\\/20220518-tageswanderung-015-862x482.jpg\",\"entry-fullwidth\":\"https:\\\/\\\/www.mramriswil.ch\\\/turnveteranen\\\/wp-content\\\/uploads\\\/sites\\\/2\\\/2022\\\/05\\\/20220518-tageswanderung-015-1170x780.jpg\",\"entry-cropped-fullwidth\":\"https:\\\/\\\/www.mramriswil.ch\\\/turnveteranen\\\/wp-content\\\/uploads\\\/sites\\\/2\\\/2022\\\/05\\\/20220518-tageswanderung-015-1170x654.jpg\",\"full\":\"https:\\\/\\\/www.mramriswil.ch\\\/turnveteranen\\\/wp-content\\\/uploads\\\/sites\\\/2\\\/2022\\\/05\\\/20220518-tageswanderung-015.jpg\",\"index\":14,\"id\":1080,\"video\":false,\"opts\":{\"caption\":\"\",\"thumb\":\"https:\\\/\\\/www.mramriswil.ch\\\/turnveteranen\\\/wp-content\\\/uploads\\\/sites\\\/2\\\/2022\\\/05\\\/20220518-tageswanderung-015-75x50_c.jpg\",\"title\":\"20220518-tageswanderung-015\"},\"gallery_id\":\"1065\"}]' data-lightbox-theme='{&quot;arrows&quot;:true,&quot;margins&quot;:[10,0],&quot;gutter&quot;:&quot;100&quot;,&quot;thumbs_position&quot;:&quot;bottom&quot;,&quot;base_template&quot;:&quot;&lt;div id=\\&quot;envirabox-1065\\&quot; data-envirabox-id=\\&quot;1065\\&quot; class=\\&quot;envirabox-container envirabox-theme-base_dark envirabox-wrap\\&quot; role=\\&quot;dialog\\&quot;&gt;&lt;div class=\\&quot;envirabox-bg\\&quot;&gt;&lt;\\\/div&gt;&lt;div class=\\&quot;envirabox-outer\\&quot;&gt;&lt;div class=\\&quot;envirabox-inner\\&quot;&gt;&lt;div class=\\&quot;envirabox-caption-wrap\\&quot;&gt;&lt;div class=\\&quot;envirabox-title\\&quot;&gt;&lt;\\\/div&gt;&lt;\\\/div&gt;&lt;div class=\\&quot;envirabox-toolbar\\&quot;&gt;&lt;div class=\\&quot;envira-close-button\\&quot;&gt;&lt;a data-envirabox-close class=\\&quot;envirabox-item envirabox-close envirabox-button--close\\&quot; title=\\&quot;Close\\&quot; href=\\&quot;#\\&quot;&gt;&lt;\\\/a&gt;&lt;\\\/div&gt;&lt;\\\/div&gt;&lt;div class=\\&quot;envirabox-navigation\\&quot;&gt;&lt;a data-envirabox-prev title=\\&quot;Prev\\&quot; class=\\&quot;envirabox-arrow envirabox-arrow--left envirabox-nav envirabox-prev\\&quot; href=\\&quot;#\\&quot;&gt;&lt;span&gt;&lt;\\\/span&gt;&lt;\\\/a&gt;&lt;a data-envirabox-next title=\\&quot;Next\\&quot; class=\\&quot;envirabox-arrow envirabox-arrow--right envirabox-nav envirabox-next\\&quot; href=\\&quot;#\\&quot;&gt;&lt;span&gt;&lt;\\\/span&gt;&lt;\\\/a&gt;&lt;\\\/div&gt;&lt;div class=\\&quot;envirabox-stage\\&quot;&gt;&lt;\\\/div&gt;&lt;\\\/div&gt;&lt;\\\/div&gt;&lt;\\\/div&gt;&quot;,&quot;load_all&quot;:false,&quot;error_template&quot;:&quot;&lt;div class=\\&quot;envirabox-error\\&quot;&gt;&lt;p&gt;{{ERROR}}&lt;p&gt;&lt;\\\/div&gt;&quot;,&quot;inner_caption&quot;:false,&quot;caption_position&quot;:false,&quot;arrow_position&quot;:false,&quot;toolbar&quot;:true,&quot;infobar&quot;:false,&quot;show_smallbtn&quot;:false,&quot;idle_time&quot;:false,&quot;click_content&quot;:false,&quot;click_slide&quot;:false,&quot;click_outside&quot;:false,&quot;animation_duration&quot;:false,&quot;transition_duration&quot;:false,&quot;small_btn_template&quot;:&quot;&lt;a data-envirabox-close class=\\&quot;envirabox-item envirabox-close envirabox-button--close\\&quot; title=\\&quot;Close\\&quot; href=\\&quot;#\\&quot;&gt;&lt;\\\/a&gt;&quot;}' data-parsed-attrs='{\"id\":\"1065\",\"cache\":true}'><div id=\"envira-gallery-item-1066\" class=\"envira-gallery-item envira-gallery-item-1 envira-lazy-load\" style=\"padding-left: 1px; padding-bottom: 1px; padding-right: 1px;\"  itemscope itemtype=\"https:\/\/schema.org\/ImageObject\"><div class=\"envira-gallery-item-inner\"><div class=\"envira-gallery-position-overlay envira-gallery-top-left\"><\/div><div class=\"envira-gallery-position-overlay envira-gallery-top-right\"><\/div><div class=\"envira-gallery-position-overlay envira-gallery-bottom-left\"><\/div><div class=\"envira-gallery-position-overlay envira-gallery-bottom-right\"><\/div><a class=\"envira-gallery-1065 envira-gallery-link\" href=\"https:\/\/www.mramriswil.ch\/turnveteranen\/wp-content\/uploads\/sites\/2\/2022\/05\/20220518-tageswanderung-001.jpg\" title=\"20220518-tageswanderung-001\" data-caption=\"\" data-envira-item-id=\"1066\" data-envira-retina=\"https:\/\/www.mramriswil.ch\/turnveteranen\/wp-content\/uploads\/sites\/2\/2022\/05\/20220518-tageswanderung-001.jpg\" data-thumb=\"https:\/\/www.mramriswil.ch\/turnveteranen\/wp-content\/uploads\/sites\/2\/2022\/05\/20220518-tageswanderung-001-75x50_c.jpg\" data-title=\"20220518-tageswanderung-001\" data-envirabox='1065' itemprop=\"contentUrl\"><img loading=\"lazy\" decoding=\"async\" src=\"https:\/\/www.mramriswil.ch\/turnveteranen\/wp-content\/uploads\/sites\/2\/2022\/05\/20220518-tageswanderung-001-862x574.jpg\" alt=\"\" class=\"envira-gallery-image envira-gallery-image-1    envira-lazy\" height=\"480\" id=\"envira-gallery-image-1066\" srcset=\"data:image\/gif;base64,R0lGODlhAQABAIAAAP\/\/\/\/\/\/\/yH5BAEKAAEALAAAAAABAAEAAAICTAEAOw==\" tabindex=\"-1\" title=\"20220518-tageswanderung-001\" width=\"640\" data-caption=\"\" data-envira-gallery-id=\"1065\" data-envira-index=\"0\" data-envira-item-id=\"1066\" data-envira-src=\"https:\/\/www.mramriswil.ch\/turnveteranen\/wp-content\/uploads\/sites\/2\/2022\/05\/20220518-tageswanderung-001-862x574.jpg\" data-envira-srcset=\"https:\/\/www.mramriswil.ch\/turnveteranen\/wp-content\/uploads\/sites\/2\/2022\/05\/20220518-tageswanderung-001-862x574.jpg 400w, https:\/\/www.mramriswil.ch\/turnveteranen\/wp-content\/uploads\/sites\/2\/2022\/05\/20220518-tageswanderung-001-862x574.jpg 2x\" data-title=\"20220518-tageswanderung-001\" itemprop=\"thumbnailUrl\"  data-envirabox=\"1065\" data-automatic-caption=\"\" data-envira-height=\"200\" data-envira-width=\"300\" \/><\/a><\/div><\/div><div id=\"envira-gallery-item-1067\" class=\"envira-gallery-item envira-gallery-item-2 envira-lazy-load\" style=\"padding-left: 1px; padding-bottom: 1px; padding-right: 1px;\"  itemscope itemtype=\"https:\/\/schema.org\/ImageObject\"><div class=\"envira-gallery-item-inner\"><div class=\"envira-gallery-position-overlay envira-gallery-top-left\"><\/div><div class=\"envira-gallery-position-overlay envira-gallery-top-right\"><\/div><div class=\"envira-gallery-position-overlay envira-gallery-bottom-left\"><\/div><div class=\"envira-gallery-position-overlay envira-gallery-bottom-right\"><\/div><a class=\"envira-gallery-1065 envira-gallery-link\" href=\"https:\/\/www.mramriswil.ch\/turnveteranen\/wp-content\/uploads\/sites\/2\/2022\/05\/20220518-tageswanderung-002.jpg\" title=\"20220518-tageswanderung-002\" data-caption=\"\" data-envira-item-id=\"1067\" data-envira-retina=\"https:\/\/www.mramriswil.ch\/turnveteranen\/wp-content\/uploads\/sites\/2\/2022\/05\/20220518-tageswanderung-002.jpg\" data-thumb=\"https:\/\/www.mramriswil.ch\/turnveteranen\/wp-content\/uploads\/sites\/2\/2022\/05\/20220518-tageswanderung-002-75x50_c.jpg\" data-title=\"20220518-tageswanderung-002\" data-envirabox='1065' itemprop=\"contentUrl\"><img loading=\"lazy\" decoding=\"async\" src=\"https:\/\/www.mramriswil.ch\/turnveteranen\/wp-content\/uploads\/sites\/2\/2022\/05\/20220518-tageswanderung-002-862x574.jpg\" alt=\"\" class=\"envira-gallery-image envira-gallery-image-2    envira-lazy\" height=\"480\" id=\"envira-gallery-image-1067\" srcset=\"data:image\/gif;base64,R0lGODlhAQABAIAAAP\/\/\/\/\/\/\/yH5BAEKAAEALAAAAAABAAEAAAICTAEAOw==\" tabindex=\"-1\" title=\"20220518-tageswanderung-002\" width=\"640\" data-caption=\"\" data-envira-gallery-id=\"1065\" data-envira-index=\"1\" data-envira-item-id=\"1067\" data-envira-src=\"https:\/\/www.mramriswil.ch\/turnveteranen\/wp-content\/uploads\/sites\/2\/2022\/05\/20220518-tageswanderung-002-862x574.jpg\" data-envira-srcset=\"https:\/\/www.mramriswil.ch\/turnveteranen\/wp-content\/uploads\/sites\/2\/2022\/05\/20220518-tageswanderung-002-862x574.jpg 400w, https:\/\/www.mramriswil.ch\/turnveteranen\/wp-content\/uploads\/sites\/2\/2022\/05\/20220518-tageswanderung-002-862x574.jpg 2x\" data-title=\"20220518-tageswanderung-002\" itemprop=\"thumbnailUrl\"  data-envirabox=\"1065\" data-automatic-caption=\"\" data-envira-height=\"200\" data-envira-width=\"300\" \/><\/a><\/div><\/div><div id=\"envira-gallery-item-1068\" class=\"envira-gallery-item envira-gallery-item-3 envira-lazy-load\" style=\"padding-left: 1px; padding-bottom: 1px; padding-right: 1px;\"  itemscope itemtype=\"https:\/\/schema.org\/ImageObject\"><div class=\"envira-gallery-item-inner\"><div class=\"envira-gallery-position-overlay envira-gallery-top-left\"><\/div><div class=\"envira-gallery-position-overlay envira-gallery-top-right\"><\/div><div class=\"envira-gallery-position-overlay envira-gallery-bottom-left\"><\/div><div class=\"envira-gallery-position-overlay envira-gallery-bottom-right\"><\/div><a class=\"envira-gallery-1065 envira-gallery-link\" href=\"https:\/\/www.mramriswil.ch\/turnveteranen\/wp-content\/uploads\/sites\/2\/2022\/05\/20220518-tageswanderung-003.jpg\" title=\"20220518-tageswanderung-003\" data-caption=\"\" data-envira-item-id=\"1068\" data-envira-retina=\"https:\/\/www.mramriswil.ch\/turnveteranen\/wp-content\/uploads\/sites\/2\/2022\/05\/20220518-tageswanderung-003.jpg\" data-thumb=\"https:\/\/www.mramriswil.ch\/turnveteranen\/wp-content\/uploads\/sites\/2\/2022\/05\/20220518-tageswanderung-003-75x50_c.jpg\" data-title=\"20220518-tageswanderung-003\" data-envirabox='1065' itemprop=\"contentUrl\"><img loading=\"lazy\" decoding=\"async\" src=\"https:\/\/www.mramriswil.ch\/turnveteranen\/wp-content\/uploads\/sites\/2\/2022\/05\/20220518-tageswanderung-003-862x574.jpg\" alt=\"\" class=\"envira-gallery-image envira-gallery-image-3    envira-lazy\" height=\"480\" id=\"envira-gallery-image-1068\" srcset=\"data:image\/gif;base64,R0lGODlhAQABAIAAAP\/\/\/\/\/\/\/yH5BAEKAAEALAAAAAABAAEAAAICTAEAOw==\" tabindex=\"-1\" title=\"20220518-tageswanderung-003\" width=\"640\" data-caption=\"\" data-envira-gallery-id=\"1065\" data-envira-index=\"2\" data-envira-item-id=\"1068\" data-envira-src=\"https:\/\/www.mramriswil.ch\/turnveteranen\/wp-content\/uploads\/sites\/2\/2022\/05\/20220518-tageswanderung-003-862x574.jpg\" data-envira-srcset=\"https:\/\/www.mramriswil.ch\/turnveteranen\/wp-content\/uploads\/sites\/2\/2022\/05\/20220518-tageswanderung-003-862x574.jpg 400w, https:\/\/www.mramriswil.ch\/turnveteranen\/wp-content\/uploads\/sites\/2\/2022\/05\/20220518-tageswanderung-003-862x574.jpg 2x\" data-title=\"20220518-tageswanderung-003\" itemprop=\"thumbnailUrl\"  data-envirabox=\"1065\" data-automatic-caption=\"\" data-envira-height=\"200\" data-envira-width=\"300\" \/><\/a><\/div><\/div><div id=\"envira-gallery-item-1069\" class=\"envira-gallery-item envira-gallery-item-4 envira-lazy-load\" style=\"padding-left: 1px; padding-bottom: 1px; padding-right: 1px;\"  itemscope itemtype=\"https:\/\/schema.org\/ImageObject\"><div class=\"envira-gallery-item-inner\"><div class=\"envira-gallery-position-overlay envira-gallery-top-left\"><\/div><div class=\"envira-gallery-position-overlay envira-gallery-top-right\"><\/div><div class=\"envira-gallery-position-overlay envira-gallery-bottom-left\"><\/div><div class=\"envira-gallery-position-overlay envira-gallery-bottom-right\"><\/div><a class=\"envira-gallery-1065 envira-gallery-link\" href=\"https:\/\/www.mramriswil.ch\/turnveteranen\/wp-content\/uploads\/sites\/2\/2022\/05\/20220518-tageswanderung-004.jpg\" title=\"20220518-tageswanderung-004\" data-caption=\"\" data-envira-item-id=\"1069\" data-envira-retina=\"https:\/\/www.mramriswil.ch\/turnveteranen\/wp-content\/uploads\/sites\/2\/2022\/05\/20220518-tageswanderung-004.jpg\" data-thumb=\"https:\/\/www.mramriswil.ch\/turnveteranen\/wp-content\/uploads\/sites\/2\/2022\/05\/20220518-tageswanderung-004-75x50_c.jpg\" data-title=\"20220518-tageswanderung-004\" data-envirabox='1065' itemprop=\"contentUrl\"><img loading=\"lazy\" decoding=\"async\" src=\"https:\/\/www.mramriswil.ch\/turnveteranen\/wp-content\/uploads\/sites\/2\/2022\/05\/20220518-tageswanderung-004-862x574.jpg\" alt=\"\" class=\"envira-gallery-image envira-gallery-image-4    envira-lazy\" height=\"480\" id=\"envira-gallery-image-1069\" srcset=\"data:image\/gif;base64,R0lGODlhAQABAIAAAP\/\/\/\/\/\/\/yH5BAEKAAEALAAAAAABAAEAAAICTAEAOw==\" tabindex=\"-1\" title=\"20220518-tageswanderung-004\" width=\"640\" data-caption=\"\" data-envira-gallery-id=\"1065\" data-envira-index=\"3\" data-envira-item-id=\"1069\" data-envira-src=\"https:\/\/www.mramriswil.ch\/turnveteranen\/wp-content\/uploads\/sites\/2\/2022\/05\/20220518-tageswanderung-004-862x574.jpg\" data-envira-srcset=\"https:\/\/www.mramriswil.ch\/turnveteranen\/wp-content\/uploads\/sites\/2\/2022\/05\/20220518-tageswanderung-004-862x574.jpg 400w, https:\/\/www.mramriswil.ch\/turnveteranen\/wp-content\/uploads\/sites\/2\/2022\/05\/20220518-tageswanderung-004-862x574.jpg 2x\" data-title=\"20220518-tageswanderung-004\" itemprop=\"thumbnailUrl\"  data-envirabox=\"1065\" data-automatic-caption=\"\" data-envira-height=\"200\" data-envira-width=\"300\" \/><\/a><\/div><\/div><div id=\"envira-gallery-item-1070\" class=\"envira-gallery-item envira-gallery-item-5 envira-lazy-load\" style=\"padding-left: 1px; padding-bottom: 1px; padding-right: 1px;\"  itemscope itemtype=\"https:\/\/schema.org\/ImageObject\"><div class=\"envira-gallery-item-inner\"><div class=\"envira-gallery-position-overlay envira-gallery-top-left\"><\/div><div class=\"envira-gallery-position-overlay envira-gallery-top-right\"><\/div><div class=\"envira-gallery-position-overlay envira-gallery-bottom-left\"><\/div><div class=\"envira-gallery-position-overlay envira-gallery-bottom-right\"><\/div><a class=\"envira-gallery-1065 envira-gallery-link\" href=\"https:\/\/www.mramriswil.ch\/turnveteranen\/wp-content\/uploads\/sites\/2\/2022\/05\/20220518-tageswanderung-005.jpg\" title=\"20220518-tageswanderung-005\" data-caption=\"\" data-envira-item-id=\"1070\" data-envira-retina=\"https:\/\/www.mramriswil.ch\/turnveteranen\/wp-content\/uploads\/sites\/2\/2022\/05\/20220518-tageswanderung-005.jpg\" data-thumb=\"https:\/\/www.mramriswil.ch\/turnveteranen\/wp-content\/uploads\/sites\/2\/2022\/05\/20220518-tageswanderung-005-75x50_c.jpg\" data-title=\"20220518-tageswanderung-005\" data-envirabox='1065' itemprop=\"contentUrl\"><img loading=\"lazy\" decoding=\"async\" src=\"https:\/\/www.mramriswil.ch\/turnveteranen\/wp-content\/uploads\/sites\/2\/2022\/05\/20220518-tageswanderung-005.jpg\" alt=\"\" class=\"envira-gallery-image envira-gallery-image-5    envira-lazy\" height=\"480\" id=\"envira-gallery-image-1070\" srcset=\"data:image\/gif;base64,R0lGODlhAQABAIAAAP\/\/\/\/\/\/\/yH5BAEKAAEALAAAAAABAAEAAAICTAEAOw==\" tabindex=\"-1\" title=\"20220518-tageswanderung-005\" width=\"640\" data-caption=\"\" data-envira-gallery-id=\"1065\" data-envira-index=\"4\" data-envira-item-id=\"1070\" data-envira-src=\"https:\/\/www.mramriswil.ch\/turnveteranen\/wp-content\/uploads\/sites\/2\/2022\/05\/20220518-tageswanderung-005.jpg\" data-envira-srcset=\"https:\/\/www.mramriswil.ch\/turnveteranen\/wp-content\/uploads\/sites\/2\/2022\/05\/20220518-tageswanderung-005.jpg 400w, https:\/\/www.mramriswil.ch\/turnveteranen\/wp-content\/uploads\/sites\/2\/2022\/05\/20220518-tageswanderung-005.jpg 2x\" data-title=\"20220518-tageswanderung-005\" itemprop=\"thumbnailUrl\"  data-envirabox=\"1065\" data-automatic-caption=\"\" data-envira-height=\"300\" data-envira-width=\"200\" \/><\/a><\/div><\/div><div id=\"envira-gallery-item-1071\" class=\"envira-gallery-item envira-gallery-item-6 envira-lazy-load\" style=\"padding-left: 1px; padding-bottom: 1px; padding-right: 1px;\"  itemscope itemtype=\"https:\/\/schema.org\/ImageObject\"><div class=\"envira-gallery-item-inner\"><div class=\"envira-gallery-position-overlay envira-gallery-top-left\"><\/div><div class=\"envira-gallery-position-overlay envira-gallery-top-right\"><\/div><div class=\"envira-gallery-position-overlay envira-gallery-bottom-left\"><\/div><div class=\"envira-gallery-position-overlay envira-gallery-bottom-right\"><\/div><a class=\"envira-gallery-1065 envira-gallery-link\" href=\"https:\/\/www.mramriswil.ch\/turnveteranen\/wp-content\/uploads\/sites\/2\/2022\/05\/20220518-tageswanderung-006.jpg\" title=\"20220518-tageswanderung-006\" data-caption=\"\" data-envira-item-id=\"1071\" data-envira-retina=\"https:\/\/www.mramriswil.ch\/turnveteranen\/wp-content\/uploads\/sites\/2\/2022\/05\/20220518-tageswanderung-006.jpg\" data-thumb=\"https:\/\/www.mramriswil.ch\/turnveteranen\/wp-content\/uploads\/sites\/2\/2022\/05\/20220518-tageswanderung-006-75x50_c.jpg\" data-title=\"20220518-tageswanderung-006\" data-envirabox='1065' itemprop=\"contentUrl\"><img loading=\"lazy\" decoding=\"async\" src=\"https:\/\/www.mramriswil.ch\/turnveteranen\/wp-content\/uploads\/sites\/2\/2022\/05\/20220518-tageswanderung-006.jpg\" alt=\"\" class=\"envira-gallery-image envira-gallery-image-6    envira-lazy\" height=\"480\" id=\"envira-gallery-image-1071\" srcset=\"data:image\/gif;base64,R0lGODlhAQABAIAAAP\/\/\/\/\/\/\/yH5BAEKAAEALAAAAAABAAEAAAICTAEAOw==\" tabindex=\"-1\" title=\"20220518-tageswanderung-006\" width=\"640\" data-caption=\"\" data-envira-gallery-id=\"1065\" data-envira-index=\"5\" data-envira-item-id=\"1071\" data-envira-src=\"https:\/\/www.mramriswil.ch\/turnveteranen\/wp-content\/uploads\/sites\/2\/2022\/05\/20220518-tageswanderung-006.jpg\" data-envira-srcset=\"https:\/\/www.mramriswil.ch\/turnveteranen\/wp-content\/uploads\/sites\/2\/2022\/05\/20220518-tageswanderung-006.jpg 400w, https:\/\/www.mramriswil.ch\/turnveteranen\/wp-content\/uploads\/sites\/2\/2022\/05\/20220518-tageswanderung-006.jpg 2x\" data-title=\"20220518-tageswanderung-006\" itemprop=\"thumbnailUrl\"  data-envirabox=\"1065\" data-automatic-caption=\"\" data-envira-height=\"300\" data-envira-width=\"200\" \/><\/a><\/div><\/div><div id=\"envira-gallery-item-1072\" class=\"envira-gallery-item envira-gallery-item-7 envira-lazy-load\" style=\"padding-left: 1px; padding-bottom: 1px; padding-right: 1px;\"  itemscope itemtype=\"https:\/\/schema.org\/ImageObject\"><div class=\"envira-gallery-item-inner\"><div class=\"envira-gallery-position-overlay envira-gallery-top-left\"><\/div><div class=\"envira-gallery-position-overlay envira-gallery-top-right\"><\/div><div class=\"envira-gallery-position-overlay envira-gallery-bottom-left\"><\/div><div class=\"envira-gallery-position-overlay envira-gallery-bottom-right\"><\/div><a class=\"envira-gallery-1065 envira-gallery-link\" href=\"https:\/\/www.mramriswil.ch\/turnveteranen\/wp-content\/uploads\/sites\/2\/2022\/05\/20220518-tageswanderung-007.jpg\" title=\"20220518-tageswanderung-007\" data-caption=\"\" data-envira-item-id=\"1072\" data-envira-retina=\"https:\/\/www.mramriswil.ch\/turnveteranen\/wp-content\/uploads\/sites\/2\/2022\/05\/20220518-tageswanderung-007.jpg\" data-thumb=\"https:\/\/www.mramriswil.ch\/turnveteranen\/wp-content\/uploads\/sites\/2\/2022\/05\/20220518-tageswanderung-007-75x50_c.jpg\" data-title=\"20220518-tageswanderung-007\" data-envirabox='1065' itemprop=\"contentUrl\"><img loading=\"lazy\" decoding=\"async\" src=\"https:\/\/www.mramriswil.ch\/turnveteranen\/wp-content\/uploads\/sites\/2\/2022\/05\/20220518-tageswanderung-007.jpg\" alt=\"\" class=\"envira-gallery-image envira-gallery-image-7    envira-lazy\" height=\"480\" id=\"envira-gallery-image-1072\" srcset=\"data:image\/gif;base64,R0lGODlhAQABAIAAAP\/\/\/\/\/\/\/yH5BAEKAAEALAAAAAABAAEAAAICTAEAOw==\" tabindex=\"-1\" title=\"20220518-tageswanderung-007\" width=\"640\" data-caption=\"\" data-envira-gallery-id=\"1065\" data-envira-index=\"6\" data-envira-item-id=\"1072\" data-envira-src=\"https:\/\/www.mramriswil.ch\/turnveteranen\/wp-content\/uploads\/sites\/2\/2022\/05\/20220518-tageswanderung-007.jpg\" data-envira-srcset=\"https:\/\/www.mramriswil.ch\/turnveteranen\/wp-content\/uploads\/sites\/2\/2022\/05\/20220518-tageswanderung-007.jpg 400w, https:\/\/www.mramriswil.ch\/turnveteranen\/wp-content\/uploads\/sites\/2\/2022\/05\/20220518-tageswanderung-007.jpg 2x\" data-title=\"20220518-tageswanderung-007\" itemprop=\"thumbnailUrl\"  data-envirabox=\"1065\" data-automatic-caption=\"\" data-envira-height=\"300\" data-envira-width=\"200\" \/><\/a><\/div><\/div><div id=\"envira-gallery-item-1073\" class=\"envira-gallery-item envira-gallery-item-8 envira-lazy-load\" style=\"padding-left: 1px; padding-bottom: 1px; padding-right: 1px;\"  itemscope itemtype=\"https:\/\/schema.org\/ImageObject\"><div class=\"envira-gallery-item-inner\"><div class=\"envira-gallery-position-overlay envira-gallery-top-left\"><\/div><div class=\"envira-gallery-position-overlay envira-gallery-top-right\"><\/div><div class=\"envira-gallery-position-overlay envira-gallery-bottom-left\"><\/div><div class=\"envira-gallery-position-overlay envira-gallery-bottom-right\"><\/div><a class=\"envira-gallery-1065 envira-gallery-link\" href=\"https:\/\/www.mramriswil.ch\/turnveteranen\/wp-content\/uploads\/sites\/2\/2022\/05\/20220518-tageswanderung-008.jpg\" title=\"20220518-tageswanderung-008\" data-caption=\"\" data-envira-item-id=\"1073\" data-envira-retina=\"https:\/\/www.mramriswil.ch\/turnveteranen\/wp-content\/uploads\/sites\/2\/2022\/05\/20220518-tageswanderung-008.jpg\" data-thumb=\"https:\/\/www.mramriswil.ch\/turnveteranen\/wp-content\/uploads\/sites\/2\/2022\/05\/20220518-tageswanderung-008-75x50_c.jpg\" data-title=\"20220518-tageswanderung-008\" data-envirabox='1065' itemprop=\"contentUrl\"><img loading=\"lazy\" decoding=\"async\" src=\"https:\/\/www.mramriswil.ch\/turnveteranen\/wp-content\/uploads\/sites\/2\/2022\/05\/20220518-tageswanderung-008.jpg\" alt=\"\" class=\"envira-gallery-image envira-gallery-image-8    envira-lazy\" height=\"480\" id=\"envira-gallery-image-1073\" srcset=\"data:image\/gif;base64,R0lGODlhAQABAIAAAP\/\/\/\/\/\/\/yH5BAEKAAEALAAAAAABAAEAAAICTAEAOw==\" tabindex=\"-1\" title=\"20220518-tageswanderung-008\" width=\"640\" data-caption=\"\" data-envira-gallery-id=\"1065\" data-envira-index=\"7\" data-envira-item-id=\"1073\" data-envira-src=\"https:\/\/www.mramriswil.ch\/turnveteranen\/wp-content\/uploads\/sites\/2\/2022\/05\/20220518-tageswanderung-008.jpg\" data-envira-srcset=\"https:\/\/www.mramriswil.ch\/turnveteranen\/wp-content\/uploads\/sites\/2\/2022\/05\/20220518-tageswanderung-008.jpg 400w, https:\/\/www.mramriswil.ch\/turnveteranen\/wp-content\/uploads\/sites\/2\/2022\/05\/20220518-tageswanderung-008.jpg 2x\" data-title=\"20220518-tageswanderung-008\" itemprop=\"thumbnailUrl\"  data-envirabox=\"1065\" data-automatic-caption=\"\" data-envira-height=\"300\" data-envira-width=\"200\" \/><\/a><\/div><\/div><div id=\"envira-gallery-item-1074\" class=\"envira-gallery-item envira-gallery-item-9 envira-lazy-load\" style=\"padding-left: 1px; padding-bottom: 1px; padding-right: 1px;\"  itemscope itemtype=\"https:\/\/schema.org\/ImageObject\"><div class=\"envira-gallery-item-inner\"><div class=\"envira-gallery-position-overlay envira-gallery-top-left\"><\/div><div class=\"envira-gallery-position-overlay envira-gallery-top-right\"><\/div><div class=\"envira-gallery-position-overlay envira-gallery-bottom-left\"><\/div><div class=\"envira-gallery-position-overlay envira-gallery-bottom-right\"><\/div><a class=\"envira-gallery-1065 envira-gallery-link\" href=\"https:\/\/www.mramriswil.ch\/turnveteranen\/wp-content\/uploads\/sites\/2\/2022\/05\/20220518-tageswanderung-009.jpg\" title=\"20220518-tageswanderung-009\" data-caption=\"\" data-envira-item-id=\"1074\" data-envira-retina=\"https:\/\/www.mramriswil.ch\/turnveteranen\/wp-content\/uploads\/sites\/2\/2022\/05\/20220518-tageswanderung-009.jpg\" data-thumb=\"https:\/\/www.mramriswil.ch\/turnveteranen\/wp-content\/uploads\/sites\/2\/2022\/05\/20220518-tageswanderung-009-75x50_c.jpg\" data-title=\"20220518-tageswanderung-009\" data-envirabox='1065' itemprop=\"contentUrl\"><img loading=\"lazy\" decoding=\"async\" src=\"https:\/\/www.mramriswil.ch\/turnveteranen\/wp-content\/uploads\/sites\/2\/2022\/05\/20220518-tageswanderung-009.jpg\" alt=\"\" class=\"envira-gallery-image envira-gallery-image-9    envira-lazy\" height=\"480\" id=\"envira-gallery-image-1074\" srcset=\"data:image\/gif;base64,R0lGODlhAQABAIAAAP\/\/\/\/\/\/\/yH5BAEKAAEALAAAAAABAAEAAAICTAEAOw==\" tabindex=\"-1\" title=\"20220518-tageswanderung-009\" width=\"640\" data-caption=\"\" data-envira-gallery-id=\"1065\" data-envira-index=\"8\" data-envira-item-id=\"1074\" data-envira-src=\"https:\/\/www.mramriswil.ch\/turnveteranen\/wp-content\/uploads\/sites\/2\/2022\/05\/20220518-tageswanderung-009.jpg\" data-envira-srcset=\"https:\/\/www.mramriswil.ch\/turnveteranen\/wp-content\/uploads\/sites\/2\/2022\/05\/20220518-tageswanderung-009.jpg 400w, https:\/\/www.mramriswil.ch\/turnveteranen\/wp-content\/uploads\/sites\/2\/2022\/05\/20220518-tageswanderung-009.jpg 2x\" data-title=\"20220518-tageswanderung-009\" itemprop=\"thumbnailUrl\"  data-envirabox=\"1065\" data-automatic-caption=\"\" data-envira-height=\"300\" data-envira-width=\"200\" \/><\/a><\/div><\/div><div id=\"envira-gallery-item-1075\" class=\"envira-gallery-item envira-gallery-item-10 envira-lazy-load\" style=\"padding-left: 1px; padding-bottom: 1px; padding-right: 1px;\"  itemscope itemtype=\"https:\/\/schema.org\/ImageObject\"><div class=\"envira-gallery-item-inner\"><div class=\"envira-gallery-position-overlay envira-gallery-top-left\"><\/div><div class=\"envira-gallery-position-overlay envira-gallery-top-right\"><\/div><div class=\"envira-gallery-position-overlay envira-gallery-bottom-left\"><\/div><div class=\"envira-gallery-position-overlay envira-gallery-bottom-right\"><\/div><a class=\"envira-gallery-1065 envira-gallery-link\" href=\"https:\/\/www.mramriswil.ch\/turnveteranen\/wp-content\/uploads\/sites\/2\/2022\/05\/20220518-tageswanderung-010.jpg\" title=\"20220518-tageswanderung-010\" data-caption=\"\" data-envira-item-id=\"1075\" data-envira-retina=\"https:\/\/www.mramriswil.ch\/turnveteranen\/wp-content\/uploads\/sites\/2\/2022\/05\/20220518-tageswanderung-010.jpg\" data-thumb=\"https:\/\/www.mramriswil.ch\/turnveteranen\/wp-content\/uploads\/sites\/2\/2022\/05\/20220518-tageswanderung-010-75x50_c.jpg\" data-title=\"20220518-tageswanderung-010\" data-envirabox='1065' itemprop=\"contentUrl\"><img loading=\"lazy\" decoding=\"async\" src=\"https:\/\/www.mramriswil.ch\/turnveteranen\/wp-content\/uploads\/sites\/2\/2022\/05\/20220518-tageswanderung-010.jpg\" alt=\"\" class=\"envira-gallery-image envira-gallery-image-10    envira-lazy\" height=\"480\" id=\"envira-gallery-image-1075\" srcset=\"data:image\/gif;base64,R0lGODlhAQABAIAAAP\/\/\/\/\/\/\/yH5BAEKAAEALAAAAAABAAEAAAICTAEAOw==\" tabindex=\"-1\" title=\"20220518-tageswanderung-010\" width=\"640\" data-caption=\"\" data-envira-gallery-id=\"1065\" data-envira-index=\"9\" data-envira-item-id=\"1075\" data-envira-src=\"https:\/\/www.mramriswil.ch\/turnveteranen\/wp-content\/uploads\/sites\/2\/2022\/05\/20220518-tageswanderung-010.jpg\" data-envira-srcset=\"https:\/\/www.mramriswil.ch\/turnveteranen\/wp-content\/uploads\/sites\/2\/2022\/05\/20220518-tageswanderung-010.jpg 400w, https:\/\/www.mramriswil.ch\/turnveteranen\/wp-content\/uploads\/sites\/2\/2022\/05\/20220518-tageswanderung-010.jpg 2x\" data-title=\"20220518-tageswanderung-010\" itemprop=\"thumbnailUrl\"  data-envirabox=\"1065\" data-automatic-caption=\"\" data-envira-height=\"300\" data-envira-width=\"200\" \/><\/a><\/div><\/div><div id=\"envira-gallery-item-1076\" class=\"envira-gallery-item envira-gallery-item-11 envira-lazy-load\" style=\"padding-left: 1px; padding-bottom: 1px; padding-right: 1px;\"  itemscope itemtype=\"https:\/\/schema.org\/ImageObject\"><div class=\"envira-gallery-item-inner\"><div class=\"envira-gallery-position-overlay envira-gallery-top-left\"><\/div><div class=\"envira-gallery-position-overlay envira-gallery-top-right\"><\/div><div class=\"envira-gallery-position-overlay envira-gallery-bottom-left\"><\/div><div class=\"envira-gallery-position-overlay envira-gallery-bottom-right\"><\/div><a class=\"envira-gallery-1065 envira-gallery-link\" href=\"https:\/\/www.mramriswil.ch\/turnveteranen\/wp-content\/uploads\/sites\/2\/2022\/05\/20220518-tageswanderung-011.jpg\" title=\"20220518-tageswanderung-011\" data-caption=\"\" data-envira-item-id=\"1076\" data-envira-retina=\"https:\/\/www.mramriswil.ch\/turnveteranen\/wp-content\/uploads\/sites\/2\/2022\/05\/20220518-tageswanderung-011.jpg\" data-thumb=\"https:\/\/www.mramriswil.ch\/turnveteranen\/wp-content\/uploads\/sites\/2\/2022\/05\/20220518-tageswanderung-011-75x50_c.jpg\" data-title=\"20220518-tageswanderung-011\" data-envirabox='1065' itemprop=\"contentUrl\"><img loading=\"lazy\" decoding=\"async\" src=\"https:\/\/www.mramriswil.ch\/turnveteranen\/wp-content\/uploads\/sites\/2\/2022\/05\/20220518-tageswanderung-011.jpg\" alt=\"\" class=\"envira-gallery-image envira-gallery-image-11    envira-lazy\" height=\"480\" id=\"envira-gallery-image-1076\" srcset=\"data:image\/gif;base64,R0lGODlhAQABAIAAAP\/\/\/\/\/\/\/yH5BAEKAAEALAAAAAABAAEAAAICTAEAOw==\" tabindex=\"-1\" title=\"20220518-tageswanderung-011\" width=\"640\" data-caption=\"\" data-envira-gallery-id=\"1065\" data-envira-index=\"10\" data-envira-item-id=\"1076\" data-envira-src=\"https:\/\/www.mramriswil.ch\/turnveteranen\/wp-content\/uploads\/sites\/2\/2022\/05\/20220518-tageswanderung-011.jpg\" data-envira-srcset=\"https:\/\/www.mramriswil.ch\/turnveteranen\/wp-content\/uploads\/sites\/2\/2022\/05\/20220518-tageswanderung-011.jpg 400w, https:\/\/www.mramriswil.ch\/turnveteranen\/wp-content\/uploads\/sites\/2\/2022\/05\/20220518-tageswanderung-011.jpg 2x\" data-title=\"20220518-tageswanderung-011\" itemprop=\"thumbnailUrl\"  data-envirabox=\"1065\" data-automatic-caption=\"\" data-envira-height=\"300\" data-envira-width=\"200\" \/><\/a><\/div><\/div><div id=\"envira-gallery-item-1077\" class=\"envira-gallery-item envira-gallery-item-12 envira-lazy-load\" style=\"padding-left: 1px; padding-bottom: 1px; padding-right: 1px;\"  itemscope itemtype=\"https:\/\/schema.org\/ImageObject\"><div class=\"envira-gallery-item-inner\"><div class=\"envira-gallery-position-overlay envira-gallery-top-left\"><\/div><div class=\"envira-gallery-position-overlay envira-gallery-top-right\"><\/div><div class=\"envira-gallery-position-overlay envira-gallery-bottom-left\"><\/div><div class=\"envira-gallery-position-overlay envira-gallery-bottom-right\"><\/div><a class=\"envira-gallery-1065 envira-gallery-link\" href=\"https:\/\/www.mramriswil.ch\/turnveteranen\/wp-content\/uploads\/sites\/2\/2022\/05\/20220518-tageswanderung-012.jpg\" title=\"20220518-tageswanderung-012\" data-caption=\"\" data-envira-item-id=\"1077\" data-envira-retina=\"https:\/\/www.mramriswil.ch\/turnveteranen\/wp-content\/uploads\/sites\/2\/2022\/05\/20220518-tageswanderung-012.jpg\" data-thumb=\"https:\/\/www.mramriswil.ch\/turnveteranen\/wp-content\/uploads\/sites\/2\/2022\/05\/20220518-tageswanderung-012-75x50_c.jpg\" data-title=\"20220518-tageswanderung-012\" data-envirabox='1065' itemprop=\"contentUrl\"><img loading=\"lazy\" decoding=\"async\" src=\"https:\/\/www.mramriswil.ch\/turnveteranen\/wp-content\/uploads\/sites\/2\/2022\/05\/20220518-tageswanderung-012-862x574.jpg\" alt=\"\" class=\"envira-gallery-image envira-gallery-image-12    envira-lazy\" height=\"480\" id=\"envira-gallery-image-1077\" srcset=\"data:image\/gif;base64,R0lGODlhAQABAIAAAP\/\/\/\/\/\/\/yH5BAEKAAEALAAAAAABAAEAAAICTAEAOw==\" tabindex=\"-1\" title=\"20220518-tageswanderung-012\" width=\"640\" data-caption=\"\" data-envira-gallery-id=\"1065\" data-envira-index=\"11\" data-envira-item-id=\"1077\" data-envira-src=\"https:\/\/www.mramriswil.ch\/turnveteranen\/wp-content\/uploads\/sites\/2\/2022\/05\/20220518-tageswanderung-012-862x574.jpg\" data-envira-srcset=\"https:\/\/www.mramriswil.ch\/turnveteranen\/wp-content\/uploads\/sites\/2\/2022\/05\/20220518-tageswanderung-012-862x574.jpg 400w, https:\/\/www.mramriswil.ch\/turnveteranen\/wp-content\/uploads\/sites\/2\/2022\/05\/20220518-tageswanderung-012-862x574.jpg 2x\" data-title=\"20220518-tageswanderung-012\" itemprop=\"thumbnailUrl\"  data-envirabox=\"1065\" data-automatic-caption=\"\" data-envira-height=\"200\" data-envira-width=\"300\" \/><\/a><\/div><\/div><div id=\"envira-gallery-item-1078\" class=\"envira-gallery-item envira-gallery-item-13 envira-lazy-load\" style=\"padding-left: 1px; padding-bottom: 1px; padding-right: 1px;\"  itemscope itemtype=\"https:\/\/schema.org\/ImageObject\"><div class=\"envira-gallery-item-inner\"><div class=\"envira-gallery-position-overlay envira-gallery-top-left\"><\/div><div class=\"envira-gallery-position-overlay envira-gallery-top-right\"><\/div><div class=\"envira-gallery-position-overlay envira-gallery-bottom-left\"><\/div><div class=\"envira-gallery-position-overlay envira-gallery-bottom-right\"><\/div><a class=\"envira-gallery-1065 envira-gallery-link\" href=\"https:\/\/www.mramriswil.ch\/turnveteranen\/wp-content\/uploads\/sites\/2\/2022\/05\/20220518-tageswanderung-013.jpg\" title=\"20220518-tageswanderung-013\" data-caption=\"\" data-envira-item-id=\"1078\" data-envira-retina=\"https:\/\/www.mramriswil.ch\/turnveteranen\/wp-content\/uploads\/sites\/2\/2022\/05\/20220518-tageswanderung-013.jpg\" data-thumb=\"https:\/\/www.mramriswil.ch\/turnveteranen\/wp-content\/uploads\/sites\/2\/2022\/05\/20220518-tageswanderung-013-75x50_c.jpg\" data-title=\"20220518-tageswanderung-013\" data-envirabox='1065' itemprop=\"contentUrl\"><img loading=\"lazy\" decoding=\"async\" src=\"https:\/\/www.mramriswil.ch\/turnveteranen\/wp-content\/uploads\/sites\/2\/2022\/05\/20220518-tageswanderung-013-862x574.jpg\" alt=\"\" class=\"envira-gallery-image envira-gallery-image-13    envira-lazy\" height=\"480\" id=\"envira-gallery-image-1078\" srcset=\"data:image\/gif;base64,R0lGODlhAQABAIAAAP\/\/\/\/\/\/\/yH5BAEKAAEALAAAAAABAAEAAAICTAEAOw==\" tabindex=\"-1\" title=\"20220518-tageswanderung-013\" width=\"640\" data-caption=\"\" data-envira-gallery-id=\"1065\" data-envira-index=\"12\" data-envira-item-id=\"1078\" data-envira-src=\"https:\/\/www.mramriswil.ch\/turnveteranen\/wp-content\/uploads\/sites\/2\/2022\/05\/20220518-tageswanderung-013-862x574.jpg\" data-envira-srcset=\"https:\/\/www.mramriswil.ch\/turnveteranen\/wp-content\/uploads\/sites\/2\/2022\/05\/20220518-tageswanderung-013-862x574.jpg 400w, https:\/\/www.mramriswil.ch\/turnveteranen\/wp-content\/uploads\/sites\/2\/2022\/05\/20220518-tageswanderung-013-862x574.jpg 2x\" data-title=\"20220518-tageswanderung-013\" itemprop=\"thumbnailUrl\"  data-envirabox=\"1065\" data-automatic-caption=\"\" data-envira-height=\"200\" data-envira-width=\"300\" \/><\/a><\/div><\/div><div id=\"envira-gallery-item-1079\" class=\"envira-gallery-item envira-gallery-item-14 envira-lazy-load\" style=\"padding-left: 1px; padding-bottom: 1px; padding-right: 1px;\"  itemscope itemtype=\"https:\/\/schema.org\/ImageObject\"><div class=\"envira-gallery-item-inner\"><div class=\"envira-gallery-position-overlay envira-gallery-top-left\"><\/div><div class=\"envira-gallery-position-overlay envira-gallery-top-right\"><\/div><div class=\"envira-gallery-position-overlay envira-gallery-bottom-left\"><\/div><div class=\"envira-gallery-position-overlay envira-gallery-bottom-right\"><\/div><a class=\"envira-gallery-1065 envira-gallery-link\" href=\"https:\/\/www.mramriswil.ch\/turnveteranen\/wp-content\/uploads\/sites\/2\/2022\/05\/20220518-tageswanderung-014.jpg\" title=\"20220518-tageswanderung-014\" data-caption=\"\" data-envira-item-id=\"1079\" data-envira-retina=\"https:\/\/www.mramriswil.ch\/turnveteranen\/wp-content\/uploads\/sites\/2\/2022\/05\/20220518-tageswanderung-014.jpg\" data-thumb=\"https:\/\/www.mramriswil.ch\/turnveteranen\/wp-content\/uploads\/sites\/2\/2022\/05\/20220518-tageswanderung-014-75x50_c.jpg\" data-title=\"20220518-tageswanderung-014\" data-envirabox='1065' itemprop=\"contentUrl\"><img loading=\"lazy\" decoding=\"async\" src=\"https:\/\/www.mramriswil.ch\/turnveteranen\/wp-content\/uploads\/sites\/2\/2022\/05\/20220518-tageswanderung-014.jpg\" alt=\"\" class=\"envira-gallery-image envira-gallery-image-14    envira-lazy\" height=\"480\" id=\"envira-gallery-image-1079\" srcset=\"data:image\/gif;base64,R0lGODlhAQABAIAAAP\/\/\/\/\/\/\/yH5BAEKAAEALAAAAAABAAEAAAICTAEAOw==\" tabindex=\"-1\" title=\"20220518-tageswanderung-014\" width=\"640\" data-caption=\"\" data-envira-gallery-id=\"1065\" data-envira-index=\"13\" data-envira-item-id=\"1079\" data-envira-src=\"https:\/\/www.mramriswil.ch\/turnveteranen\/wp-content\/uploads\/sites\/2\/2022\/05\/20220518-tageswanderung-014.jpg\" data-envira-srcset=\"https:\/\/www.mramriswil.ch\/turnveteranen\/wp-content\/uploads\/sites\/2\/2022\/05\/20220518-tageswanderung-014.jpg 400w, https:\/\/www.mramriswil.ch\/turnveteranen\/wp-content\/uploads\/sites\/2\/2022\/05\/20220518-tageswanderung-014.jpg 2x\" data-title=\"20220518-tageswanderung-014\" itemprop=\"thumbnailUrl\"  data-envirabox=\"1065\" data-automatic-caption=\"\" data-envira-height=\"300\" data-envira-width=\"200\" \/><\/a><\/div><\/div><div id=\"envira-gallery-item-1080\" class=\"envira-gallery-item envira-gallery-item-15 envira-lazy-load\" style=\"padding-left: 1px; padding-bottom: 1px; padding-right: 1px;\"  itemscope itemtype=\"https:\/\/schema.org\/ImageObject\"><div class=\"envira-gallery-item-inner\"><div class=\"envira-gallery-position-overlay envira-gallery-top-left\"><\/div><div class=\"envira-gallery-position-overlay envira-gallery-top-right\"><\/div><div class=\"envira-gallery-position-overlay envira-gallery-bottom-left\"><\/div><div class=\"envira-gallery-position-overlay envira-gallery-bottom-right\"><\/div><a class=\"envira-gallery-1065 envira-gallery-link\" href=\"https:\/\/www.mramriswil.ch\/turnveteranen\/wp-content\/uploads\/sites\/2\/2022\/05\/20220518-tageswanderung-015.jpg\" title=\"20220518-tageswanderung-015\" data-caption=\"\" data-envira-item-id=\"1080\" data-envira-retina=\"https:\/\/www.mramriswil.ch\/turnveteranen\/wp-content\/uploads\/sites\/2\/2022\/05\/20220518-tageswanderung-015.jpg\" data-thumb=\"https:\/\/www.mramriswil.ch\/turnveteranen\/wp-content\/uploads\/sites\/2\/2022\/05\/20220518-tageswanderung-015-75x50_c.jpg\" data-title=\"20220518-tageswanderung-015\" data-envirabox='1065' itemprop=\"contentUrl\"><img loading=\"lazy\" decoding=\"async\" src=\"https:\/\/www.mramriswil.ch\/turnveteranen\/wp-content\/uploads\/sites\/2\/2022\/05\/20220518-tageswanderung-015-862x574.jpg\" alt=\"\" class=\"envira-gallery-image envira-gallery-image-15    envira-lazy\" height=\"480\" id=\"envira-gallery-image-1080\" srcset=\"data:image\/gif;base64,R0lGODlhAQABAIAAAP\/\/\/\/\/\/\/yH5BAEKAAEALAAAAAABAAEAAAICTAEAOw==\" tabindex=\"-1\" title=\"20220518-tageswanderung-015\" width=\"640\" data-caption=\"\" data-envira-gallery-id=\"1065\" data-envira-index=\"14\" data-envira-item-id=\"1080\" data-envira-src=\"https:\/\/www.mramriswil.ch\/turnveteranen\/wp-content\/uploads\/sites\/2\/2022\/05\/20220518-tageswanderung-015-862x574.jpg\" data-envira-srcset=\"https:\/\/www.mramriswil.ch\/turnveteranen\/wp-content\/uploads\/sites\/2\/2022\/05\/20220518-tageswanderung-015-862x574.jpg 400w, https:\/\/www.mramriswil.ch\/turnveteranen\/wp-content\/uploads\/sites\/2\/2022\/05\/20220518-tageswanderung-015-862x574.jpg 2x\" data-title=\"20220518-tageswanderung-015\" itemprop=\"thumbnailUrl\"  data-envirabox=\"1065\" data-automatic-caption=\"\" data-envira-height=\"200\" data-envira-width=\"300\" \/><\/a><\/div><\/div><\/div><\/div><noscript><img src='https:\/\/www.mramriswil.ch\/turnveteranen\/wp-content\/uploads\/sites\/2\/2022\/05\/20220518-tageswanderung-001.jpg' alt='' class='envira_noscript_images ' \/><img src='https:\/\/www.mramriswil.ch\/turnveteranen\/wp-content\/uploads\/sites\/2\/2022\/05\/20220518-tageswanderung-002.jpg' alt='' class='envira_noscript_images ' \/><img src='https:\/\/www.mramriswil.ch\/turnveteranen\/wp-content\/uploads\/sites\/2\/2022\/05\/20220518-tageswanderung-003.jpg' alt='' class='envira_noscript_images ' \/><img src='https:\/\/www.mramriswil.ch\/turnveteranen\/wp-content\/uploads\/sites\/2\/2022\/05\/20220518-tageswanderung-004.jpg' alt='' class='envira_noscript_images ' \/><img src='https:\/\/www.mramriswil.ch\/turnveteranen\/wp-content\/uploads\/sites\/2\/2022\/05\/20220518-tageswanderung-005.jpg' alt='' class='envira_noscript_images ' \/><img src='https:\/\/www.mramriswil.ch\/turnveteranen\/wp-content\/uploads\/sites\/2\/2022\/05\/20220518-tageswanderung-006.jpg' alt='' class='envira_noscript_images ' \/><img src='https:\/\/www.mramriswil.ch\/turnveteranen\/wp-content\/uploads\/sites\/2\/2022\/05\/20220518-tageswanderung-007.jpg' alt='' class='envira_noscript_images ' \/><img src='https:\/\/www.mramriswil.ch\/turnveteranen\/wp-content\/uploads\/sites\/2\/2022\/05\/20220518-tageswanderung-008.jpg' alt='' class='envira_noscript_images ' \/><img src='https:\/\/www.mramriswil.ch\/turnveteranen\/wp-content\/uploads\/sites\/2\/2022\/05\/20220518-tageswanderung-009.jpg' alt='' class='envira_noscript_images ' \/><img src='https:\/\/www.mramriswil.ch\/turnveteranen\/wp-content\/uploads\/sites\/2\/2022\/05\/20220518-tageswanderung-010.jpg' alt='' class='envira_noscript_images ' \/><img src='https:\/\/www.mramriswil.ch\/turnveteranen\/wp-content\/uploads\/sites\/2\/2022\/05\/20220518-tageswanderung-011.jpg' alt='' class='envira_noscript_images ' \/><img src='https:\/\/www.mramriswil.ch\/turnveteranen\/wp-content\/uploads\/sites\/2\/2022\/05\/20220518-tageswanderung-012.jpg' alt='' class='envira_noscript_images ' \/><img src='https:\/\/www.mramriswil.ch\/turnveteranen\/wp-content\/uploads\/sites\/2\/2022\/05\/20220518-tageswanderung-013.jpg' alt='' class='envira_noscript_images ' \/><img src='https:\/\/www.mramriswil.ch\/turnveteranen\/wp-content\/uploads\/sites\/2\/2022\/05\/20220518-tageswanderung-014.jpg' alt='' class='envira_noscript_images ' \/><img src='https:\/\/www.mramriswil.ch\/turnveteranen\/wp-content\/uploads\/sites\/2\/2022\/05\/20220518-tageswanderung-015.jpg' alt='' class='envira_noscript_images ' \/><\/noscript><\/div>\n","protected":false},"excerpt":{"rendered":"<p>Am Mittwoch, 18.Mai sind die Turnveteranen auf der traditionellen Tageswanderung. Um 08.15 trafen sich, bei sch\u00f6nstem Wetter, 15 gut gelaunte Turner am Bahnhof. Per \u201cturbo\u201c reiste die Gesellschaft \u00fcber Weinfelden &#8230;<\/p>\n","protected":false},"author":1,"featured_media":1080,"comment_status":"closed","ping_status":"open","sticky":false,"template":"","format":"standard","meta":{"rs_blank_template":"","rs_page_bg_color":"","slide_template_v7":"","footnotes":""},"categories":[4],"tags":[],"class_list":["post-1081","post","type-post","status-publish","format-standard","has-post-thumbnail","hentry","category-ausfluege"],"_links":{"self":[{"href":"https:\/\/www.mramriswil.ch\/turnveteranen\/wp-json\/wp\/v2\/posts\/1081","targetHints":{"allow":["GET"]}}],"collection":[{"href":"https:\/\/www.mramriswil.ch\/turnveteranen\/wp-json\/wp\/v2\/posts"}],"about":[{"href":"https:\/\/www.mramriswil.ch\/turnveteranen\/wp-json\/wp\/v2\/types\/post"}],"author":[{"embeddable":true,"href":"https:\/\/www.mramriswil.ch\/turnveteranen\/wp-json\/wp\/v2\/users\/1"}],"replies":[{"embeddable":true,"href":"https:\/\/www.mramriswil.ch\/turnveteranen\/wp-json\/wp\/v2\/comments?post=1081"}],"version-history":[{"count":1,"href":"https:\/\/www.mramriswil.ch\/turnveteranen\/wp-json\/wp\/v2\/posts\/1081\/revisions"}],"predecessor-version":[{"id":1082,"href":"https:\/\/www.mramriswil.ch\/turnveteranen\/wp-json\/wp\/v2\/posts\/1081\/revisions\/1082"}],"wp:featuredmedia":[{"embeddable":true,"href":"https:\/\/www.mramriswil.ch\/turnveteranen\/wp-json\/wp\/v2\/media\/1080"}],"wp:attachment":[{"href":"https:\/\/www.mramriswil.ch\/turnveteranen\/wp-json\/wp\/v2\/media?parent=1081"}],"wp:term":[{"taxonomy":"category","embeddable":true,"href":"https:\/\/www.mramriswil.ch\/turnveteranen\/wp-json\/wp\/v2\/categories?post=1081"},{"taxonomy":"post_tag","embeddable":true,"href":"https:\/\/www.mramriswil.ch\/turnveteranen\/wp-json\/wp\/v2\/tags?post=1081"}],"curies":[{"name":"wp","href":"https:\/\/api.w.org\/{rel}","templated":true}]}}