{"id":1255,"date":"2024-05-15T13:17:12","date_gmt":"2024-05-15T13:17:12","guid":{"rendered":"https:\/\/www.mramriswil.ch\/turnveteranen\/?p=1255"},"modified":"2024-06-01T13:19:05","modified_gmt":"2024-06-01T13:19:05","slug":"bericht-tageswanderung-2024","status":"publish","type":"post","link":"https:\/\/www.mramriswil.ch\/turnveteranen\/2024\/05\/15\/bericht-tageswanderung-2024\/","title":{"rendered":"Bericht Tageswanderung 2024"},"content":{"rendered":"\n<p>Die Prognose war nicht sehr einladend und das Wetter entsprechend, als sich an diesem nassen Mittwochmorgen 15 Turnveteranen am Bahnhof Amriswil zu ihrer diesj\u00e4hrigen Tageswanderung versammelten. Doch unser Wanderleiter Kurt Hohl zeigte einen unersch\u00fctterlichen Optimismus und sollte vollends recht behalten.<\/p>\n\n\n\n<p>Schon am Bahnhof St.Gallen-Bruggen waren die Strassen trocken und sollten es den ganzen Tag \u00fcber auch bleiben. Nach einem kleinen Kaffeehalt startete unsere Wanderung entlang dem St.Galler Br\u00fcckenweg, der \u00fcber oder unter unglaublichen 19 Br\u00fccken f\u00fchrt. Schon die erste, sogenannte Ganggelibrugg war imposant. Vom Kanton St.Gallen nach Appenzell AR f\u00fchrend, \u00fcberspannt sie die Sitter und eine 220 Kilovolt starke Hochspannungsleitung. Tief unten im Tobel entdeckte man noch zwei uralte gedeckte Holzbr\u00fccken, \u00fcber die einstmals S\u00e4umerwege f\u00fchrten. Weiter gings steil den Kubel hinunter zu einer Holzbr\u00fccke, die der geniale Baumeister Grubenmann 1780 erstellt hat. Von da an folgten wir dem Lauf der Sitter unter den beiden gewaltigen Eisenbahnbr\u00fccken hindurch, die sich in 100 m H\u00f6he \u00fcber das Sittertobel spannen. Bei allen diesen Bauwerken wusste unser F\u00fchrer spannende Details \u00fcber Geschichte, Alter, Konstruktion, Gewicht und sogar Baukosten zu erz\u00e4hlen.<\/p>\n\n\n\n<p>Bald lockte das Restaurant Scheidweg, das mit zahllosen Reliquien der alten Brauerei Stocken geschm\u00fcckt ist, zu einem feinen Mittagessen. Gest\u00e4rkt und etwas ausgeruht wanderten wir weiter von Br\u00fccke zu Br\u00fccke. Aber nicht nur diese waren zu bewundern, sondern auch vieles anderes Wissenswerte s\u00e4umte den Weg. Zum einen war das die erste Wasserstoff-Produktions-St\u00e4tte der Ostschweiz, die mit Strom vom G\u00fcbsensee emmisionsfreien Wasserstoff als Brennstoff der Zukunft herstellt. Dann \u00fcberquerten wir das Open-Air-Gel\u00e4nde, wo schon jetzt fleissig gearbeitet wird f\u00fcr den bald stattfindenden Grossanlass im Sittertobel. Auch erfuhren wir die traurige Geschichte vom Geothermie-Kraftwerk St.Gallen. Weil die Bohrungen seinerzeit ein Erdbeben verursachten, wurde das ganze Projekt sang- und klanglos begraben. Zur\u00fcck bleibt eine h\u00e4ssliche Baustelle, auf der wohl nie Energie gewonnen wird. Schon erreichten wir die letzte der 19 Bauwerke, die unserer Wanderung den Namen gab.<\/p>\n\n\n\n<p>Einen solchen Tag mit soviel Geschichten und Informationen erlebt man selten und daf\u00fcr danken wir unserem Wanderleiter Kurt Hohl ganz herzlich.<\/p>\n\n\n\n<p>Heinz Gisler<\/p>\n\n\n\n<div class=\"wp-block-envira-envira-gallery\"><div id=\"envira-gallery-wrap-1250\" class=\"envira-gallery-wrap envira-lazy-loading-enabled envira-layout-automatic\" itemscope itemtype=\"https:\/\/schema.org\/ImageGallery\"><div class=\"envira-loader\"><div><\/div><div><\/div><div><\/div><div><\/div><\/div><div id=\"envira-gallery-1250\" class=\"envira-gallery-public envira-gallery-0-columns envira-clear envira-gallery-justified-public\" data-envira-id=\"1250\" data-gallery-config='{\"sort_order\":\"title\",\"type\":\"default\",\"layout\":\"automatic\",\"columns\":\"0\",\"gallery_theme\":\"base\",\"justified_margins\":1,\"justified_last_row\":\"nojustify\",\"lazy_loading\":1,\"lazy_loading_delay\":500,\"gutter\":1,\"gutter_mobile\":0,\"margin\":1,\"image_size\":\"default\",\"square_size\":300,\"crop_width\":640,\"crop_height\":480,\"crop\":0,\"crop_position\":\"c\",\"show_more_text\":\"Click for more\",\"additional_copy_0\":0,\"additional_copy_title\":0,\"additional_copy_caption\":0,\"additional_copy_title_caption\":0,\"additional_copy_0_mobile\":0,\"additional_copy_title_mobile\":0,\"additional_copy_caption_mobile\":0,\"additional_copy_title_caption_mobile\":0,\"gallery_column_title_caption\":\"0\",\"gallery_column_title_caption_mobile\":\"0\",\"additional_copy_automatic_0\":0,\"additional_copy_automatic_title\":0,\"additional_copy_automatic_caption\":0,\"additional_copy_automatic_title_caption\":0,\"additional_copy_automatic_0_mobile\":0,\"additional_copy_automatic_title_mobile\":0,\"additional_copy_automatic_caption_mobile\":0,\"additional_copy_automatic_title_caption_mobile\":0,\"gallery_automatic_title_caption\":\"0\",\"gallery_automatic_title_caption_mobile\":\"0\",\"justified_row_height\":150,\"description_position\":\"0\",\"description\":\"\",\"random\":\"title\",\"sorting_direction\":\"ASC\",\"image_sizes_random\":[],\"isotope\":0,\"lightbox_enabled\":1,\"gallery_link_enabled\":1,\"lightbox_theme\":\"base_dark\",\"lightbox_image_size\":\"default\",\"title_display\":\"float\",\"lightbox_title_caption\":\"title\",\"arrows\":1,\"arrows_position\":\"inside\",\"toolbar\":1,\"toolbar_title\":0,\"toolbar_position\":\"top\",\"loop\":1,\"lightbox_open_close_effect\":\"fade\",\"effect\":\"fade\",\"supersize\":1,\"thumbnails_toggle\":0,\"thumbnails_hide\":0,\"image_counter\":0,\"lightbox_html_caption\":0,\"thumbnails\":1,\"thumbnails_width\":\"auto\",\"thumbnails_height\":\"auto\",\"thumbnails_position\":\"bottom\",\"thumbnails_custom_size\":0,\"mobile\":1,\"mobile_width\":320,\"mobile_height\":240,\"mobile_lightbox\":1,\"mobile_gallery_link_enabled\":0,\"mobile_arrows\":1,\"mobile_toolbar\":1,\"mobile_thumbnails\":0,\"mobile_touchwipe_close\":0,\"mobile_thumbnails_width\":75,\"mobile_thumbnails_height\":50,\"mobile_justified_row_height\":80,\"keyboard\":true,\"standalone_template\":\"\",\"classes\":[\"\"],\"rtl\":0,\"slug\":\"20240515-tageswanderung\",\"title\":\"\",\"gallery_id\":\"1250\"}' data-gallery-images='[{\"status\":\"active\",\"src\":\"https:\\\/\\\/www.mramriswil.ch\\\/turnveteranen\\\/wp-content\\\/uploads\\\/sites\\\/2\\\/2024\\\/06\\\/20240515-tageswanderung-1.jpg\",\"title\":\"20240515-tageswanderung (1)\",\"link\":\"https:\\\/\\\/www.mramriswil.ch\\\/turnveteranen\\\/wp-content\\\/uploads\\\/sites\\\/2\\\/2024\\\/06\\\/20240515-tageswanderung-1.jpg\",\"alt\":\"\",\"caption\":false,\"thumb\":\"https:\\\/\\\/www.mramriswil.ch\\\/turnveteranen\\\/wp-content\\\/uploads\\\/sites\\\/2\\\/2024\\\/06\\\/20240515-tageswanderung-1-75x50_c.jpg\",\"meta\":{\"aperture\":\"1.6\",\"credit\":null,\"camera\":\"iPhone 13 mini\",\"caption\":\"\",\"created_timestamp\":\"1715771899\",\"copyright\":null,\"focal_length\":\"5.1\",\"iso\":\"50\",\"shutter_speed\":\"0.00052910052910053\",\"title\":\"\",\"orientation\":\"1\",\"keywords\":null,\"resized_images\":null},\"thumbnail\":\"https:\\\/\\\/www.mramriswil.ch\\\/turnveteranen\\\/wp-content\\\/uploads\\\/sites\\\/2\\\/2024\\\/06\\\/20240515-tageswanderung-1-150x150.jpg\",\"medium\":\"https:\\\/\\\/www.mramriswil.ch\\\/turnveteranen\\\/wp-content\\\/uploads\\\/sites\\\/2\\\/2024\\\/06\\\/20240515-tageswanderung-1-300x225.jpg\",\"medium_large\":\"https:\\\/\\\/www.mramriswil.ch\\\/turnveteranen\\\/wp-content\\\/uploads\\\/sites\\\/2\\\/2024\\\/06\\\/20240515-tageswanderung-1-768x576.jpg\",\"large\":\"https:\\\/\\\/www.mramriswil.ch\\\/turnveteranen\\\/wp-content\\\/uploads\\\/sites\\\/2\\\/2024\\\/06\\\/20240515-tageswanderung-1-1024x768.jpg\",\"1536x1536\":\"https:\\\/\\\/www.mramriswil.ch\\\/turnveteranen\\\/wp-content\\\/uploads\\\/sites\\\/2\\\/2024\\\/06\\\/20240515-tageswanderung-1.jpg\",\"2048x2048\":\"https:\\\/\\\/www.mramriswil.ch\\\/turnveteranen\\\/wp-content\\\/uploads\\\/sites\\\/2\\\/2024\\\/06\\\/20240515-tageswanderung-1.jpg\",\"post-thumbnail\":\"https:\\\/\\\/www.mramriswil.ch\\\/turnveteranen\\\/wp-content\\\/uploads\\\/sites\\\/2\\\/2024\\\/06\\\/20240515-tageswanderung-1-100x75.jpg\",\"entry\":\"https:\\\/\\\/www.mramriswil.ch\\\/turnveteranen\\\/wp-content\\\/uploads\\\/sites\\\/2\\\/2024\\\/06\\\/20240515-tageswanderung-1-862x647.jpg\",\"entry-cropped\":\"https:\\\/\\\/www.mramriswil.ch\\\/turnveteranen\\\/wp-content\\\/uploads\\\/sites\\\/2\\\/2024\\\/06\\\/20240515-tageswanderung-1-862x482.jpg\",\"entry-fullwidth\":\"https:\\\/\\\/www.mramriswil.ch\\\/turnveteranen\\\/wp-content\\\/uploads\\\/sites\\\/2\\\/2024\\\/06\\\/20240515-tageswanderung-1-1170x878.jpg\",\"entry-cropped-fullwidth\":\"https:\\\/\\\/www.mramriswil.ch\\\/turnveteranen\\\/wp-content\\\/uploads\\\/sites\\\/2\\\/2024\\\/06\\\/20240515-tageswanderung-1-1170x654.jpg\",\"full\":\"https:\\\/\\\/www.mramriswil.ch\\\/turnveteranen\\\/wp-content\\\/uploads\\\/sites\\\/2\\\/2024\\\/06\\\/20240515-tageswanderung-1.jpg\",\"index\":0,\"id\":1251,\"video\":false,\"opts\":{\"caption\":\"\",\"thumb\":\"https:\\\/\\\/www.mramriswil.ch\\\/turnveteranen\\\/wp-content\\\/uploads\\\/sites\\\/2\\\/2024\\\/06\\\/20240515-tageswanderung-1-75x50_c.jpg\",\"title\":\"20240515-tageswanderung (1)\"},\"gallery_id\":\"1250\"},{\"status\":\"active\",\"src\":\"https:\\\/\\\/www.mramriswil.ch\\\/turnveteranen\\\/wp-content\\\/uploads\\\/sites\\\/2\\\/2024\\\/06\\\/20240515-tageswanderung-2.jpg\",\"title\":\"20240515-tageswanderung (2)\",\"link\":\"https:\\\/\\\/www.mramriswil.ch\\\/turnveteranen\\\/wp-content\\\/uploads\\\/sites\\\/2\\\/2024\\\/06\\\/20240515-tageswanderung-2.jpg\",\"alt\":\"\",\"caption\":false,\"thumb\":\"https:\\\/\\\/www.mramriswil.ch\\\/turnveteranen\\\/wp-content\\\/uploads\\\/sites\\\/2\\\/2024\\\/06\\\/20240515-tageswanderung-2-75x50_c.jpg\",\"meta\":{\"aperture\":\"1.6\",\"credit\":null,\"camera\":\"iPhone 13 mini\",\"caption\":\"\",\"created_timestamp\":\"1715774020\",\"copyright\":null,\"focal_length\":\"5.1\",\"iso\":\"50\",\"shutter_speed\":\"0.0011223344556678\",\"title\":\"\",\"orientation\":\"1\",\"keywords\":null,\"resized_images\":null},\"thumbnail\":\"https:\\\/\\\/www.mramriswil.ch\\\/turnveteranen\\\/wp-content\\\/uploads\\\/sites\\\/2\\\/2024\\\/06\\\/20240515-tageswanderung-2-150x150.jpg\",\"medium\":\"https:\\\/\\\/www.mramriswil.ch\\\/turnveteranen\\\/wp-content\\\/uploads\\\/sites\\\/2\\\/2024\\\/06\\\/20240515-tageswanderung-2-225x300.jpg\",\"medium_large\":\"https:\\\/\\\/www.mramriswil.ch\\\/turnveteranen\\\/wp-content\\\/uploads\\\/sites\\\/2\\\/2024\\\/06\\\/20240515-tageswanderung-2-768x1024.jpg\",\"large\":\"https:\\\/\\\/www.mramriswil.ch\\\/turnveteranen\\\/wp-content\\\/uploads\\\/sites\\\/2\\\/2024\\\/06\\\/20240515-tageswanderung-2-768x1024.jpg\",\"1536x1536\":\"https:\\\/\\\/www.mramriswil.ch\\\/turnveteranen\\\/wp-content\\\/uploads\\\/sites\\\/2\\\/2024\\\/06\\\/20240515-tageswanderung-2.jpg\",\"2048x2048\":\"https:\\\/\\\/www.mramriswil.ch\\\/turnveteranen\\\/wp-content\\\/uploads\\\/sites\\\/2\\\/2024\\\/06\\\/20240515-tageswanderung-2.jpg\",\"post-thumbnail\":\"https:\\\/\\\/www.mramriswil.ch\\\/turnveteranen\\\/wp-content\\\/uploads\\\/sites\\\/2\\\/2024\\\/06\\\/20240515-tageswanderung-2-100x133.jpg\",\"entry\":\"https:\\\/\\\/www.mramriswil.ch\\\/turnveteranen\\\/wp-content\\\/uploads\\\/sites\\\/2\\\/2024\\\/06\\\/20240515-tageswanderung-2-862x1149.jpg\",\"entry-cropped\":\"https:\\\/\\\/www.mramriswil.ch\\\/turnveteranen\\\/wp-content\\\/uploads\\\/sites\\\/2\\\/2024\\\/06\\\/20240515-tageswanderung-2-862x482.jpg\",\"entry-fullwidth\":\"https:\\\/\\\/www.mramriswil.ch\\\/turnveteranen\\\/wp-content\\\/uploads\\\/sites\\\/2\\\/2024\\\/06\\\/20240515-tageswanderung-2.jpg\",\"entry-cropped-fullwidth\":\"https:\\\/\\\/www.mramriswil.ch\\\/turnveteranen\\\/wp-content\\\/uploads\\\/sites\\\/2\\\/2024\\\/06\\\/20240515-tageswanderung-2-960x654.jpg\",\"full\":\"https:\\\/\\\/www.mramriswil.ch\\\/turnveteranen\\\/wp-content\\\/uploads\\\/sites\\\/2\\\/2024\\\/06\\\/20240515-tageswanderung-2.jpg\",\"index\":1,\"id\":1252,\"video\":false,\"opts\":{\"caption\":\"\",\"thumb\":\"https:\\\/\\\/www.mramriswil.ch\\\/turnveteranen\\\/wp-content\\\/uploads\\\/sites\\\/2\\\/2024\\\/06\\\/20240515-tageswanderung-2-75x50_c.jpg\",\"title\":\"20240515-tageswanderung (2)\"},\"gallery_id\":\"1250\"},{\"status\":\"active\",\"src\":\"https:\\\/\\\/www.mramriswil.ch\\\/turnveteranen\\\/wp-content\\\/uploads\\\/sites\\\/2\\\/2024\\\/06\\\/20240515-tageswanderung-3.jpg\",\"title\":\"20240515-tageswanderung (3)\",\"link\":\"https:\\\/\\\/www.mramriswil.ch\\\/turnveteranen\\\/wp-content\\\/uploads\\\/sites\\\/2\\\/2024\\\/06\\\/20240515-tageswanderung-3.jpg\",\"alt\":\"\",\"caption\":false,\"thumb\":\"https:\\\/\\\/www.mramriswil.ch\\\/turnveteranen\\\/wp-content\\\/uploads\\\/sites\\\/2\\\/2024\\\/06\\\/20240515-tageswanderung-3-75x50_c.jpg\",\"meta\":{\"aperture\":\"2.4\",\"credit\":null,\"camera\":\"iPhone 13 mini\",\"caption\":\"\",\"created_timestamp\":\"1715774120\",\"copyright\":null,\"focal_length\":\"1.54\",\"iso\":\"32\",\"shutter_speed\":\"0.0036764705882353\",\"title\":\"\",\"orientation\":\"1\",\"keywords\":null,\"resized_images\":null},\"thumbnail\":\"https:\\\/\\\/www.mramriswil.ch\\\/turnveteranen\\\/wp-content\\\/uploads\\\/sites\\\/2\\\/2024\\\/06\\\/20240515-tageswanderung-3-150x150.jpg\",\"medium\":\"https:\\\/\\\/www.mramriswil.ch\\\/turnveteranen\\\/wp-content\\\/uploads\\\/sites\\\/2\\\/2024\\\/06\\\/20240515-tageswanderung-3-225x300.jpg\",\"medium_large\":\"https:\\\/\\\/www.mramriswil.ch\\\/turnveteranen\\\/wp-content\\\/uploads\\\/sites\\\/2\\\/2024\\\/06\\\/20240515-tageswanderung-3-768x1024.jpg\",\"large\":\"https:\\\/\\\/www.mramriswil.ch\\\/turnveteranen\\\/wp-content\\\/uploads\\\/sites\\\/2\\\/2024\\\/06\\\/20240515-tageswanderung-3-768x1024.jpg\",\"1536x1536\":\"https:\\\/\\\/www.mramriswil.ch\\\/turnveteranen\\\/wp-content\\\/uploads\\\/sites\\\/2\\\/2024\\\/06\\\/20240515-tageswanderung-3.jpg\",\"2048x2048\":\"https:\\\/\\\/www.mramriswil.ch\\\/turnveteranen\\\/wp-content\\\/uploads\\\/sites\\\/2\\\/2024\\\/06\\\/20240515-tageswanderung-3.jpg\",\"post-thumbnail\":\"https:\\\/\\\/www.mramriswil.ch\\\/turnveteranen\\\/wp-content\\\/uploads\\\/sites\\\/2\\\/2024\\\/06\\\/20240515-tageswanderung-3-100x133.jpg\",\"entry\":\"https:\\\/\\\/www.mramriswil.ch\\\/turnveteranen\\\/wp-content\\\/uploads\\\/sites\\\/2\\\/2024\\\/06\\\/20240515-tageswanderung-3-862x1149.jpg\",\"entry-cropped\":\"https:\\\/\\\/www.mramriswil.ch\\\/turnveteranen\\\/wp-content\\\/uploads\\\/sites\\\/2\\\/2024\\\/06\\\/20240515-tageswanderung-3-862x482.jpg\",\"entry-fullwidth\":\"https:\\\/\\\/www.mramriswil.ch\\\/turnveteranen\\\/wp-content\\\/uploads\\\/sites\\\/2\\\/2024\\\/06\\\/20240515-tageswanderung-3.jpg\",\"entry-cropped-fullwidth\":\"https:\\\/\\\/www.mramriswil.ch\\\/turnveteranen\\\/wp-content\\\/uploads\\\/sites\\\/2\\\/2024\\\/06\\\/20240515-tageswanderung-3-960x654.jpg\",\"full\":\"https:\\\/\\\/www.mramriswil.ch\\\/turnveteranen\\\/wp-content\\\/uploads\\\/sites\\\/2\\\/2024\\\/06\\\/20240515-tageswanderung-3.jpg\",\"index\":2,\"id\":1253,\"video\":false,\"opts\":{\"caption\":\"\",\"thumb\":\"https:\\\/\\\/www.mramriswil.ch\\\/turnveteranen\\\/wp-content\\\/uploads\\\/sites\\\/2\\\/2024\\\/06\\\/20240515-tageswanderung-3-75x50_c.jpg\",\"title\":\"20240515-tageswanderung (3)\"},\"gallery_id\":\"1250\"},{\"status\":\"active\",\"src\":\"https:\\\/\\\/www.mramriswil.ch\\\/turnveteranen\\\/wp-content\\\/uploads\\\/sites\\\/2\\\/2024\\\/06\\\/20240515-tageswanderung-4.jpg\",\"title\":\"20240515-tageswanderung (4)\",\"link\":\"https:\\\/\\\/www.mramriswil.ch\\\/turnveteranen\\\/wp-content\\\/uploads\\\/sites\\\/2\\\/2024\\\/06\\\/20240515-tageswanderung-4.jpg\",\"alt\":\"\",\"caption\":false,\"thumb\":\"https:\\\/\\\/www.mramriswil.ch\\\/turnveteranen\\\/wp-content\\\/uploads\\\/sites\\\/2\\\/2024\\\/06\\\/20240515-tageswanderung-4-75x50_c.jpg\",\"meta\":{\"aperture\":\"1.8\",\"credit\":null,\"camera\":\"iPhone 8\",\"caption\":\"\",\"created_timestamp\":\"1715772394\",\"copyright\":null,\"focal_length\":\"3.99\",\"iso\":\"20\",\"shutter_speed\":\"0.0005\",\"title\":\"\",\"orientation\":\"1\",\"keywords\":null,\"resized_images\":null},\"thumbnail\":\"https:\\\/\\\/www.mramriswil.ch\\\/turnveteranen\\\/wp-content\\\/uploads\\\/sites\\\/2\\\/2024\\\/06\\\/20240515-tageswanderung-4-150x150.jpg\",\"medium\":\"https:\\\/\\\/www.mramriswil.ch\\\/turnveteranen\\\/wp-content\\\/uploads\\\/sites\\\/2\\\/2024\\\/06\\\/20240515-tageswanderung-4-300x225.jpg\",\"medium_large\":\"https:\\\/\\\/www.mramriswil.ch\\\/turnveteranen\\\/wp-content\\\/uploads\\\/sites\\\/2\\\/2024\\\/06\\\/20240515-tageswanderung-4-768x576.jpg\",\"large\":\"https:\\\/\\\/www.mramriswil.ch\\\/turnveteranen\\\/wp-content\\\/uploads\\\/sites\\\/2\\\/2024\\\/06\\\/20240515-tageswanderung-4-1024x768.jpg\",\"1536x1536\":\"https:\\\/\\\/www.mramriswil.ch\\\/turnveteranen\\\/wp-content\\\/uploads\\\/sites\\\/2\\\/2024\\\/06\\\/20240515-tageswanderung-4.jpg\",\"2048x2048\":\"https:\\\/\\\/www.mramriswil.ch\\\/turnveteranen\\\/wp-content\\\/uploads\\\/sites\\\/2\\\/2024\\\/06\\\/20240515-tageswanderung-4.jpg\",\"post-thumbnail\":\"https:\\\/\\\/www.mramriswil.ch\\\/turnveteranen\\\/wp-content\\\/uploads\\\/sites\\\/2\\\/2024\\\/06\\\/20240515-tageswanderung-4-100x75.jpg\",\"entry\":\"https:\\\/\\\/www.mramriswil.ch\\\/turnveteranen\\\/wp-content\\\/uploads\\\/sites\\\/2\\\/2024\\\/06\\\/20240515-tageswanderung-4-862x647.jpg\",\"entry-cropped\":\"https:\\\/\\\/www.mramriswil.ch\\\/turnveteranen\\\/wp-content\\\/uploads\\\/sites\\\/2\\\/2024\\\/06\\\/20240515-tageswanderung-4-862x482.jpg\",\"entry-fullwidth\":\"https:\\\/\\\/www.mramriswil.ch\\\/turnveteranen\\\/wp-content\\\/uploads\\\/sites\\\/2\\\/2024\\\/06\\\/20240515-tageswanderung-4-1170x878.jpg\",\"entry-cropped-fullwidth\":\"https:\\\/\\\/www.mramriswil.ch\\\/turnveteranen\\\/wp-content\\\/uploads\\\/sites\\\/2\\\/2024\\\/06\\\/20240515-tageswanderung-4-1170x654.jpg\",\"full\":\"https:\\\/\\\/www.mramriswil.ch\\\/turnveteranen\\\/wp-content\\\/uploads\\\/sites\\\/2\\\/2024\\\/06\\\/20240515-tageswanderung-4.jpg\",\"index\":3,\"id\":1254,\"video\":false,\"opts\":{\"caption\":\"\",\"thumb\":\"https:\\\/\\\/www.mramriswil.ch\\\/turnveteranen\\\/wp-content\\\/uploads\\\/sites\\\/2\\\/2024\\\/06\\\/20240515-tageswanderung-4-75x50_c.jpg\",\"title\":\"20240515-tageswanderung (4)\"},\"gallery_id\":\"1250\"}]' data-lightbox-theme='{&quot;arrows&quot;:true,&quot;margins&quot;:[10,0],&quot;gutter&quot;:&quot;100&quot;,&quot;thumbs_position&quot;:&quot;bottom&quot;,&quot;base_template&quot;:&quot;&lt;div id=\\&quot;envirabox-1250\\&quot; data-envirabox-id=\\&quot;1250\\&quot; class=\\&quot;envirabox-container envirabox-theme-base_dark envirabox-wrap\\&quot; role=\\&quot;dialog\\&quot;&gt;&lt;div class=\\&quot;envirabox-bg\\&quot;&gt;&lt;\\\/div&gt;&lt;div class=\\&quot;envirabox-outer\\&quot;&gt;&lt;div class=\\&quot;envirabox-inner\\&quot;&gt;&lt;div class=\\&quot;envirabox-caption-wrap\\&quot;&gt;&lt;div class=\\&quot;envirabox-title\\&quot;&gt;&lt;\\\/div&gt;&lt;\\\/div&gt;&lt;div class=\\&quot;envirabox-toolbar\\&quot;&gt;&lt;div class=\\&quot;envira-close-button\\&quot;&gt;&lt;a data-envirabox-close class=\\&quot;envirabox-item envirabox-close envirabox-button--close\\&quot; title=\\&quot;Close\\&quot; href=\\&quot;#\\&quot;&gt;&lt;\\\/a&gt;&lt;\\\/div&gt;&lt;\\\/div&gt;&lt;div class=\\&quot;envirabox-navigation\\&quot;&gt;&lt;a data-envirabox-prev title=\\&quot;Prev\\&quot; class=\\&quot;envirabox-arrow envirabox-arrow--left envirabox-nav envirabox-prev\\&quot; href=\\&quot;#\\&quot;&gt;&lt;span&gt;&lt;\\\/span&gt;&lt;\\\/a&gt;&lt;a data-envirabox-next title=\\&quot;Next\\&quot; class=\\&quot;envirabox-arrow envirabox-arrow--right envirabox-nav envirabox-next\\&quot; href=\\&quot;#\\&quot;&gt;&lt;span&gt;&lt;\\\/span&gt;&lt;\\\/a&gt;&lt;\\\/div&gt;&lt;div class=\\&quot;envirabox-stage\\&quot;&gt;&lt;\\\/div&gt;&lt;\\\/div&gt;&lt;\\\/div&gt;&lt;\\\/div&gt;&quot;,&quot;load_all&quot;:false,&quot;error_template&quot;:&quot;&lt;div class=\\&quot;envirabox-error\\&quot;&gt;&lt;p&gt;{{ERROR}}&lt;p&gt;&lt;\\\/div&gt;&quot;,&quot;inner_caption&quot;:false,&quot;caption_position&quot;:false,&quot;arrow_position&quot;:false,&quot;toolbar&quot;:true,&quot;infobar&quot;:false,&quot;show_smallbtn&quot;:false,&quot;idle_time&quot;:false,&quot;click_content&quot;:false,&quot;click_slide&quot;:false,&quot;click_outside&quot;:false,&quot;animation_duration&quot;:false,&quot;transition_duration&quot;:false,&quot;small_btn_template&quot;:&quot;&lt;a data-envirabox-close class=\\&quot;envirabox-item envirabox-close envirabox-button--close\\&quot; title=\\&quot;Close\\&quot; href=\\&quot;#\\&quot;&gt;&lt;\\\/a&gt;&quot;}' data-parsed-attrs='{\"id\":\"1250\",\"cache\":true}'><div id=\"envira-gallery-item-1251\" class=\"envira-gallery-item envira-gallery-item-1 envira-lazy-load\" style=\"padding-left: 1px; padding-bottom: 1px; padding-right: 1px;\"  itemscope itemtype=\"https:\/\/schema.org\/ImageObject\"><div class=\"envira-gallery-item-inner\"><div class=\"envira-gallery-position-overlay envira-gallery-top-left\"><\/div><div class=\"envira-gallery-position-overlay envira-gallery-top-right\"><\/div><div class=\"envira-gallery-position-overlay envira-gallery-bottom-left\"><\/div><div class=\"envira-gallery-position-overlay envira-gallery-bottom-right\"><\/div><a class=\"envira-gallery-1250 envira-gallery-link\" href=\"https:\/\/www.mramriswil.ch\/turnveteranen\/wp-content\/uploads\/sites\/2\/2024\/06\/20240515-tageswanderung-1.jpg\" title=\"20240515-tageswanderung (1)\" data-caption=\"\" data-envira-item-id=\"1251\" data-envira-retina=\"https:\/\/www.mramriswil.ch\/turnveteranen\/wp-content\/uploads\/sites\/2\/2024\/06\/20240515-tageswanderung-1.jpg\" data-thumb=\"https:\/\/www.mramriswil.ch\/turnveteranen\/wp-content\/uploads\/sites\/2\/2024\/06\/20240515-tageswanderung-1-75x50_c.jpg\" data-title=\"20240515-tageswanderung (1)\" data-envirabox='1250' itemprop=\"contentUrl\"><img loading=\"lazy\" decoding=\"async\" src=\"https:\/\/www.mramriswil.ch\/turnveteranen\/wp-content\/uploads\/sites\/2\/2024\/06\/20240515-tageswanderung-1-862x647.jpg\" alt=\"\" class=\"envira-gallery-image envira-gallery-image-1    envira-lazy\" height=\"480\" id=\"envira-gallery-image-1251\" srcset=\"data:image\/gif;base64,R0lGODlhAQABAIAAAP\/\/\/\/\/\/\/yH5BAEKAAEALAAAAAABAAEAAAICTAEAOw==\" tabindex=\"-1\" title=\"20240515-tageswanderung (1)\" width=\"640\" data-caption=\"\" data-envira-gallery-id=\"1250\" data-envira-index=\"0\" data-envira-item-id=\"1251\" data-envira-src=\"https:\/\/www.mramriswil.ch\/turnveteranen\/wp-content\/uploads\/sites\/2\/2024\/06\/20240515-tageswanderung-1-862x647.jpg\" data-envira-srcset=\"https:\/\/www.mramriswil.ch\/turnveteranen\/wp-content\/uploads\/sites\/2\/2024\/06\/20240515-tageswanderung-1-862x647.jpg 400w, https:\/\/www.mramriswil.ch\/turnveteranen\/wp-content\/uploads\/sites\/2\/2024\/06\/20240515-tageswanderung-1-862x647.jpg 2x\" data-title=\"20240515-tageswanderung (1)\" itemprop=\"thumbnailUrl\"  data-envirabox=\"1250\" data-automatic-caption=\"\" data-envira-height=\"225\" data-envira-width=\"300\" \/><\/a><\/div><\/div><div id=\"envira-gallery-item-1252\" class=\"envira-gallery-item envira-gallery-item-2 envira-lazy-load\" style=\"padding-left: 1px; padding-bottom: 1px; padding-right: 1px;\"  itemscope itemtype=\"https:\/\/schema.org\/ImageObject\"><div class=\"envira-gallery-item-inner\"><div class=\"envira-gallery-position-overlay envira-gallery-top-left\"><\/div><div class=\"envira-gallery-position-overlay envira-gallery-top-right\"><\/div><div class=\"envira-gallery-position-overlay envira-gallery-bottom-left\"><\/div><div class=\"envira-gallery-position-overlay envira-gallery-bottom-right\"><\/div><a class=\"envira-gallery-1250 envira-gallery-link\" href=\"https:\/\/www.mramriswil.ch\/turnveteranen\/wp-content\/uploads\/sites\/2\/2024\/06\/20240515-tageswanderung-2.jpg\" title=\"20240515-tageswanderung (2)\" data-caption=\"\" data-envira-item-id=\"1252\" data-envira-retina=\"https:\/\/www.mramriswil.ch\/turnveteranen\/wp-content\/uploads\/sites\/2\/2024\/06\/20240515-tageswanderung-2.jpg\" data-thumb=\"https:\/\/www.mramriswil.ch\/turnveteranen\/wp-content\/uploads\/sites\/2\/2024\/06\/20240515-tageswanderung-2-75x50_c.jpg\" data-title=\"20240515-tageswanderung (2)\" data-envirabox='1250' itemprop=\"contentUrl\"><img loading=\"lazy\" decoding=\"async\" src=\"https:\/\/www.mramriswil.ch\/turnveteranen\/wp-content\/uploads\/sites\/2\/2024\/06\/20240515-tageswanderung-2-862x1149.jpg\" alt=\"\" class=\"envira-gallery-image envira-gallery-image-2    envira-lazy\" height=\"480\" id=\"envira-gallery-image-1252\" srcset=\"data:image\/gif;base64,R0lGODlhAQABAIAAAP\/\/\/\/\/\/\/yH5BAEKAAEALAAAAAABAAEAAAICTAEAOw==\" tabindex=\"-1\" title=\"20240515-tageswanderung (2)\" width=\"640\" data-caption=\"\" data-envira-gallery-id=\"1250\" data-envira-index=\"1\" data-envira-item-id=\"1252\" data-envira-src=\"https:\/\/www.mramriswil.ch\/turnveteranen\/wp-content\/uploads\/sites\/2\/2024\/06\/20240515-tageswanderung-2-862x1149.jpg\" data-envira-srcset=\"https:\/\/www.mramriswil.ch\/turnveteranen\/wp-content\/uploads\/sites\/2\/2024\/06\/20240515-tageswanderung-2-862x1149.jpg 400w, https:\/\/www.mramriswil.ch\/turnveteranen\/wp-content\/uploads\/sites\/2\/2024\/06\/20240515-tageswanderung-2-862x1149.jpg 2x\" data-title=\"20240515-tageswanderung (2)\" itemprop=\"thumbnailUrl\"  data-envirabox=\"1250\" data-automatic-caption=\"\" data-envira-height=\"300\" data-envira-width=\"225\" \/><\/a><\/div><\/div><div id=\"envira-gallery-item-1253\" class=\"envira-gallery-item envira-gallery-item-3 envira-lazy-load\" style=\"padding-left: 1px; padding-bottom: 1px; padding-right: 1px;\"  itemscope itemtype=\"https:\/\/schema.org\/ImageObject\"><div class=\"envira-gallery-item-inner\"><div class=\"envira-gallery-position-overlay envira-gallery-top-left\"><\/div><div class=\"envira-gallery-position-overlay envira-gallery-top-right\"><\/div><div class=\"envira-gallery-position-overlay envira-gallery-bottom-left\"><\/div><div class=\"envira-gallery-position-overlay envira-gallery-bottom-right\"><\/div><a class=\"envira-gallery-1250 envira-gallery-link\" href=\"https:\/\/www.mramriswil.ch\/turnveteranen\/wp-content\/uploads\/sites\/2\/2024\/06\/20240515-tageswanderung-3.jpg\" title=\"20240515-tageswanderung (3)\" data-caption=\"\" data-envira-item-id=\"1253\" data-envira-retina=\"https:\/\/www.mramriswil.ch\/turnveteranen\/wp-content\/uploads\/sites\/2\/2024\/06\/20240515-tageswanderung-3.jpg\" data-thumb=\"https:\/\/www.mramriswil.ch\/turnveteranen\/wp-content\/uploads\/sites\/2\/2024\/06\/20240515-tageswanderung-3-75x50_c.jpg\" data-title=\"20240515-tageswanderung (3)\" data-envirabox='1250' itemprop=\"contentUrl\"><img loading=\"lazy\" decoding=\"async\" src=\"https:\/\/www.mramriswil.ch\/turnveteranen\/wp-content\/uploads\/sites\/2\/2024\/06\/20240515-tageswanderung-3-862x1149.jpg\" alt=\"\" class=\"envira-gallery-image envira-gallery-image-3    envira-lazy\" height=\"480\" id=\"envira-gallery-image-1253\" srcset=\"data:image\/gif;base64,R0lGODlhAQABAIAAAP\/\/\/\/\/\/\/yH5BAEKAAEALAAAAAABAAEAAAICTAEAOw==\" tabindex=\"-1\" title=\"20240515-tageswanderung (3)\" width=\"640\" data-caption=\"\" data-envira-gallery-id=\"1250\" data-envira-index=\"2\" data-envira-item-id=\"1253\" data-envira-src=\"https:\/\/www.mramriswil.ch\/turnveteranen\/wp-content\/uploads\/sites\/2\/2024\/06\/20240515-tageswanderung-3-862x1149.jpg\" data-envira-srcset=\"https:\/\/www.mramriswil.ch\/turnveteranen\/wp-content\/uploads\/sites\/2\/2024\/06\/20240515-tageswanderung-3-862x1149.jpg 400w, https:\/\/www.mramriswil.ch\/turnveteranen\/wp-content\/uploads\/sites\/2\/2024\/06\/20240515-tageswanderung-3-862x1149.jpg 2x\" data-title=\"20240515-tageswanderung (3)\" itemprop=\"thumbnailUrl\"  data-envirabox=\"1250\" data-automatic-caption=\"\" data-envira-height=\"300\" data-envira-width=\"225\" \/><\/a><\/div><\/div><div id=\"envira-gallery-item-1254\" class=\"envira-gallery-item envira-gallery-item-4 envira-lazy-load\" style=\"padding-left: 1px; padding-bottom: 1px; padding-right: 1px;\"  itemscope itemtype=\"https:\/\/schema.org\/ImageObject\"><div class=\"envira-gallery-item-inner\"><div class=\"envira-gallery-position-overlay envira-gallery-top-left\"><\/div><div class=\"envira-gallery-position-overlay envira-gallery-top-right\"><\/div><div class=\"envira-gallery-position-overlay envira-gallery-bottom-left\"><\/div><div class=\"envira-gallery-position-overlay envira-gallery-bottom-right\"><\/div><a class=\"envira-gallery-1250 envira-gallery-link\" href=\"https:\/\/www.mramriswil.ch\/turnveteranen\/wp-content\/uploads\/sites\/2\/2024\/06\/20240515-tageswanderung-4.jpg\" title=\"20240515-tageswanderung (4)\" data-caption=\"\" data-envira-item-id=\"1254\" data-envira-retina=\"https:\/\/www.mramriswil.ch\/turnveteranen\/wp-content\/uploads\/sites\/2\/2024\/06\/20240515-tageswanderung-4.jpg\" data-thumb=\"https:\/\/www.mramriswil.ch\/turnveteranen\/wp-content\/uploads\/sites\/2\/2024\/06\/20240515-tageswanderung-4-75x50_c.jpg\" data-title=\"20240515-tageswanderung (4)\" data-envirabox='1250' itemprop=\"contentUrl\"><img loading=\"lazy\" decoding=\"async\" src=\"https:\/\/www.mramriswil.ch\/turnveteranen\/wp-content\/uploads\/sites\/2\/2024\/06\/20240515-tageswanderung-4-862x647.jpg\" alt=\"\" class=\"envira-gallery-image envira-gallery-image-4    envira-lazy\" height=\"480\" id=\"envira-gallery-image-1254\" srcset=\"data:image\/gif;base64,R0lGODlhAQABAIAAAP\/\/\/\/\/\/\/yH5BAEKAAEALAAAAAABAAEAAAICTAEAOw==\" tabindex=\"-1\" title=\"20240515-tageswanderung (4)\" width=\"640\" data-caption=\"\" data-envira-gallery-id=\"1250\" data-envira-index=\"3\" data-envira-item-id=\"1254\" data-envira-src=\"https:\/\/www.mramriswil.ch\/turnveteranen\/wp-content\/uploads\/sites\/2\/2024\/06\/20240515-tageswanderung-4-862x647.jpg\" data-envira-srcset=\"https:\/\/www.mramriswil.ch\/turnveteranen\/wp-content\/uploads\/sites\/2\/2024\/06\/20240515-tageswanderung-4-862x647.jpg 400w, https:\/\/www.mramriswil.ch\/turnveteranen\/wp-content\/uploads\/sites\/2\/2024\/06\/20240515-tageswanderung-4-862x647.jpg 2x\" data-title=\"20240515-tageswanderung (4)\" itemprop=\"thumbnailUrl\"  data-envirabox=\"1250\" data-automatic-caption=\"\" data-envira-height=\"225\" data-envira-width=\"300\" \/><\/a><\/div><\/div><\/div><\/div><noscript><img src='https:\/\/www.mramriswil.ch\/turnveteranen\/wp-content\/uploads\/sites\/2\/2024\/06\/20240515-tageswanderung-1.jpg' alt='' class='envira_noscript_images ' \/><img src='https:\/\/www.mramriswil.ch\/turnveteranen\/wp-content\/uploads\/sites\/2\/2024\/06\/20240515-tageswanderung-2.jpg' alt='' class='envira_noscript_images ' \/><img src='https:\/\/www.mramriswil.ch\/turnveteranen\/wp-content\/uploads\/sites\/2\/2024\/06\/20240515-tageswanderung-3.jpg' alt='' class='envira_noscript_images ' \/><img src='https:\/\/www.mramriswil.ch\/turnveteranen\/wp-content\/uploads\/sites\/2\/2024\/06\/20240515-tageswanderung-4.jpg' alt='' class='envira_noscript_images ' \/><\/noscript><\/div>\n","protected":false},"excerpt":{"rendered":"<p>Die Prognose war nicht sehr einladend und das Wetter entsprechend, als sich an diesem nassen Mittwochmorgen 15 Turnveteranen am Bahnhof Amriswil zu ihrer diesj\u00e4hrigen Tageswanderung versammelten. Doch unser Wanderleiter Kurt &#8230;<\/p>\n","protected":false},"author":1,"featured_media":1251,"comment_status":"closed","ping_status":"open","sticky":false,"template":"","format":"standard","meta":{"rs_blank_template":"","rs_page_bg_color":"","slide_template_v7":"","footnotes":""},"categories":[4],"tags":[],"class_list":["post-1255","post","type-post","status-publish","format-standard","has-post-thumbnail","hentry","category-ausfluege"],"_links":{"self":[{"href":"https:\/\/www.mramriswil.ch\/turnveteranen\/wp-json\/wp\/v2\/posts\/1255","targetHints":{"allow":["GET"]}}],"collection":[{"href":"https:\/\/www.mramriswil.ch\/turnveteranen\/wp-json\/wp\/v2\/posts"}],"about":[{"href":"https:\/\/www.mramriswil.ch\/turnveteranen\/wp-json\/wp\/v2\/types\/post"}],"author":[{"embeddable":true,"href":"https:\/\/www.mramriswil.ch\/turnveteranen\/wp-json\/wp\/v2\/users\/1"}],"replies":[{"embeddable":true,"href":"https:\/\/www.mramriswil.ch\/turnveteranen\/wp-json\/wp\/v2\/comments?post=1255"}],"version-history":[{"count":1,"href":"https:\/\/www.mramriswil.ch\/turnveteranen\/wp-json\/wp\/v2\/posts\/1255\/revisions"}],"predecessor-version":[{"id":1256,"href":"https:\/\/www.mramriswil.ch\/turnveteranen\/wp-json\/wp\/v2\/posts\/1255\/revisions\/1256"}],"wp:featuredmedia":[{"embeddable":true,"href":"https:\/\/www.mramriswil.ch\/turnveteranen\/wp-json\/wp\/v2\/media\/1251"}],"wp:attachment":[{"href":"https:\/\/www.mramriswil.ch\/turnveteranen\/wp-json\/wp\/v2\/media?parent=1255"}],"wp:term":[{"taxonomy":"category","embeddable":true,"href":"https:\/\/www.mramriswil.ch\/turnveteranen\/wp-json\/wp\/v2\/categories?post=1255"},{"taxonomy":"post_tag","embeddable":true,"href":"https:\/\/www.mramriswil.ch\/turnveteranen\/wp-json\/wp\/v2\/tags?post=1255"}],"curies":[{"name":"wp","href":"https:\/\/api.w.org\/{rel}","templated":true}]}}