{"id":396,"date":"2018-09-19T19:43:34","date_gmt":"2018-09-19T19:43:34","guid":{"rendered":"https:\/\/www.mramriswil.ch\/turnveteranen\/?p=396"},"modified":"2019-04-17T09:56:02","modified_gmt":"2019-04-17T09:56:02","slug":"herbstausflug-der-turnveteranen-mit-damen","status":"publish","type":"post","link":"https:\/\/www.mramriswil.ch\/turnveteranen\/2018\/09\/19\/herbstausflug-der-turnveteranen-mit-damen\/","title":{"rendered":"Herbstausflug 2018 der Turnveteranen mit Damen."},"content":{"rendered":"\n<p>Bei sch\u00f6nstem Wetter fuhren 55 Mitglieder mit Partnerinnen und Witwen per Car richtung Hinter-Thurgau. \u00dcber verschlungene Wege erreichten wir die Guhwilm\u00fchle, Elgg, wo wir uns mit Kaffee und Gipfeli st\u00e4rkten. Der Wirth informierte uns \u00fcber die lange Geschichte der M\u00fchle und Gastst\u00e4tte.<\/p>\n\n\n\n<p>Entlang unbekannter Wege f\u00fchrte die Fahrt ins T\u00f6sstal, via Bauma, B\u00e4retswil. Bei perfekter Sicht auf die Alpenkette passierten wir die H\u00f6henstrasse richtung Hinwil, D\u00fcrnten, Gr\u00fcningen, Oetwil, bis auf den Pfannenstiel.<\/p>\n\n\n\n<p>Im Restaurant Hochwacht erwartete uns ein feines Mittagessen. Es blieb gen\u00fcgend Zeit f\u00fcr viele private \u201eschw\u00e4tzchen\u201c, den geschichtstr\u00e4chtigen Aussichtsturm zu besteigen, die Aussicht zu geniessen. Alle die lieber festen Boden unter den F\u00fcssen hatten, blieb auf den vielen B\u00e4nkli gen\u00fcgend Zeit, bei einer  Siesta die Sonne zu geniessen.<\/p>\n\n\n\n<p>Am Nachmittag fuhren wir nach Wetzikon um den gr\u00f6ssten Kreisel der Schweiz, mit einer Kirche als Dekoration. Dann entlang dem Pf\u00e4ffikersee, Weisslingen, Agasul nach Kyburg. Hier genossen wir das Dessert etwas versp\u00e4tet  als Zvieri.<\/p>\n\n\n\n<p>Schon wieder neigt  sich ein besonders gelungener Tag dem Ende zu. So f\u00fchrt uns die Heimfahrt \u00fcber Elgg \u2013 W\u00e4ngi \u2013 Lommis durchs Lauchetal wieder zur\u00fcck nach Amriswil.<\/p>\n\n\n\n<div class=\"wp-block-envira-envira-gallery\"><div id=\"envira-gallery-wrap-399\" class=\"envira-gallery-wrap envira-lazy-loading-enabled envira-layout-automatic\" itemscope itemtype=\"https:\/\/schema.org\/ImageGallery\"><div class=\"envira-loader\"><div><\/div><div><\/div><div><\/div><div><\/div><\/div><div id=\"envira-gallery-399\" class=\"envira-gallery-public envira-gallery-0-columns envira-clear envira-gallery-justified-public\" data-envira-id=\"399\" data-gallery-config='{\"type\":\"default\",\"columns\":\"0\",\"gallery_theme\":\"base\",\"justified_margins\":5,\"justified_last_row\":\"nojustify\",\"lazy_loading\":1,\"lazy_loading_delay\":500,\"gutter\":5,\"margin\":5,\"image_size\":\"default\",\"crop_width\":640,\"crop_height\":480,\"crop\":0,\"crop_position\":\"c\",\"additional_copy_0\":0,\"additional_copy_title\":0,\"additional_copy_caption\":0,\"additional_copy_0_mobile\":0,\"additional_copy_title_mobile\":0,\"additional_copy_caption_mobile\":0,\"additional_copy_automatic_0\":0,\"additional_copy_automatic_title\":1,\"additional_copy_automatic_caption\":1,\"additional_copy_automatic_0_mobile\":0,\"additional_copy_automatic_title_mobile\":1,\"additional_copy_automatic_caption_mobile\":1,\"justified_row_height\":100,\"description_position\":\"0\",\"description\":\"\",\"random\":\"0\",\"sort_order\":\"0\",\"sorting_direction\":\"ASC\",\"image_sizes_random\":[],\"isotope\":1,\"lightbox_enabled\":1,\"gallery_link_enabled\":1,\"lightbox_theme\":\"base_dark\",\"lightbox_image_size\":\"default\",\"title_display\":\"float\",\"lightbox_title_caption\":\"title\",\"arrows\":1,\"arrows_position\":\"inside\",\"aspect\":1,\"toolbar\":0,\"toolbar_title\":0,\"toolbar_position\":\"top\",\"loop\":1,\"lightbox_open_close_effect\":\"fade\",\"effect\":\"fade\",\"supersize\":1,\"thumbnails_toggle\":1,\"thumbnails_hide\":0,\"image_counter\":0,\"thumbnails\":1,\"thumbnails_width\":\"auto\",\"thumbnails_height\":\"auto\",\"thumbnails_position\":\"bottom\",\"thumbnails_custom_size\":0,\"mobile\":1,\"mobile_width\":320,\"mobile_height\":240,\"mobile_lightbox\":1,\"mobile_gallery_link_enabled\":0,\"mobile_arrows\":1,\"mobile_toolbar\":1,\"mobile_thumbnails\":1,\"mobile_touchwipe_close\":1,\"mobile_thumbnails_width\":75,\"mobile_thumbnails_height\":50,\"mobile_justified_row_height\":80,\"keyboard\":true,\"classes\":[\"\"],\"rtl\":0,\"slug\":\"herbstausflug-2018\",\"layout\":\"automatic\",\"gallery_id\":\"399\"}' data-gallery-images='[{\"status\":\"active\",\"src\":\"https:\\\/\\\/www.mramriswil.ch\\\/turnveteranen\\\/wp-content\\\/uploads\\\/sites\\\/2\\\/2019\\\/03\\\/20180919-Herbstausflug-1.jpg\",\"title\":\"20180919-Herbstausflug (1)\",\"link\":\"https:\\\/\\\/www.mramriswil.ch\\\/turnveteranen\\\/wp-content\\\/uploads\\\/sites\\\/2\\\/2019\\\/03\\\/20180919-Herbstausflug-1.jpg\",\"alt\":\"\",\"caption\":false,\"thumb\":\"https:\\\/\\\/www.mramriswil.ch\\\/turnveteranen\\\/wp-content\\\/uploads\\\/sites\\\/2\\\/2019\\\/03\\\/20180919-Herbstausflug-1-75x50_c.jpg\",\"meta\":{\"aperture\":null,\"credit\":null,\"camera\":null,\"caption\":\"\",\"created_timestamp\":null,\"copyright\":null,\"focal_length\":null,\"iso\":null,\"shutter_speed\":null,\"title\":\"\",\"orientation\":null,\"keywords\":null,\"resized_images\":null},\"thumbnail\":\"https:\\\/\\\/www.mramriswil.ch\\\/turnveteranen\\\/wp-content\\\/uploads\\\/sites\\\/2\\\/2019\\\/03\\\/20180919-Herbstausflug-1-150x150.jpg\",\"medium\":\"https:\\\/\\\/www.mramriswil.ch\\\/turnveteranen\\\/wp-content\\\/uploads\\\/sites\\\/2\\\/2019\\\/03\\\/20180919-Herbstausflug-1-300x200.jpg\",\"medium_large\":\"https:\\\/\\\/www.mramriswil.ch\\\/turnveteranen\\\/wp-content\\\/uploads\\\/sites\\\/2\\\/2019\\\/03\\\/20180919-Herbstausflug-1-768x512.jpg\",\"large\":\"https:\\\/\\\/www.mramriswil.ch\\\/turnveteranen\\\/wp-content\\\/uploads\\\/sites\\\/2\\\/2019\\\/03\\\/20180919-Herbstausflug-1-1024x682.jpg\",\"1536x1536\":\"https:\\\/\\\/www.mramriswil.ch\\\/turnveteranen\\\/wp-content\\\/uploads\\\/sites\\\/2\\\/2019\\\/03\\\/20180919-Herbstausflug-1.jpg\",\"2048x2048\":\"https:\\\/\\\/www.mramriswil.ch\\\/turnveteranen\\\/wp-content\\\/uploads\\\/sites\\\/2\\\/2019\\\/03\\\/20180919-Herbstausflug-1.jpg\",\"post-thumbnail\":\"https:\\\/\\\/www.mramriswil.ch\\\/turnveteranen\\\/wp-content\\\/uploads\\\/sites\\\/2\\\/2019\\\/03\\\/20180919-Herbstausflug-1-100x67.jpg\",\"entry\":\"https:\\\/\\\/www.mramriswil.ch\\\/turnveteranen\\\/wp-content\\\/uploads\\\/sites\\\/2\\\/2019\\\/03\\\/20180919-Herbstausflug-1-862x574.jpg\",\"entry-cropped\":\"https:\\\/\\\/www.mramriswil.ch\\\/turnveteranen\\\/wp-content\\\/uploads\\\/sites\\\/2\\\/2019\\\/03\\\/20180919-Herbstausflug-1-862x482.jpg\",\"entry-fullwidth\":\"https:\\\/\\\/www.mramriswil.ch\\\/turnveteranen\\\/wp-content\\\/uploads\\\/sites\\\/2\\\/2019\\\/03\\\/20180919-Herbstausflug-1-1170x780.jpg\",\"entry-cropped-fullwidth\":\"https:\\\/\\\/www.mramriswil.ch\\\/turnveteranen\\\/wp-content\\\/uploads\\\/sites\\\/2\\\/2019\\\/03\\\/20180919-Herbstausflug-1-1170x654.jpg\",\"full\":\"https:\\\/\\\/www.mramriswil.ch\\\/turnveteranen\\\/wp-content\\\/uploads\\\/sites\\\/2\\\/2019\\\/03\\\/20180919-Herbstausflug-1.jpg\",\"index\":0,\"id\":494,\"video\":false,\"opts\":{\"caption\":\"\",\"thumb\":\"https:\\\/\\\/www.mramriswil.ch\\\/turnveteranen\\\/wp-content\\\/uploads\\\/sites\\\/2\\\/2019\\\/03\\\/20180919-Herbstausflug-1-75x50_c.jpg\",\"title\":\"20180919-Herbstausflug (1)\"},\"gallery_id\":\"399\"},{\"status\":\"active\",\"src\":\"https:\\\/\\\/www.mramriswil.ch\\\/turnveteranen\\\/wp-content\\\/uploads\\\/sites\\\/2\\\/2019\\\/03\\\/20180919-Herbstausflug-2.jpg\",\"title\":\"20180919-Herbstausflug (2)\",\"link\":\"https:\\\/\\\/www.mramriswil.ch\\\/turnveteranen\\\/wp-content\\\/uploads\\\/sites\\\/2\\\/2019\\\/03\\\/20180919-Herbstausflug-2.jpg\",\"alt\":\"\",\"caption\":false,\"thumb\":\"https:\\\/\\\/www.mramriswil.ch\\\/turnveteranen\\\/wp-content\\\/uploads\\\/sites\\\/2\\\/2019\\\/03\\\/20180919-Herbstausflug-2-75x50_c.jpg\",\"meta\":{\"aperture\":null,\"credit\":null,\"camera\":null,\"caption\":\"\",\"created_timestamp\":null,\"copyright\":null,\"focal_length\":null,\"iso\":null,\"shutter_speed\":null,\"title\":\"\",\"orientation\":null,\"keywords\":null,\"resized_images\":null},\"thumbnail\":\"https:\\\/\\\/www.mramriswil.ch\\\/turnveteranen\\\/wp-content\\\/uploads\\\/sites\\\/2\\\/2019\\\/03\\\/20180919-Herbstausflug-2-150x150.jpg\",\"medium\":\"https:\\\/\\\/www.mramriswil.ch\\\/turnveteranen\\\/wp-content\\\/uploads\\\/sites\\\/2\\\/2019\\\/03\\\/20180919-Herbstausflug-2-300x200.jpg\",\"medium_large\":\"https:\\\/\\\/www.mramriswil.ch\\\/turnveteranen\\\/wp-content\\\/uploads\\\/sites\\\/2\\\/2019\\\/03\\\/20180919-Herbstausflug-2-768x512.jpg\",\"large\":\"https:\\\/\\\/www.mramriswil.ch\\\/turnveteranen\\\/wp-content\\\/uploads\\\/sites\\\/2\\\/2019\\\/03\\\/20180919-Herbstausflug-2-1024x682.jpg\",\"1536x1536\":\"https:\\\/\\\/www.mramriswil.ch\\\/turnveteranen\\\/wp-content\\\/uploads\\\/sites\\\/2\\\/2019\\\/03\\\/20180919-Herbstausflug-2.jpg\",\"2048x2048\":\"https:\\\/\\\/www.mramriswil.ch\\\/turnveteranen\\\/wp-content\\\/uploads\\\/sites\\\/2\\\/2019\\\/03\\\/20180919-Herbstausflug-2.jpg\",\"post-thumbnail\":\"https:\\\/\\\/www.mramriswil.ch\\\/turnveteranen\\\/wp-content\\\/uploads\\\/sites\\\/2\\\/2019\\\/03\\\/20180919-Herbstausflug-2-100x67.jpg\",\"entry\":\"https:\\\/\\\/www.mramriswil.ch\\\/turnveteranen\\\/wp-content\\\/uploads\\\/sites\\\/2\\\/2019\\\/03\\\/20180919-Herbstausflug-2-862x574.jpg\",\"entry-cropped\":\"https:\\\/\\\/www.mramriswil.ch\\\/turnveteranen\\\/wp-content\\\/uploads\\\/sites\\\/2\\\/2019\\\/03\\\/20180919-Herbstausflug-2-862x482.jpg\",\"entry-fullwidth\":\"https:\\\/\\\/www.mramriswil.ch\\\/turnveteranen\\\/wp-content\\\/uploads\\\/sites\\\/2\\\/2019\\\/03\\\/20180919-Herbstausflug-2-1170x780.jpg\",\"entry-cropped-fullwidth\":\"https:\\\/\\\/www.mramriswil.ch\\\/turnveteranen\\\/wp-content\\\/uploads\\\/sites\\\/2\\\/2019\\\/03\\\/20180919-Herbstausflug-2-1170x654.jpg\",\"full\":\"https:\\\/\\\/www.mramriswil.ch\\\/turnveteranen\\\/wp-content\\\/uploads\\\/sites\\\/2\\\/2019\\\/03\\\/20180919-Herbstausflug-2.jpg\",\"index\":1,\"id\":495,\"video\":false,\"opts\":{\"caption\":\"\",\"thumb\":\"https:\\\/\\\/www.mramriswil.ch\\\/turnveteranen\\\/wp-content\\\/uploads\\\/sites\\\/2\\\/2019\\\/03\\\/20180919-Herbstausflug-2-75x50_c.jpg\",\"title\":\"20180919-Herbstausflug (2)\"},\"gallery_id\":\"399\"},{\"status\":\"active\",\"src\":\"https:\\\/\\\/www.mramriswil.ch\\\/turnveteranen\\\/wp-content\\\/uploads\\\/sites\\\/2\\\/2019\\\/03\\\/20180919-Herbstausflug-3.jpg\",\"title\":\"20180919-Herbstausflug (3)\",\"link\":\"https:\\\/\\\/www.mramriswil.ch\\\/turnveteranen\\\/wp-content\\\/uploads\\\/sites\\\/2\\\/2019\\\/03\\\/20180919-Herbstausflug-3.jpg\",\"alt\":\"\",\"caption\":false,\"thumb\":\"https:\\\/\\\/www.mramriswil.ch\\\/turnveteranen\\\/wp-content\\\/uploads\\\/sites\\\/2\\\/2019\\\/03\\\/20180919-Herbstausflug-3-75x50_c.jpg\",\"meta\":{\"aperture\":null,\"credit\":null,\"camera\":null,\"caption\":\"\",\"created_timestamp\":null,\"copyright\":null,\"focal_length\":null,\"iso\":null,\"shutter_speed\":null,\"title\":\"\",\"orientation\":null,\"keywords\":null,\"resized_images\":null},\"thumbnail\":\"https:\\\/\\\/www.mramriswil.ch\\\/turnveteranen\\\/wp-content\\\/uploads\\\/sites\\\/2\\\/2019\\\/03\\\/20180919-Herbstausflug-3-150x150.jpg\",\"medium\":\"https:\\\/\\\/www.mramriswil.ch\\\/turnveteranen\\\/wp-content\\\/uploads\\\/sites\\\/2\\\/2019\\\/03\\\/20180919-Herbstausflug-3-300x200.jpg\",\"medium_large\":\"https:\\\/\\\/www.mramriswil.ch\\\/turnveteranen\\\/wp-content\\\/uploads\\\/sites\\\/2\\\/2019\\\/03\\\/20180919-Herbstausflug-3-768x512.jpg\",\"large\":\"https:\\\/\\\/www.mramriswil.ch\\\/turnveteranen\\\/wp-content\\\/uploads\\\/sites\\\/2\\\/2019\\\/03\\\/20180919-Herbstausflug-3-1024x682.jpg\",\"1536x1536\":\"https:\\\/\\\/www.mramriswil.ch\\\/turnveteranen\\\/wp-content\\\/uploads\\\/sites\\\/2\\\/2019\\\/03\\\/20180919-Herbstausflug-3.jpg\",\"2048x2048\":\"https:\\\/\\\/www.mramriswil.ch\\\/turnveteranen\\\/wp-content\\\/uploads\\\/sites\\\/2\\\/2019\\\/03\\\/20180919-Herbstausflug-3.jpg\",\"post-thumbnail\":\"https:\\\/\\\/www.mramriswil.ch\\\/turnveteranen\\\/wp-content\\\/uploads\\\/sites\\\/2\\\/2019\\\/03\\\/20180919-Herbstausflug-3-100x67.jpg\",\"entry\":\"https:\\\/\\\/www.mramriswil.ch\\\/turnveteranen\\\/wp-content\\\/uploads\\\/sites\\\/2\\\/2019\\\/03\\\/20180919-Herbstausflug-3-862x574.jpg\",\"entry-cropped\":\"https:\\\/\\\/www.mramriswil.ch\\\/turnveteranen\\\/wp-content\\\/uploads\\\/sites\\\/2\\\/2019\\\/03\\\/20180919-Herbstausflug-3-862x482.jpg\",\"entry-fullwidth\":\"https:\\\/\\\/www.mramriswil.ch\\\/turnveteranen\\\/wp-content\\\/uploads\\\/sites\\\/2\\\/2019\\\/03\\\/20180919-Herbstausflug-3-1170x780.jpg\",\"entry-cropped-fullwidth\":\"https:\\\/\\\/www.mramriswil.ch\\\/turnveteranen\\\/wp-content\\\/uploads\\\/sites\\\/2\\\/2019\\\/03\\\/20180919-Herbstausflug-3-1170x654.jpg\",\"full\":\"https:\\\/\\\/www.mramriswil.ch\\\/turnveteranen\\\/wp-content\\\/uploads\\\/sites\\\/2\\\/2019\\\/03\\\/20180919-Herbstausflug-3.jpg\",\"index\":2,\"id\":496,\"video\":false,\"opts\":{\"caption\":\"\",\"thumb\":\"https:\\\/\\\/www.mramriswil.ch\\\/turnveteranen\\\/wp-content\\\/uploads\\\/sites\\\/2\\\/2019\\\/03\\\/20180919-Herbstausflug-3-75x50_c.jpg\",\"title\":\"20180919-Herbstausflug (3)\"},\"gallery_id\":\"399\"},{\"status\":\"active\",\"src\":\"https:\\\/\\\/www.mramriswil.ch\\\/turnveteranen\\\/wp-content\\\/uploads\\\/sites\\\/2\\\/2019\\\/03\\\/20180919-Herbstausflug-4.jpg\",\"title\":\"20180919-Herbstausflug (4)\",\"link\":\"https:\\\/\\\/www.mramriswil.ch\\\/turnveteranen\\\/wp-content\\\/uploads\\\/sites\\\/2\\\/2019\\\/03\\\/20180919-Herbstausflug-4.jpg\",\"alt\":\"\",\"caption\":false,\"thumb\":\"https:\\\/\\\/www.mramriswil.ch\\\/turnveteranen\\\/wp-content\\\/uploads\\\/sites\\\/2\\\/2019\\\/03\\\/20180919-Herbstausflug-4-75x50_c.jpg\",\"meta\":{\"aperture\":null,\"credit\":null,\"camera\":null,\"caption\":\"\",\"created_timestamp\":null,\"copyright\":null,\"focal_length\":null,\"iso\":null,\"shutter_speed\":null,\"title\":\"\",\"orientation\":null,\"keywords\":null,\"resized_images\":null},\"thumbnail\":\"https:\\\/\\\/www.mramriswil.ch\\\/turnveteranen\\\/wp-content\\\/uploads\\\/sites\\\/2\\\/2019\\\/03\\\/20180919-Herbstausflug-4-150x150.jpg\",\"medium\":\"https:\\\/\\\/www.mramriswil.ch\\\/turnveteranen\\\/wp-content\\\/uploads\\\/sites\\\/2\\\/2019\\\/03\\\/20180919-Herbstausflug-4-300x200.jpg\",\"medium_large\":\"https:\\\/\\\/www.mramriswil.ch\\\/turnveteranen\\\/wp-content\\\/uploads\\\/sites\\\/2\\\/2019\\\/03\\\/20180919-Herbstausflug-4-768x512.jpg\",\"large\":\"https:\\\/\\\/www.mramriswil.ch\\\/turnveteranen\\\/wp-content\\\/uploads\\\/sites\\\/2\\\/2019\\\/03\\\/20180919-Herbstausflug-4-1024x682.jpg\",\"1536x1536\":\"https:\\\/\\\/www.mramriswil.ch\\\/turnveteranen\\\/wp-content\\\/uploads\\\/sites\\\/2\\\/2019\\\/03\\\/20180919-Herbstausflug-4.jpg\",\"2048x2048\":\"https:\\\/\\\/www.mramriswil.ch\\\/turnveteranen\\\/wp-content\\\/uploads\\\/sites\\\/2\\\/2019\\\/03\\\/20180919-Herbstausflug-4.jpg\",\"post-thumbnail\":\"https:\\\/\\\/www.mramriswil.ch\\\/turnveteranen\\\/wp-content\\\/uploads\\\/sites\\\/2\\\/2019\\\/03\\\/20180919-Herbstausflug-4-100x67.jpg\",\"entry\":\"https:\\\/\\\/www.mramriswil.ch\\\/turnveteranen\\\/wp-content\\\/uploads\\\/sites\\\/2\\\/2019\\\/03\\\/20180919-Herbstausflug-4-862x574.jpg\",\"entry-cropped\":\"https:\\\/\\\/www.mramriswil.ch\\\/turnveteranen\\\/wp-content\\\/uploads\\\/sites\\\/2\\\/2019\\\/03\\\/20180919-Herbstausflug-4-862x482.jpg\",\"entry-fullwidth\":\"https:\\\/\\\/www.mramriswil.ch\\\/turnveteranen\\\/wp-content\\\/uploads\\\/sites\\\/2\\\/2019\\\/03\\\/20180919-Herbstausflug-4-1170x780.jpg\",\"entry-cropped-fullwidth\":\"https:\\\/\\\/www.mramriswil.ch\\\/turnveteranen\\\/wp-content\\\/uploads\\\/sites\\\/2\\\/2019\\\/03\\\/20180919-Herbstausflug-4-1170x654.jpg\",\"full\":\"https:\\\/\\\/www.mramriswil.ch\\\/turnveteranen\\\/wp-content\\\/uploads\\\/sites\\\/2\\\/2019\\\/03\\\/20180919-Herbstausflug-4.jpg\",\"index\":3,\"id\":497,\"video\":false,\"opts\":{\"caption\":\"\",\"thumb\":\"https:\\\/\\\/www.mramriswil.ch\\\/turnveteranen\\\/wp-content\\\/uploads\\\/sites\\\/2\\\/2019\\\/03\\\/20180919-Herbstausflug-4-75x50_c.jpg\",\"title\":\"20180919-Herbstausflug (4)\"},\"gallery_id\":\"399\"},{\"status\":\"active\",\"src\":\"https:\\\/\\\/www.mramriswil.ch\\\/turnveteranen\\\/wp-content\\\/uploads\\\/sites\\\/2\\\/2019\\\/03\\\/20180919-Herbstausflug-5.jpg\",\"title\":\"20180919-Herbstausflug (5)\",\"link\":\"https:\\\/\\\/www.mramriswil.ch\\\/turnveteranen\\\/wp-content\\\/uploads\\\/sites\\\/2\\\/2019\\\/03\\\/20180919-Herbstausflug-5.jpg\",\"alt\":\"\",\"caption\":false,\"thumb\":\"https:\\\/\\\/www.mramriswil.ch\\\/turnveteranen\\\/wp-content\\\/uploads\\\/sites\\\/2\\\/2019\\\/03\\\/20180919-Herbstausflug-5-75x50_c.jpg\",\"meta\":{\"aperture\":null,\"credit\":null,\"camera\":null,\"caption\":\"\",\"created_timestamp\":null,\"copyright\":null,\"focal_length\":null,\"iso\":null,\"shutter_speed\":null,\"title\":\"\",\"orientation\":null,\"keywords\":null,\"resized_images\":null},\"thumbnail\":\"https:\\\/\\\/www.mramriswil.ch\\\/turnveteranen\\\/wp-content\\\/uploads\\\/sites\\\/2\\\/2019\\\/03\\\/20180919-Herbstausflug-5-150x150.jpg\",\"medium\":\"https:\\\/\\\/www.mramriswil.ch\\\/turnveteranen\\\/wp-content\\\/uploads\\\/sites\\\/2\\\/2019\\\/03\\\/20180919-Herbstausflug-5-300x200.jpg\",\"medium_large\":\"https:\\\/\\\/www.mramriswil.ch\\\/turnveteranen\\\/wp-content\\\/uploads\\\/sites\\\/2\\\/2019\\\/03\\\/20180919-Herbstausflug-5-768x512.jpg\",\"large\":\"https:\\\/\\\/www.mramriswil.ch\\\/turnveteranen\\\/wp-content\\\/uploads\\\/sites\\\/2\\\/2019\\\/03\\\/20180919-Herbstausflug-5-1024x682.jpg\",\"1536x1536\":\"https:\\\/\\\/www.mramriswil.ch\\\/turnveteranen\\\/wp-content\\\/uploads\\\/sites\\\/2\\\/2019\\\/03\\\/20180919-Herbstausflug-5.jpg\",\"2048x2048\":\"https:\\\/\\\/www.mramriswil.ch\\\/turnveteranen\\\/wp-content\\\/uploads\\\/sites\\\/2\\\/2019\\\/03\\\/20180919-Herbstausflug-5.jpg\",\"post-thumbnail\":\"https:\\\/\\\/www.mramriswil.ch\\\/turnveteranen\\\/wp-content\\\/uploads\\\/sites\\\/2\\\/2019\\\/03\\\/20180919-Herbstausflug-5-100x67.jpg\",\"entry\":\"https:\\\/\\\/www.mramriswil.ch\\\/turnveteranen\\\/wp-content\\\/uploads\\\/sites\\\/2\\\/2019\\\/03\\\/20180919-Herbstausflug-5-862x574.jpg\",\"entry-cropped\":\"https:\\\/\\\/www.mramriswil.ch\\\/turnveteranen\\\/wp-content\\\/uploads\\\/sites\\\/2\\\/2019\\\/03\\\/20180919-Herbstausflug-5-862x482.jpg\",\"entry-fullwidth\":\"https:\\\/\\\/www.mramriswil.ch\\\/turnveteranen\\\/wp-content\\\/uploads\\\/sites\\\/2\\\/2019\\\/03\\\/20180919-Herbstausflug-5-1170x780.jpg\",\"entry-cropped-fullwidth\":\"https:\\\/\\\/www.mramriswil.ch\\\/turnveteranen\\\/wp-content\\\/uploads\\\/sites\\\/2\\\/2019\\\/03\\\/20180919-Herbstausflug-5-1170x654.jpg\",\"full\":\"https:\\\/\\\/www.mramriswil.ch\\\/turnveteranen\\\/wp-content\\\/uploads\\\/sites\\\/2\\\/2019\\\/03\\\/20180919-Herbstausflug-5.jpg\",\"index\":4,\"id\":498,\"video\":false,\"opts\":{\"caption\":\"\",\"thumb\":\"https:\\\/\\\/www.mramriswil.ch\\\/turnveteranen\\\/wp-content\\\/uploads\\\/sites\\\/2\\\/2019\\\/03\\\/20180919-Herbstausflug-5-75x50_c.jpg\",\"title\":\"20180919-Herbstausflug (5)\"},\"gallery_id\":\"399\"},{\"status\":\"active\",\"src\":\"https:\\\/\\\/www.mramriswil.ch\\\/turnveteranen\\\/wp-content\\\/uploads\\\/sites\\\/2\\\/2019\\\/03\\\/20180919-Herbstausflug-6.jpg\",\"title\":\"20180919-Herbstausflug (6)\",\"link\":\"https:\\\/\\\/www.mramriswil.ch\\\/turnveteranen\\\/wp-content\\\/uploads\\\/sites\\\/2\\\/2019\\\/03\\\/20180919-Herbstausflug-6.jpg\",\"alt\":\"\",\"caption\":false,\"thumb\":\"https:\\\/\\\/www.mramriswil.ch\\\/turnveteranen\\\/wp-content\\\/uploads\\\/sites\\\/2\\\/2019\\\/03\\\/20180919-Herbstausflug-6-75x50_c.jpg\",\"meta\":{\"aperture\":null,\"credit\":null,\"camera\":null,\"caption\":\"\",\"created_timestamp\":null,\"copyright\":null,\"focal_length\":null,\"iso\":null,\"shutter_speed\":null,\"title\":\"\",\"orientation\":null,\"keywords\":null,\"resized_images\":null},\"thumbnail\":\"https:\\\/\\\/www.mramriswil.ch\\\/turnveteranen\\\/wp-content\\\/uploads\\\/sites\\\/2\\\/2019\\\/03\\\/20180919-Herbstausflug-6-150x150.jpg\",\"medium\":\"https:\\\/\\\/www.mramriswil.ch\\\/turnveteranen\\\/wp-content\\\/uploads\\\/sites\\\/2\\\/2019\\\/03\\\/20180919-Herbstausflug-6-200x300.jpg\",\"medium_large\":\"https:\\\/\\\/www.mramriswil.ch\\\/turnveteranen\\\/wp-content\\\/uploads\\\/sites\\\/2\\\/2019\\\/03\\\/20180919-Herbstausflug-6.jpg\",\"large\":\"https:\\\/\\\/www.mramriswil.ch\\\/turnveteranen\\\/wp-content\\\/uploads\\\/sites\\\/2\\\/2019\\\/03\\\/20180919-Herbstausflug-6-682x1024.jpg\",\"1536x1536\":\"https:\\\/\\\/www.mramriswil.ch\\\/turnveteranen\\\/wp-content\\\/uploads\\\/sites\\\/2\\\/2019\\\/03\\\/20180919-Herbstausflug-6.jpg\",\"2048x2048\":\"https:\\\/\\\/www.mramriswil.ch\\\/turnveteranen\\\/wp-content\\\/uploads\\\/sites\\\/2\\\/2019\\\/03\\\/20180919-Herbstausflug-6.jpg\",\"post-thumbnail\":\"https:\\\/\\\/www.mramriswil.ch\\\/turnveteranen\\\/wp-content\\\/uploads\\\/sites\\\/2\\\/2019\\\/03\\\/20180919-Herbstausflug-6-100x150.jpg\",\"entry\":\"https:\\\/\\\/www.mramriswil.ch\\\/turnveteranen\\\/wp-content\\\/uploads\\\/sites\\\/2\\\/2019\\\/03\\\/20180919-Herbstausflug-6.jpg\",\"entry-cropped\":\"https:\\\/\\\/www.mramriswil.ch\\\/turnveteranen\\\/wp-content\\\/uploads\\\/sites\\\/2\\\/2019\\\/03\\\/20180919-Herbstausflug-6-682x482.jpg\",\"entry-fullwidth\":\"https:\\\/\\\/www.mramriswil.ch\\\/turnveteranen\\\/wp-content\\\/uploads\\\/sites\\\/2\\\/2019\\\/03\\\/20180919-Herbstausflug-6.jpg\",\"entry-cropped-fullwidth\":\"https:\\\/\\\/www.mramriswil.ch\\\/turnveteranen\\\/wp-content\\\/uploads\\\/sites\\\/2\\\/2019\\\/03\\\/20180919-Herbstausflug-6-682x654.jpg\",\"full\":\"https:\\\/\\\/www.mramriswil.ch\\\/turnveteranen\\\/wp-content\\\/uploads\\\/sites\\\/2\\\/2019\\\/03\\\/20180919-Herbstausflug-6.jpg\",\"index\":5,\"id\":499,\"video\":false,\"opts\":{\"caption\":\"\",\"thumb\":\"https:\\\/\\\/www.mramriswil.ch\\\/turnveteranen\\\/wp-content\\\/uploads\\\/sites\\\/2\\\/2019\\\/03\\\/20180919-Herbstausflug-6-75x50_c.jpg\",\"title\":\"20180919-Herbstausflug (6)\"},\"gallery_id\":\"399\"},{\"status\":\"active\",\"src\":\"https:\\\/\\\/www.mramriswil.ch\\\/turnveteranen\\\/wp-content\\\/uploads\\\/sites\\\/2\\\/2019\\\/03\\\/20180919-Herbstausflug-7.jpg\",\"title\":\"20180919-Herbstausflug (7)\",\"link\":\"https:\\\/\\\/www.mramriswil.ch\\\/turnveteranen\\\/wp-content\\\/uploads\\\/sites\\\/2\\\/2019\\\/03\\\/20180919-Herbstausflug-7.jpg\",\"alt\":\"\",\"caption\":false,\"thumb\":\"https:\\\/\\\/www.mramriswil.ch\\\/turnveteranen\\\/wp-content\\\/uploads\\\/sites\\\/2\\\/2019\\\/03\\\/20180919-Herbstausflug-7-75x50_c.jpg\",\"meta\":{\"aperture\":null,\"credit\":null,\"camera\":null,\"caption\":\"\",\"created_timestamp\":null,\"copyright\":null,\"focal_length\":null,\"iso\":null,\"shutter_speed\":null,\"title\":\"\",\"orientation\":null,\"keywords\":null,\"resized_images\":null},\"thumbnail\":\"https:\\\/\\\/www.mramriswil.ch\\\/turnveteranen\\\/wp-content\\\/uploads\\\/sites\\\/2\\\/2019\\\/03\\\/20180919-Herbstausflug-7-150x150.jpg\",\"medium\":\"https:\\\/\\\/www.mramriswil.ch\\\/turnveteranen\\\/wp-content\\\/uploads\\\/sites\\\/2\\\/2019\\\/03\\\/20180919-Herbstausflug-7-300x200.jpg\",\"medium_large\":\"https:\\\/\\\/www.mramriswil.ch\\\/turnveteranen\\\/wp-content\\\/uploads\\\/sites\\\/2\\\/2019\\\/03\\\/20180919-Herbstausflug-7-768x512.jpg\",\"large\":\"https:\\\/\\\/www.mramriswil.ch\\\/turnveteranen\\\/wp-content\\\/uploads\\\/sites\\\/2\\\/2019\\\/03\\\/20180919-Herbstausflug-7-1024x682.jpg\",\"1536x1536\":\"https:\\\/\\\/www.mramriswil.ch\\\/turnveteranen\\\/wp-content\\\/uploads\\\/sites\\\/2\\\/2019\\\/03\\\/20180919-Herbstausflug-7.jpg\",\"2048x2048\":\"https:\\\/\\\/www.mramriswil.ch\\\/turnveteranen\\\/wp-content\\\/uploads\\\/sites\\\/2\\\/2019\\\/03\\\/20180919-Herbstausflug-7.jpg\",\"post-thumbnail\":\"https:\\\/\\\/www.mramriswil.ch\\\/turnveteranen\\\/wp-content\\\/uploads\\\/sites\\\/2\\\/2019\\\/03\\\/20180919-Herbstausflug-7-100x67.jpg\",\"entry\":\"https:\\\/\\\/www.mramriswil.ch\\\/turnveteranen\\\/wp-content\\\/uploads\\\/sites\\\/2\\\/2019\\\/03\\\/20180919-Herbstausflug-7-862x574.jpg\",\"entry-cropped\":\"https:\\\/\\\/www.mramriswil.ch\\\/turnveteranen\\\/wp-content\\\/uploads\\\/sites\\\/2\\\/2019\\\/03\\\/20180919-Herbstausflug-7-862x482.jpg\",\"entry-fullwidth\":\"https:\\\/\\\/www.mramriswil.ch\\\/turnveteranen\\\/wp-content\\\/uploads\\\/sites\\\/2\\\/2019\\\/03\\\/20180919-Herbstausflug-7-1170x780.jpg\",\"entry-cropped-fullwidth\":\"https:\\\/\\\/www.mramriswil.ch\\\/turnveteranen\\\/wp-content\\\/uploads\\\/sites\\\/2\\\/2019\\\/03\\\/20180919-Herbstausflug-7-1170x654.jpg\",\"full\":\"https:\\\/\\\/www.mramriswil.ch\\\/turnveteranen\\\/wp-content\\\/uploads\\\/sites\\\/2\\\/2019\\\/03\\\/20180919-Herbstausflug-7.jpg\",\"index\":6,\"id\":500,\"video\":false,\"opts\":{\"caption\":\"\",\"thumb\":\"https:\\\/\\\/www.mramriswil.ch\\\/turnveteranen\\\/wp-content\\\/uploads\\\/sites\\\/2\\\/2019\\\/03\\\/20180919-Herbstausflug-7-75x50_c.jpg\",\"title\":\"20180919-Herbstausflug (7)\"},\"gallery_id\":\"399\"},{\"status\":\"active\",\"src\":\"https:\\\/\\\/www.mramriswil.ch\\\/turnveteranen\\\/wp-content\\\/uploads\\\/sites\\\/2\\\/2019\\\/03\\\/20180919-Herbstausflug-8.jpg\",\"title\":\"20180919-Herbstausflug (8)\",\"link\":\"https:\\\/\\\/www.mramriswil.ch\\\/turnveteranen\\\/wp-content\\\/uploads\\\/sites\\\/2\\\/2019\\\/03\\\/20180919-Herbstausflug-8.jpg\",\"alt\":\"\",\"caption\":false,\"thumb\":\"https:\\\/\\\/www.mramriswil.ch\\\/turnveteranen\\\/wp-content\\\/uploads\\\/sites\\\/2\\\/2019\\\/03\\\/20180919-Herbstausflug-8-75x50_c.jpg\",\"meta\":{\"aperture\":null,\"credit\":null,\"camera\":null,\"caption\":\"\",\"created_timestamp\":null,\"copyright\":null,\"focal_length\":null,\"iso\":null,\"shutter_speed\":null,\"title\":\"\",\"orientation\":null,\"keywords\":null,\"resized_images\":null},\"thumbnail\":\"https:\\\/\\\/www.mramriswil.ch\\\/turnveteranen\\\/wp-content\\\/uploads\\\/sites\\\/2\\\/2019\\\/03\\\/20180919-Herbstausflug-8-150x150.jpg\",\"medium\":\"https:\\\/\\\/www.mramriswil.ch\\\/turnveteranen\\\/wp-content\\\/uploads\\\/sites\\\/2\\\/2019\\\/03\\\/20180919-Herbstausflug-8-300x200.jpg\",\"medium_large\":\"https:\\\/\\\/www.mramriswil.ch\\\/turnveteranen\\\/wp-content\\\/uploads\\\/sites\\\/2\\\/2019\\\/03\\\/20180919-Herbstausflug-8-768x512.jpg\",\"large\":\"https:\\\/\\\/www.mramriswil.ch\\\/turnveteranen\\\/wp-content\\\/uploads\\\/sites\\\/2\\\/2019\\\/03\\\/20180919-Herbstausflug-8-1024x682.jpg\",\"1536x1536\":\"https:\\\/\\\/www.mramriswil.ch\\\/turnveteranen\\\/wp-content\\\/uploads\\\/sites\\\/2\\\/2019\\\/03\\\/20180919-Herbstausflug-8.jpg\",\"2048x2048\":\"https:\\\/\\\/www.mramriswil.ch\\\/turnveteranen\\\/wp-content\\\/uploads\\\/sites\\\/2\\\/2019\\\/03\\\/20180919-Herbstausflug-8.jpg\",\"post-thumbnail\":\"https:\\\/\\\/www.mramriswil.ch\\\/turnveteranen\\\/wp-content\\\/uploads\\\/sites\\\/2\\\/2019\\\/03\\\/20180919-Herbstausflug-8-100x67.jpg\",\"entry\":\"https:\\\/\\\/www.mramriswil.ch\\\/turnveteranen\\\/wp-content\\\/uploads\\\/sites\\\/2\\\/2019\\\/03\\\/20180919-Herbstausflug-8-862x574.jpg\",\"entry-cropped\":\"https:\\\/\\\/www.mramriswil.ch\\\/turnveteranen\\\/wp-content\\\/uploads\\\/sites\\\/2\\\/2019\\\/03\\\/20180919-Herbstausflug-8-862x482.jpg\",\"entry-fullwidth\":\"https:\\\/\\\/www.mramriswil.ch\\\/turnveteranen\\\/wp-content\\\/uploads\\\/sites\\\/2\\\/2019\\\/03\\\/20180919-Herbstausflug-8-1170x780.jpg\",\"entry-cropped-fullwidth\":\"https:\\\/\\\/www.mramriswil.ch\\\/turnveteranen\\\/wp-content\\\/uploads\\\/sites\\\/2\\\/2019\\\/03\\\/20180919-Herbstausflug-8-1170x654.jpg\",\"full\":\"https:\\\/\\\/www.mramriswil.ch\\\/turnveteranen\\\/wp-content\\\/uploads\\\/sites\\\/2\\\/2019\\\/03\\\/20180919-Herbstausflug-8.jpg\",\"index\":7,\"id\":501,\"video\":false,\"opts\":{\"caption\":\"\",\"thumb\":\"https:\\\/\\\/www.mramriswil.ch\\\/turnveteranen\\\/wp-content\\\/uploads\\\/sites\\\/2\\\/2019\\\/03\\\/20180919-Herbstausflug-8-75x50_c.jpg\",\"title\":\"20180919-Herbstausflug (8)\"},\"gallery_id\":\"399\"},{\"status\":\"active\",\"src\":\"https:\\\/\\\/www.mramriswil.ch\\\/turnveteranen\\\/wp-content\\\/uploads\\\/sites\\\/2\\\/2019\\\/03\\\/20180919-Herbstausflug-9.jpg\",\"title\":\"20180919-Herbstausflug (9)\",\"link\":\"https:\\\/\\\/www.mramriswil.ch\\\/turnveteranen\\\/wp-content\\\/uploads\\\/sites\\\/2\\\/2019\\\/03\\\/20180919-Herbstausflug-9.jpg\",\"alt\":\"\",\"caption\":false,\"thumb\":\"https:\\\/\\\/www.mramriswil.ch\\\/turnveteranen\\\/wp-content\\\/uploads\\\/sites\\\/2\\\/2019\\\/03\\\/20180919-Herbstausflug-9-75x50_c.jpg\",\"meta\":{\"aperture\":null,\"credit\":null,\"camera\":null,\"caption\":\"\",\"created_timestamp\":null,\"copyright\":null,\"focal_length\":null,\"iso\":null,\"shutter_speed\":null,\"title\":\"\",\"orientation\":null,\"keywords\":null,\"resized_images\":null},\"thumbnail\":\"https:\\\/\\\/www.mramriswil.ch\\\/turnveteranen\\\/wp-content\\\/uploads\\\/sites\\\/2\\\/2019\\\/03\\\/20180919-Herbstausflug-9-150x150.jpg\",\"medium\":\"https:\\\/\\\/www.mramriswil.ch\\\/turnveteranen\\\/wp-content\\\/uploads\\\/sites\\\/2\\\/2019\\\/03\\\/20180919-Herbstausflug-9-300x200.jpg\",\"medium_large\":\"https:\\\/\\\/www.mramriswil.ch\\\/turnveteranen\\\/wp-content\\\/uploads\\\/sites\\\/2\\\/2019\\\/03\\\/20180919-Herbstausflug-9-768x512.jpg\",\"large\":\"https:\\\/\\\/www.mramriswil.ch\\\/turnveteranen\\\/wp-content\\\/uploads\\\/sites\\\/2\\\/2019\\\/03\\\/20180919-Herbstausflug-9-1024x682.jpg\",\"1536x1536\":\"https:\\\/\\\/www.mramriswil.ch\\\/turnveteranen\\\/wp-content\\\/uploads\\\/sites\\\/2\\\/2019\\\/03\\\/20180919-Herbstausflug-9.jpg\",\"2048x2048\":\"https:\\\/\\\/www.mramriswil.ch\\\/turnveteranen\\\/wp-content\\\/uploads\\\/sites\\\/2\\\/2019\\\/03\\\/20180919-Herbstausflug-9.jpg\",\"post-thumbnail\":\"https:\\\/\\\/www.mramriswil.ch\\\/turnveteranen\\\/wp-content\\\/uploads\\\/sites\\\/2\\\/2019\\\/03\\\/20180919-Herbstausflug-9-100x67.jpg\",\"entry\":\"https:\\\/\\\/www.mramriswil.ch\\\/turnveteranen\\\/wp-content\\\/uploads\\\/sites\\\/2\\\/2019\\\/03\\\/20180919-Herbstausflug-9-862x574.jpg\",\"entry-cropped\":\"https:\\\/\\\/www.mramriswil.ch\\\/turnveteranen\\\/wp-content\\\/uploads\\\/sites\\\/2\\\/2019\\\/03\\\/20180919-Herbstausflug-9-862x482.jpg\",\"entry-fullwidth\":\"https:\\\/\\\/www.mramriswil.ch\\\/turnveteranen\\\/wp-content\\\/uploads\\\/sites\\\/2\\\/2019\\\/03\\\/20180919-Herbstausflug-9-1170x780.jpg\",\"entry-cropped-fullwidth\":\"https:\\\/\\\/www.mramriswil.ch\\\/turnveteranen\\\/wp-content\\\/uploads\\\/sites\\\/2\\\/2019\\\/03\\\/20180919-Herbstausflug-9-1170x654.jpg\",\"full\":\"https:\\\/\\\/www.mramriswil.ch\\\/turnveteranen\\\/wp-content\\\/uploads\\\/sites\\\/2\\\/2019\\\/03\\\/20180919-Herbstausflug-9.jpg\",\"index\":8,\"id\":502,\"video\":false,\"opts\":{\"caption\":\"\",\"thumb\":\"https:\\\/\\\/www.mramriswil.ch\\\/turnveteranen\\\/wp-content\\\/uploads\\\/sites\\\/2\\\/2019\\\/03\\\/20180919-Herbstausflug-9-75x50_c.jpg\",\"title\":\"20180919-Herbstausflug (9)\"},\"gallery_id\":\"399\"},{\"status\":\"active\",\"src\":\"https:\\\/\\\/www.mramriswil.ch\\\/turnveteranen\\\/wp-content\\\/uploads\\\/sites\\\/2\\\/2019\\\/03\\\/20180919-Herbstausflug-10.jpg\",\"title\":\"20180919-Herbstausflug (10)\",\"link\":\"https:\\\/\\\/www.mramriswil.ch\\\/turnveteranen\\\/wp-content\\\/uploads\\\/sites\\\/2\\\/2019\\\/03\\\/20180919-Herbstausflug-10.jpg\",\"alt\":\"\",\"caption\":false,\"thumb\":\"https:\\\/\\\/www.mramriswil.ch\\\/turnveteranen\\\/wp-content\\\/uploads\\\/sites\\\/2\\\/2019\\\/03\\\/20180919-Herbstausflug-10-75x50_c.jpg\",\"meta\":{\"aperture\":null,\"credit\":null,\"camera\":null,\"caption\":\"\",\"created_timestamp\":null,\"copyright\":null,\"focal_length\":null,\"iso\":null,\"shutter_speed\":null,\"title\":\"\",\"orientation\":null,\"keywords\":null,\"resized_images\":null},\"thumbnail\":\"https:\\\/\\\/www.mramriswil.ch\\\/turnveteranen\\\/wp-content\\\/uploads\\\/sites\\\/2\\\/2019\\\/03\\\/20180919-Herbstausflug-10-150x150.jpg\",\"medium\":\"https:\\\/\\\/www.mramriswil.ch\\\/turnveteranen\\\/wp-content\\\/uploads\\\/sites\\\/2\\\/2019\\\/03\\\/20180919-Herbstausflug-10-300x200.jpg\",\"medium_large\":\"https:\\\/\\\/www.mramriswil.ch\\\/turnveteranen\\\/wp-content\\\/uploads\\\/sites\\\/2\\\/2019\\\/03\\\/20180919-Herbstausflug-10-768x512.jpg\",\"large\":\"https:\\\/\\\/www.mramriswil.ch\\\/turnveteranen\\\/wp-content\\\/uploads\\\/sites\\\/2\\\/2019\\\/03\\\/20180919-Herbstausflug-10-1024x682.jpg\",\"1536x1536\":\"https:\\\/\\\/www.mramriswil.ch\\\/turnveteranen\\\/wp-content\\\/uploads\\\/sites\\\/2\\\/2019\\\/03\\\/20180919-Herbstausflug-10.jpg\",\"2048x2048\":\"https:\\\/\\\/www.mramriswil.ch\\\/turnveteranen\\\/wp-content\\\/uploads\\\/sites\\\/2\\\/2019\\\/03\\\/20180919-Herbstausflug-10.jpg\",\"post-thumbnail\":\"https:\\\/\\\/www.mramriswil.ch\\\/turnveteranen\\\/wp-content\\\/uploads\\\/sites\\\/2\\\/2019\\\/03\\\/20180919-Herbstausflug-10-100x67.jpg\",\"entry\":\"https:\\\/\\\/www.mramriswil.ch\\\/turnveteranen\\\/wp-content\\\/uploads\\\/sites\\\/2\\\/2019\\\/03\\\/20180919-Herbstausflug-10-862x574.jpg\",\"entry-cropped\":\"https:\\\/\\\/www.mramriswil.ch\\\/turnveteranen\\\/wp-content\\\/uploads\\\/sites\\\/2\\\/2019\\\/03\\\/20180919-Herbstausflug-10-862x482.jpg\",\"entry-fullwidth\":\"https:\\\/\\\/www.mramriswil.ch\\\/turnveteranen\\\/wp-content\\\/uploads\\\/sites\\\/2\\\/2019\\\/03\\\/20180919-Herbstausflug-10-1170x780.jpg\",\"entry-cropped-fullwidth\":\"https:\\\/\\\/www.mramriswil.ch\\\/turnveteranen\\\/wp-content\\\/uploads\\\/sites\\\/2\\\/2019\\\/03\\\/20180919-Herbstausflug-10-1170x654.jpg\",\"full\":\"https:\\\/\\\/www.mramriswil.ch\\\/turnveteranen\\\/wp-content\\\/uploads\\\/sites\\\/2\\\/2019\\\/03\\\/20180919-Herbstausflug-10.jpg\",\"index\":9,\"id\":503,\"video\":false,\"opts\":{\"caption\":\"\",\"thumb\":\"https:\\\/\\\/www.mramriswil.ch\\\/turnveteranen\\\/wp-content\\\/uploads\\\/sites\\\/2\\\/2019\\\/03\\\/20180919-Herbstausflug-10-75x50_c.jpg\",\"title\":\"20180919-Herbstausflug (10)\"},\"gallery_id\":\"399\"},{\"status\":\"active\",\"src\":\"https:\\\/\\\/www.mramriswil.ch\\\/turnveteranen\\\/wp-content\\\/uploads\\\/sites\\\/2\\\/2019\\\/03\\\/20180919-Herbstausflug-11.jpg\",\"title\":\"20180919-Herbstausflug (11)\",\"link\":\"https:\\\/\\\/www.mramriswil.ch\\\/turnveteranen\\\/wp-content\\\/uploads\\\/sites\\\/2\\\/2019\\\/03\\\/20180919-Herbstausflug-11.jpg\",\"alt\":\"\",\"caption\":false,\"thumb\":\"https:\\\/\\\/www.mramriswil.ch\\\/turnveteranen\\\/wp-content\\\/uploads\\\/sites\\\/2\\\/2019\\\/03\\\/20180919-Herbstausflug-11-75x50_c.jpg\",\"meta\":{\"aperture\":null,\"credit\":null,\"camera\":null,\"caption\":\"\",\"created_timestamp\":null,\"copyright\":null,\"focal_length\":null,\"iso\":null,\"shutter_speed\":null,\"title\":\"\",\"orientation\":null,\"keywords\":null,\"resized_images\":null},\"thumbnail\":\"https:\\\/\\\/www.mramriswil.ch\\\/turnveteranen\\\/wp-content\\\/uploads\\\/sites\\\/2\\\/2019\\\/03\\\/20180919-Herbstausflug-11-150x150.jpg\",\"medium\":\"https:\\\/\\\/www.mramriswil.ch\\\/turnveteranen\\\/wp-content\\\/uploads\\\/sites\\\/2\\\/2019\\\/03\\\/20180919-Herbstausflug-11-300x200.jpg\",\"medium_large\":\"https:\\\/\\\/www.mramriswil.ch\\\/turnveteranen\\\/wp-content\\\/uploads\\\/sites\\\/2\\\/2019\\\/03\\\/20180919-Herbstausflug-11-768x512.jpg\",\"large\":\"https:\\\/\\\/www.mramriswil.ch\\\/turnveteranen\\\/wp-content\\\/uploads\\\/sites\\\/2\\\/2019\\\/03\\\/20180919-Herbstausflug-11-1024x682.jpg\",\"1536x1536\":\"https:\\\/\\\/www.mramriswil.ch\\\/turnveteranen\\\/wp-content\\\/uploads\\\/sites\\\/2\\\/2019\\\/03\\\/20180919-Herbstausflug-11.jpg\",\"2048x2048\":\"https:\\\/\\\/www.mramriswil.ch\\\/turnveteranen\\\/wp-content\\\/uploads\\\/sites\\\/2\\\/2019\\\/03\\\/20180919-Herbstausflug-11.jpg\",\"post-thumbnail\":\"https:\\\/\\\/www.mramriswil.ch\\\/turnveteranen\\\/wp-content\\\/uploads\\\/sites\\\/2\\\/2019\\\/03\\\/20180919-Herbstausflug-11-100x67.jpg\",\"entry\":\"https:\\\/\\\/www.mramriswil.ch\\\/turnveteranen\\\/wp-content\\\/uploads\\\/sites\\\/2\\\/2019\\\/03\\\/20180919-Herbstausflug-11-862x574.jpg\",\"entry-cropped\":\"https:\\\/\\\/www.mramriswil.ch\\\/turnveteranen\\\/wp-content\\\/uploads\\\/sites\\\/2\\\/2019\\\/03\\\/20180919-Herbstausflug-11-862x482.jpg\",\"entry-fullwidth\":\"https:\\\/\\\/www.mramriswil.ch\\\/turnveteranen\\\/wp-content\\\/uploads\\\/sites\\\/2\\\/2019\\\/03\\\/20180919-Herbstausflug-11-1170x780.jpg\",\"entry-cropped-fullwidth\":\"https:\\\/\\\/www.mramriswil.ch\\\/turnveteranen\\\/wp-content\\\/uploads\\\/sites\\\/2\\\/2019\\\/03\\\/20180919-Herbstausflug-11-1170x654.jpg\",\"full\":\"https:\\\/\\\/www.mramriswil.ch\\\/turnveteranen\\\/wp-content\\\/uploads\\\/sites\\\/2\\\/2019\\\/03\\\/20180919-Herbstausflug-11.jpg\",\"index\":10,\"id\":504,\"video\":false,\"opts\":{\"caption\":\"\",\"thumb\":\"https:\\\/\\\/www.mramriswil.ch\\\/turnveteranen\\\/wp-content\\\/uploads\\\/sites\\\/2\\\/2019\\\/03\\\/20180919-Herbstausflug-11-75x50_c.jpg\",\"title\":\"20180919-Herbstausflug (11)\"},\"gallery_id\":\"399\"},{\"status\":\"active\",\"src\":\"https:\\\/\\\/www.mramriswil.ch\\\/turnveteranen\\\/wp-content\\\/uploads\\\/sites\\\/2\\\/2019\\\/03\\\/20180919-Herbstausflug-12.jpg\",\"title\":\"20180919-Herbstausflug (12)\",\"link\":\"https:\\\/\\\/www.mramriswil.ch\\\/turnveteranen\\\/wp-content\\\/uploads\\\/sites\\\/2\\\/2019\\\/03\\\/20180919-Herbstausflug-12.jpg\",\"alt\":\"\",\"caption\":false,\"thumb\":\"https:\\\/\\\/www.mramriswil.ch\\\/turnveteranen\\\/wp-content\\\/uploads\\\/sites\\\/2\\\/2019\\\/03\\\/20180919-Herbstausflug-12-75x50_c.jpg\",\"meta\":{\"aperture\":null,\"credit\":null,\"camera\":null,\"caption\":\"\",\"created_timestamp\":null,\"copyright\":null,\"focal_length\":null,\"iso\":null,\"shutter_speed\":null,\"title\":\"\",\"orientation\":null,\"keywords\":null,\"resized_images\":null},\"thumbnail\":\"https:\\\/\\\/www.mramriswil.ch\\\/turnveteranen\\\/wp-content\\\/uploads\\\/sites\\\/2\\\/2019\\\/03\\\/20180919-Herbstausflug-12-150x150.jpg\",\"medium\":\"https:\\\/\\\/www.mramriswil.ch\\\/turnveteranen\\\/wp-content\\\/uploads\\\/sites\\\/2\\\/2019\\\/03\\\/20180919-Herbstausflug-12-300x200.jpg\",\"medium_large\":\"https:\\\/\\\/www.mramriswil.ch\\\/turnveteranen\\\/wp-content\\\/uploads\\\/sites\\\/2\\\/2019\\\/03\\\/20180919-Herbstausflug-12-768x512.jpg\",\"large\":\"https:\\\/\\\/www.mramriswil.ch\\\/turnveteranen\\\/wp-content\\\/uploads\\\/sites\\\/2\\\/2019\\\/03\\\/20180919-Herbstausflug-12-1024x682.jpg\",\"1536x1536\":\"https:\\\/\\\/www.mramriswil.ch\\\/turnveteranen\\\/wp-content\\\/uploads\\\/sites\\\/2\\\/2019\\\/03\\\/20180919-Herbstausflug-12.jpg\",\"2048x2048\":\"https:\\\/\\\/www.mramriswil.ch\\\/turnveteranen\\\/wp-content\\\/uploads\\\/sites\\\/2\\\/2019\\\/03\\\/20180919-Herbstausflug-12.jpg\",\"post-thumbnail\":\"https:\\\/\\\/www.mramriswil.ch\\\/turnveteranen\\\/wp-content\\\/uploads\\\/sites\\\/2\\\/2019\\\/03\\\/20180919-Herbstausflug-12-100x67.jpg\",\"entry\":\"https:\\\/\\\/www.mramriswil.ch\\\/turnveteranen\\\/wp-content\\\/uploads\\\/sites\\\/2\\\/2019\\\/03\\\/20180919-Herbstausflug-12-862x574.jpg\",\"entry-cropped\":\"https:\\\/\\\/www.mramriswil.ch\\\/turnveteranen\\\/wp-content\\\/uploads\\\/sites\\\/2\\\/2019\\\/03\\\/20180919-Herbstausflug-12-862x482.jpg\",\"entry-fullwidth\":\"https:\\\/\\\/www.mramriswil.ch\\\/turnveteranen\\\/wp-content\\\/uploads\\\/sites\\\/2\\\/2019\\\/03\\\/20180919-Herbstausflug-12-1170x780.jpg\",\"entry-cropped-fullwidth\":\"https:\\\/\\\/www.mramriswil.ch\\\/turnveteranen\\\/wp-content\\\/uploads\\\/sites\\\/2\\\/2019\\\/03\\\/20180919-Herbstausflug-12-1170x654.jpg\",\"full\":\"https:\\\/\\\/www.mramriswil.ch\\\/turnveteranen\\\/wp-content\\\/uploads\\\/sites\\\/2\\\/2019\\\/03\\\/20180919-Herbstausflug-12.jpg\",\"index\":11,\"id\":505,\"video\":false,\"opts\":{\"caption\":\"\",\"thumb\":\"https:\\\/\\\/www.mramriswil.ch\\\/turnveteranen\\\/wp-content\\\/uploads\\\/sites\\\/2\\\/2019\\\/03\\\/20180919-Herbstausflug-12-75x50_c.jpg\",\"title\":\"20180919-Herbstausflug (12)\"},\"gallery_id\":\"399\"},{\"status\":\"active\",\"src\":\"https:\\\/\\\/www.mramriswil.ch\\\/turnveteranen\\\/wp-content\\\/uploads\\\/sites\\\/2\\\/2019\\\/03\\\/20180919-Herbstausflug-13.jpg\",\"title\":\"20180919-Herbstausflug (13)\",\"link\":\"https:\\\/\\\/www.mramriswil.ch\\\/turnveteranen\\\/wp-content\\\/uploads\\\/sites\\\/2\\\/2019\\\/03\\\/20180919-Herbstausflug-13.jpg\",\"alt\":\"\",\"caption\":false,\"thumb\":\"https:\\\/\\\/www.mramriswil.ch\\\/turnveteranen\\\/wp-content\\\/uploads\\\/sites\\\/2\\\/2019\\\/03\\\/20180919-Herbstausflug-13-75x50_c.jpg\",\"meta\":{\"aperture\":null,\"credit\":null,\"camera\":null,\"caption\":\"\",\"created_timestamp\":null,\"copyright\":null,\"focal_length\":null,\"iso\":null,\"shutter_speed\":null,\"title\":\"\",\"orientation\":null,\"keywords\":null,\"resized_images\":null},\"thumbnail\":\"https:\\\/\\\/www.mramriswil.ch\\\/turnveteranen\\\/wp-content\\\/uploads\\\/sites\\\/2\\\/2019\\\/03\\\/20180919-Herbstausflug-13-150x150.jpg\",\"medium\":\"https:\\\/\\\/www.mramriswil.ch\\\/turnveteranen\\\/wp-content\\\/uploads\\\/sites\\\/2\\\/2019\\\/03\\\/20180919-Herbstausflug-13-300x225.jpg\",\"medium_large\":\"https:\\\/\\\/www.mramriswil.ch\\\/turnveteranen\\\/wp-content\\\/uploads\\\/sites\\\/2\\\/2019\\\/03\\\/20180919-Herbstausflug-13-768x576.jpg\",\"large\":\"https:\\\/\\\/www.mramriswil.ch\\\/turnveteranen\\\/wp-content\\\/uploads\\\/sites\\\/2\\\/2019\\\/03\\\/20180919-Herbstausflug-13-1024x768.jpg\",\"1536x1536\":\"https:\\\/\\\/www.mramriswil.ch\\\/turnveteranen\\\/wp-content\\\/uploads\\\/sites\\\/2\\\/2019\\\/03\\\/20180919-Herbstausflug-13.jpg\",\"2048x2048\":\"https:\\\/\\\/www.mramriswil.ch\\\/turnveteranen\\\/wp-content\\\/uploads\\\/sites\\\/2\\\/2019\\\/03\\\/20180919-Herbstausflug-13.jpg\",\"post-thumbnail\":\"https:\\\/\\\/www.mramriswil.ch\\\/turnveteranen\\\/wp-content\\\/uploads\\\/sites\\\/2\\\/2019\\\/03\\\/20180919-Herbstausflug-13-100x75.jpg\",\"entry\":\"https:\\\/\\\/www.mramriswil.ch\\\/turnveteranen\\\/wp-content\\\/uploads\\\/sites\\\/2\\\/2019\\\/03\\\/20180919-Herbstausflug-13-862x647.jpg\",\"entry-cropped\":\"https:\\\/\\\/www.mramriswil.ch\\\/turnveteranen\\\/wp-content\\\/uploads\\\/sites\\\/2\\\/2019\\\/03\\\/20180919-Herbstausflug-13-862x482.jpg\",\"entry-fullwidth\":\"https:\\\/\\\/www.mramriswil.ch\\\/turnveteranen\\\/wp-content\\\/uploads\\\/sites\\\/2\\\/2019\\\/03\\\/20180919-Herbstausflug-13-1170x878.jpg\",\"entry-cropped-fullwidth\":\"https:\\\/\\\/www.mramriswil.ch\\\/turnveteranen\\\/wp-content\\\/uploads\\\/sites\\\/2\\\/2019\\\/03\\\/20180919-Herbstausflug-13-1170x654.jpg\",\"full\":\"https:\\\/\\\/www.mramriswil.ch\\\/turnveteranen\\\/wp-content\\\/uploads\\\/sites\\\/2\\\/2019\\\/03\\\/20180919-Herbstausflug-13.jpg\",\"index\":12,\"id\":506,\"video\":false,\"opts\":{\"caption\":\"\",\"thumb\":\"https:\\\/\\\/www.mramriswil.ch\\\/turnveteranen\\\/wp-content\\\/uploads\\\/sites\\\/2\\\/2019\\\/03\\\/20180919-Herbstausflug-13-75x50_c.jpg\",\"title\":\"20180919-Herbstausflug (13)\"},\"gallery_id\":\"399\"},{\"status\":\"active\",\"src\":\"https:\\\/\\\/www.mramriswil.ch\\\/turnveteranen\\\/wp-content\\\/uploads\\\/sites\\\/2\\\/2019\\\/03\\\/20180919-Herbstausflug-14.jpg\",\"title\":\"20180919-Herbstausflug (14)\",\"link\":\"https:\\\/\\\/www.mramriswil.ch\\\/turnveteranen\\\/wp-content\\\/uploads\\\/sites\\\/2\\\/2019\\\/03\\\/20180919-Herbstausflug-14.jpg\",\"alt\":\"\",\"caption\":false,\"thumb\":\"https:\\\/\\\/www.mramriswil.ch\\\/turnveteranen\\\/wp-content\\\/uploads\\\/sites\\\/2\\\/2019\\\/03\\\/20180919-Herbstausflug-14-75x50_c.jpg\",\"meta\":{\"aperture\":null,\"credit\":null,\"camera\":null,\"caption\":\"\",\"created_timestamp\":null,\"copyright\":null,\"focal_length\":null,\"iso\":null,\"shutter_speed\":null,\"title\":\"\",\"orientation\":null,\"keywords\":null,\"resized_images\":null},\"thumbnail\":\"https:\\\/\\\/www.mramriswil.ch\\\/turnveteranen\\\/wp-content\\\/uploads\\\/sites\\\/2\\\/2019\\\/03\\\/20180919-Herbstausflug-14-150x150.jpg\",\"medium\":\"https:\\\/\\\/www.mramriswil.ch\\\/turnveteranen\\\/wp-content\\\/uploads\\\/sites\\\/2\\\/2019\\\/03\\\/20180919-Herbstausflug-14-300x225.jpg\",\"medium_large\":\"https:\\\/\\\/www.mramriswil.ch\\\/turnveteranen\\\/wp-content\\\/uploads\\\/sites\\\/2\\\/2019\\\/03\\\/20180919-Herbstausflug-14-768x576.jpg\",\"large\":\"https:\\\/\\\/www.mramriswil.ch\\\/turnveteranen\\\/wp-content\\\/uploads\\\/sites\\\/2\\\/2019\\\/03\\\/20180919-Herbstausflug-14-1024x768.jpg\",\"1536x1536\":\"https:\\\/\\\/www.mramriswil.ch\\\/turnveteranen\\\/wp-content\\\/uploads\\\/sites\\\/2\\\/2019\\\/03\\\/20180919-Herbstausflug-14.jpg\",\"2048x2048\":\"https:\\\/\\\/www.mramriswil.ch\\\/turnveteranen\\\/wp-content\\\/uploads\\\/sites\\\/2\\\/2019\\\/03\\\/20180919-Herbstausflug-14.jpg\",\"post-thumbnail\":\"https:\\\/\\\/www.mramriswil.ch\\\/turnveteranen\\\/wp-content\\\/uploads\\\/sites\\\/2\\\/2019\\\/03\\\/20180919-Herbstausflug-14-100x75.jpg\",\"entry\":\"https:\\\/\\\/www.mramriswil.ch\\\/turnveteranen\\\/wp-content\\\/uploads\\\/sites\\\/2\\\/2019\\\/03\\\/20180919-Herbstausflug-14-862x647.jpg\",\"entry-cropped\":\"https:\\\/\\\/www.mramriswil.ch\\\/turnveteranen\\\/wp-content\\\/uploads\\\/sites\\\/2\\\/2019\\\/03\\\/20180919-Herbstausflug-14-862x482.jpg\",\"entry-fullwidth\":\"https:\\\/\\\/www.mramriswil.ch\\\/turnveteranen\\\/wp-content\\\/uploads\\\/sites\\\/2\\\/2019\\\/03\\\/20180919-Herbstausflug-14-1170x878.jpg\",\"entry-cropped-fullwidth\":\"https:\\\/\\\/www.mramriswil.ch\\\/turnveteranen\\\/wp-content\\\/uploads\\\/sites\\\/2\\\/2019\\\/03\\\/20180919-Herbstausflug-14-1170x654.jpg\",\"full\":\"https:\\\/\\\/www.mramriswil.ch\\\/turnveteranen\\\/wp-content\\\/uploads\\\/sites\\\/2\\\/2019\\\/03\\\/20180919-Herbstausflug-14.jpg\",\"index\":13,\"id\":507,\"video\":false,\"opts\":{\"caption\":\"\",\"thumb\":\"https:\\\/\\\/www.mramriswil.ch\\\/turnveteranen\\\/wp-content\\\/uploads\\\/sites\\\/2\\\/2019\\\/03\\\/20180919-Herbstausflug-14-75x50_c.jpg\",\"title\":\"20180919-Herbstausflug (14)\"},\"gallery_id\":\"399\"},{\"status\":\"active\",\"src\":\"https:\\\/\\\/www.mramriswil.ch\\\/turnveteranen\\\/wp-content\\\/uploads\\\/sites\\\/2\\\/2019\\\/03\\\/20180919-Herbstausflug-15.jpg\",\"title\":\"20180919-Herbstausflug (15)\",\"link\":\"https:\\\/\\\/www.mramriswil.ch\\\/turnveteranen\\\/wp-content\\\/uploads\\\/sites\\\/2\\\/2019\\\/03\\\/20180919-Herbstausflug-15.jpg\",\"alt\":\"\",\"caption\":false,\"thumb\":\"https:\\\/\\\/www.mramriswil.ch\\\/turnveteranen\\\/wp-content\\\/uploads\\\/sites\\\/2\\\/2019\\\/03\\\/20180919-Herbstausflug-15-75x50_c.jpg\",\"meta\":{\"aperture\":null,\"credit\":null,\"camera\":null,\"caption\":\"\",\"created_timestamp\":null,\"copyright\":null,\"focal_length\":null,\"iso\":null,\"shutter_speed\":null,\"title\":\"\",\"orientation\":null,\"keywords\":null,\"resized_images\":null},\"thumbnail\":\"https:\\\/\\\/www.mramriswil.ch\\\/turnveteranen\\\/wp-content\\\/uploads\\\/sites\\\/2\\\/2019\\\/03\\\/20180919-Herbstausflug-15-150x150.jpg\",\"medium\":\"https:\\\/\\\/www.mramriswil.ch\\\/turnveteranen\\\/wp-content\\\/uploads\\\/sites\\\/2\\\/2019\\\/03\\\/20180919-Herbstausflug-15-300x225.jpg\",\"medium_large\":\"https:\\\/\\\/www.mramriswil.ch\\\/turnveteranen\\\/wp-content\\\/uploads\\\/sites\\\/2\\\/2019\\\/03\\\/20180919-Herbstausflug-15-768x576.jpg\",\"large\":\"https:\\\/\\\/www.mramriswil.ch\\\/turnveteranen\\\/wp-content\\\/uploads\\\/sites\\\/2\\\/2019\\\/03\\\/20180919-Herbstausflug-15-1024x768.jpg\",\"1536x1536\":\"https:\\\/\\\/www.mramriswil.ch\\\/turnveteranen\\\/wp-content\\\/uploads\\\/sites\\\/2\\\/2019\\\/03\\\/20180919-Herbstausflug-15.jpg\",\"2048x2048\":\"https:\\\/\\\/www.mramriswil.ch\\\/turnveteranen\\\/wp-content\\\/uploads\\\/sites\\\/2\\\/2019\\\/03\\\/20180919-Herbstausflug-15.jpg\",\"post-thumbnail\":\"https:\\\/\\\/www.mramriswil.ch\\\/turnveteranen\\\/wp-content\\\/uploads\\\/sites\\\/2\\\/2019\\\/03\\\/20180919-Herbstausflug-15-100x75.jpg\",\"entry\":\"https:\\\/\\\/www.mramriswil.ch\\\/turnveteranen\\\/wp-content\\\/uploads\\\/sites\\\/2\\\/2019\\\/03\\\/20180919-Herbstausflug-15-862x647.jpg\",\"entry-cropped\":\"https:\\\/\\\/www.mramriswil.ch\\\/turnveteranen\\\/wp-content\\\/uploads\\\/sites\\\/2\\\/2019\\\/03\\\/20180919-Herbstausflug-15-862x482.jpg\",\"entry-fullwidth\":\"https:\\\/\\\/www.mramriswil.ch\\\/turnveteranen\\\/wp-content\\\/uploads\\\/sites\\\/2\\\/2019\\\/03\\\/20180919-Herbstausflug-15-1170x878.jpg\",\"entry-cropped-fullwidth\":\"https:\\\/\\\/www.mramriswil.ch\\\/turnveteranen\\\/wp-content\\\/uploads\\\/sites\\\/2\\\/2019\\\/03\\\/20180919-Herbstausflug-15-1170x654.jpg\",\"full\":\"https:\\\/\\\/www.mramriswil.ch\\\/turnveteranen\\\/wp-content\\\/uploads\\\/sites\\\/2\\\/2019\\\/03\\\/20180919-Herbstausflug-15.jpg\",\"index\":14,\"id\":508,\"video\":false,\"opts\":{\"caption\":\"\",\"thumb\":\"https:\\\/\\\/www.mramriswil.ch\\\/turnveteranen\\\/wp-content\\\/uploads\\\/sites\\\/2\\\/2019\\\/03\\\/20180919-Herbstausflug-15-75x50_c.jpg\",\"title\":\"20180919-Herbstausflug (15)\"},\"gallery_id\":\"399\"},{\"status\":\"active\",\"src\":\"https:\\\/\\\/www.mramriswil.ch\\\/turnveteranen\\\/wp-content\\\/uploads\\\/sites\\\/2\\\/2019\\\/03\\\/20180919-Herbstausflug-16.jpg\",\"title\":\"20180919-Herbstausflug (16)\",\"link\":\"https:\\\/\\\/www.mramriswil.ch\\\/turnveteranen\\\/wp-content\\\/uploads\\\/sites\\\/2\\\/2019\\\/03\\\/20180919-Herbstausflug-16.jpg\",\"alt\":\"\",\"caption\":false,\"thumb\":\"https:\\\/\\\/www.mramriswil.ch\\\/turnveteranen\\\/wp-content\\\/uploads\\\/sites\\\/2\\\/2019\\\/03\\\/20180919-Herbstausflug-16-75x50_c.jpg\",\"meta\":{\"aperture\":null,\"credit\":null,\"camera\":null,\"caption\":\"\",\"created_timestamp\":null,\"copyright\":null,\"focal_length\":null,\"iso\":null,\"shutter_speed\":null,\"title\":\"\",\"orientation\":null,\"keywords\":null,\"resized_images\":null},\"thumbnail\":\"https:\\\/\\\/www.mramriswil.ch\\\/turnveteranen\\\/wp-content\\\/uploads\\\/sites\\\/2\\\/2019\\\/03\\\/20180919-Herbstausflug-16-150x150.jpg\",\"medium\":\"https:\\\/\\\/www.mramriswil.ch\\\/turnveteranen\\\/wp-content\\\/uploads\\\/sites\\\/2\\\/2019\\\/03\\\/20180919-Herbstausflug-16-300x225.jpg\",\"medium_large\":\"https:\\\/\\\/www.mramriswil.ch\\\/turnveteranen\\\/wp-content\\\/uploads\\\/sites\\\/2\\\/2019\\\/03\\\/20180919-Herbstausflug-16-768x576.jpg\",\"large\":\"https:\\\/\\\/www.mramriswil.ch\\\/turnveteranen\\\/wp-content\\\/uploads\\\/sites\\\/2\\\/2019\\\/03\\\/20180919-Herbstausflug-16-1024x768.jpg\",\"1536x1536\":\"https:\\\/\\\/www.mramriswil.ch\\\/turnveteranen\\\/wp-content\\\/uploads\\\/sites\\\/2\\\/2019\\\/03\\\/20180919-Herbstausflug-16.jpg\",\"2048x2048\":\"https:\\\/\\\/www.mramriswil.ch\\\/turnveteranen\\\/wp-content\\\/uploads\\\/sites\\\/2\\\/2019\\\/03\\\/20180919-Herbstausflug-16.jpg\",\"post-thumbnail\":\"https:\\\/\\\/www.mramriswil.ch\\\/turnveteranen\\\/wp-content\\\/uploads\\\/sites\\\/2\\\/2019\\\/03\\\/20180919-Herbstausflug-16-100x75.jpg\",\"entry\":\"https:\\\/\\\/www.mramriswil.ch\\\/turnveteranen\\\/wp-content\\\/uploads\\\/sites\\\/2\\\/2019\\\/03\\\/20180919-Herbstausflug-16-862x647.jpg\",\"entry-cropped\":\"https:\\\/\\\/www.mramriswil.ch\\\/turnveteranen\\\/wp-content\\\/uploads\\\/sites\\\/2\\\/2019\\\/03\\\/20180919-Herbstausflug-16-862x482.jpg\",\"entry-fullwidth\":\"https:\\\/\\\/www.mramriswil.ch\\\/turnveteranen\\\/wp-content\\\/uploads\\\/sites\\\/2\\\/2019\\\/03\\\/20180919-Herbstausflug-16-1170x878.jpg\",\"entry-cropped-fullwidth\":\"https:\\\/\\\/www.mramriswil.ch\\\/turnveteranen\\\/wp-content\\\/uploads\\\/sites\\\/2\\\/2019\\\/03\\\/20180919-Herbstausflug-16-1170x654.jpg\",\"full\":\"https:\\\/\\\/www.mramriswil.ch\\\/turnveteranen\\\/wp-content\\\/uploads\\\/sites\\\/2\\\/2019\\\/03\\\/20180919-Herbstausflug-16.jpg\",\"index\":15,\"id\":509,\"video\":false,\"opts\":{\"caption\":\"\",\"thumb\":\"https:\\\/\\\/www.mramriswil.ch\\\/turnveteranen\\\/wp-content\\\/uploads\\\/sites\\\/2\\\/2019\\\/03\\\/20180919-Herbstausflug-16-75x50_c.jpg\",\"title\":\"20180919-Herbstausflug (16)\"},\"gallery_id\":\"399\"},{\"status\":\"active\",\"src\":\"https:\\\/\\\/www.mramriswil.ch\\\/turnveteranen\\\/wp-content\\\/uploads\\\/sites\\\/2\\\/2019\\\/03\\\/20180919-Herbstausflug-17.jpg\",\"title\":\"20180919-Herbstausflug (17)\",\"link\":\"https:\\\/\\\/www.mramriswil.ch\\\/turnveteranen\\\/wp-content\\\/uploads\\\/sites\\\/2\\\/2019\\\/03\\\/20180919-Herbstausflug-17.jpg\",\"alt\":\"\",\"caption\":false,\"thumb\":\"https:\\\/\\\/www.mramriswil.ch\\\/turnveteranen\\\/wp-content\\\/uploads\\\/sites\\\/2\\\/2019\\\/03\\\/20180919-Herbstausflug-17-75x50_c.jpg\",\"meta\":{\"aperture\":null,\"credit\":null,\"camera\":null,\"caption\":\"\",\"created_timestamp\":null,\"copyright\":null,\"focal_length\":null,\"iso\":null,\"shutter_speed\":null,\"title\":\"\",\"orientation\":null,\"keywords\":null,\"resized_images\":null},\"thumbnail\":\"https:\\\/\\\/www.mramriswil.ch\\\/turnveteranen\\\/wp-content\\\/uploads\\\/sites\\\/2\\\/2019\\\/03\\\/20180919-Herbstausflug-17-150x150.jpg\",\"medium\":\"https:\\\/\\\/www.mramriswil.ch\\\/turnveteranen\\\/wp-content\\\/uploads\\\/sites\\\/2\\\/2019\\\/03\\\/20180919-Herbstausflug-17-300x225.jpg\",\"medium_large\":\"https:\\\/\\\/www.mramriswil.ch\\\/turnveteranen\\\/wp-content\\\/uploads\\\/sites\\\/2\\\/2019\\\/03\\\/20180919-Herbstausflug-17-768x576.jpg\",\"large\":\"https:\\\/\\\/www.mramriswil.ch\\\/turnveteranen\\\/wp-content\\\/uploads\\\/sites\\\/2\\\/2019\\\/03\\\/20180919-Herbstausflug-17-1024x768.jpg\",\"1536x1536\":\"https:\\\/\\\/www.mramriswil.ch\\\/turnveteranen\\\/wp-content\\\/uploads\\\/sites\\\/2\\\/2019\\\/03\\\/20180919-Herbstausflug-17.jpg\",\"2048x2048\":\"https:\\\/\\\/www.mramriswil.ch\\\/turnveteranen\\\/wp-content\\\/uploads\\\/sites\\\/2\\\/2019\\\/03\\\/20180919-Herbstausflug-17.jpg\",\"post-thumbnail\":\"https:\\\/\\\/www.mramriswil.ch\\\/turnveteranen\\\/wp-content\\\/uploads\\\/sites\\\/2\\\/2019\\\/03\\\/20180919-Herbstausflug-17-100x75.jpg\",\"entry\":\"https:\\\/\\\/www.mramriswil.ch\\\/turnveteranen\\\/wp-content\\\/uploads\\\/sites\\\/2\\\/2019\\\/03\\\/20180919-Herbstausflug-17-862x647.jpg\",\"entry-cropped\":\"https:\\\/\\\/www.mramriswil.ch\\\/turnveteranen\\\/wp-content\\\/uploads\\\/sites\\\/2\\\/2019\\\/03\\\/20180919-Herbstausflug-17-862x482.jpg\",\"entry-fullwidth\":\"https:\\\/\\\/www.mramriswil.ch\\\/turnveteranen\\\/wp-content\\\/uploads\\\/sites\\\/2\\\/2019\\\/03\\\/20180919-Herbstausflug-17-1170x878.jpg\",\"entry-cropped-fullwidth\":\"https:\\\/\\\/www.mramriswil.ch\\\/turnveteranen\\\/wp-content\\\/uploads\\\/sites\\\/2\\\/2019\\\/03\\\/20180919-Herbstausflug-17-1170x654.jpg\",\"full\":\"https:\\\/\\\/www.mramriswil.ch\\\/turnveteranen\\\/wp-content\\\/uploads\\\/sites\\\/2\\\/2019\\\/03\\\/20180919-Herbstausflug-17.jpg\",\"index\":16,\"id\":510,\"video\":false,\"opts\":{\"caption\":\"\",\"thumb\":\"https:\\\/\\\/www.mramriswil.ch\\\/turnveteranen\\\/wp-content\\\/uploads\\\/sites\\\/2\\\/2019\\\/03\\\/20180919-Herbstausflug-17-75x50_c.jpg\",\"title\":\"20180919-Herbstausflug (17)\"},\"gallery_id\":\"399\"},{\"status\":\"active\",\"src\":\"https:\\\/\\\/www.mramriswil.ch\\\/turnveteranen\\\/wp-content\\\/uploads\\\/sites\\\/2\\\/2019\\\/03\\\/20180919-Herbstausflug-18.jpg\",\"title\":\"20180919-Herbstausflug (18)\",\"link\":\"https:\\\/\\\/www.mramriswil.ch\\\/turnveteranen\\\/wp-content\\\/uploads\\\/sites\\\/2\\\/2019\\\/03\\\/20180919-Herbstausflug-18.jpg\",\"alt\":\"\",\"caption\":false,\"thumb\":\"https:\\\/\\\/www.mramriswil.ch\\\/turnveteranen\\\/wp-content\\\/uploads\\\/sites\\\/2\\\/2019\\\/03\\\/20180919-Herbstausflug-18-75x50_c.jpg\",\"meta\":{\"aperture\":null,\"credit\":null,\"camera\":null,\"caption\":\"\",\"created_timestamp\":null,\"copyright\":null,\"focal_length\":null,\"iso\":null,\"shutter_speed\":null,\"title\":\"\",\"orientation\":null,\"keywords\":null,\"resized_images\":null},\"thumbnail\":\"https:\\\/\\\/www.mramriswil.ch\\\/turnveteranen\\\/wp-content\\\/uploads\\\/sites\\\/2\\\/2019\\\/03\\\/20180919-Herbstausflug-18-150x150.jpg\",\"medium\":\"https:\\\/\\\/www.mramriswil.ch\\\/turnveteranen\\\/wp-content\\\/uploads\\\/sites\\\/2\\\/2019\\\/03\\\/20180919-Herbstausflug-18-225x300.jpg\",\"medium_large\":\"https:\\\/\\\/www.mramriswil.ch\\\/turnveteranen\\\/wp-content\\\/uploads\\\/sites\\\/2\\\/2019\\\/03\\\/20180919-Herbstausflug-18-768x1024.jpg\",\"large\":\"https:\\\/\\\/www.mramriswil.ch\\\/turnveteranen\\\/wp-content\\\/uploads\\\/sites\\\/2\\\/2019\\\/03\\\/20180919-Herbstausflug-18-768x1024.jpg\",\"1536x1536\":\"https:\\\/\\\/www.mramriswil.ch\\\/turnveteranen\\\/wp-content\\\/uploads\\\/sites\\\/2\\\/2019\\\/03\\\/20180919-Herbstausflug-18.jpg\",\"2048x2048\":\"https:\\\/\\\/www.mramriswil.ch\\\/turnveteranen\\\/wp-content\\\/uploads\\\/sites\\\/2\\\/2019\\\/03\\\/20180919-Herbstausflug-18.jpg\",\"post-thumbnail\":\"https:\\\/\\\/www.mramriswil.ch\\\/turnveteranen\\\/wp-content\\\/uploads\\\/sites\\\/2\\\/2019\\\/03\\\/20180919-Herbstausflug-18-100x133.jpg\",\"entry\":\"https:\\\/\\\/www.mramriswil.ch\\\/turnveteranen\\\/wp-content\\\/uploads\\\/sites\\\/2\\\/2019\\\/03\\\/20180919-Herbstausflug-18.jpg\",\"entry-cropped\":\"https:\\\/\\\/www.mramriswil.ch\\\/turnveteranen\\\/wp-content\\\/uploads\\\/sites\\\/2\\\/2019\\\/03\\\/20180919-Herbstausflug-18-768x482.jpg\",\"entry-fullwidth\":\"https:\\\/\\\/www.mramriswil.ch\\\/turnveteranen\\\/wp-content\\\/uploads\\\/sites\\\/2\\\/2019\\\/03\\\/20180919-Herbstausflug-18.jpg\",\"entry-cropped-fullwidth\":\"https:\\\/\\\/www.mramriswil.ch\\\/turnveteranen\\\/wp-content\\\/uploads\\\/sites\\\/2\\\/2019\\\/03\\\/20180919-Herbstausflug-18-768x654.jpg\",\"full\":\"https:\\\/\\\/www.mramriswil.ch\\\/turnveteranen\\\/wp-content\\\/uploads\\\/sites\\\/2\\\/2019\\\/03\\\/20180919-Herbstausflug-18.jpg\",\"index\":17,\"id\":511,\"video\":false,\"opts\":{\"caption\":\"\",\"thumb\":\"https:\\\/\\\/www.mramriswil.ch\\\/turnveteranen\\\/wp-content\\\/uploads\\\/sites\\\/2\\\/2019\\\/03\\\/20180919-Herbstausflug-18-75x50_c.jpg\",\"title\":\"20180919-Herbstausflug (18)\"},\"gallery_id\":\"399\"},{\"status\":\"active\",\"src\":\"https:\\\/\\\/www.mramriswil.ch\\\/turnveteranen\\\/wp-content\\\/uploads\\\/sites\\\/2\\\/2019\\\/03\\\/20180919-Herbstausflug-19.jpg\",\"title\":\"20180919-Herbstausflug (19)\",\"link\":\"https:\\\/\\\/www.mramriswil.ch\\\/turnveteranen\\\/wp-content\\\/uploads\\\/sites\\\/2\\\/2019\\\/03\\\/20180919-Herbstausflug-19.jpg\",\"alt\":\"\",\"caption\":false,\"thumb\":\"https:\\\/\\\/www.mramriswil.ch\\\/turnveteranen\\\/wp-content\\\/uploads\\\/sites\\\/2\\\/2019\\\/03\\\/20180919-Herbstausflug-19-75x50_c.jpg\",\"meta\":{\"aperture\":null,\"credit\":null,\"camera\":null,\"caption\":\"\",\"created_timestamp\":null,\"copyright\":null,\"focal_length\":null,\"iso\":null,\"shutter_speed\":null,\"title\":\"\",\"orientation\":null,\"keywords\":null,\"resized_images\":null},\"thumbnail\":\"https:\\\/\\\/www.mramriswil.ch\\\/turnveteranen\\\/wp-content\\\/uploads\\\/sites\\\/2\\\/2019\\\/03\\\/20180919-Herbstausflug-19-150x150.jpg\",\"medium\":\"https:\\\/\\\/www.mramriswil.ch\\\/turnveteranen\\\/wp-content\\\/uploads\\\/sites\\\/2\\\/2019\\\/03\\\/20180919-Herbstausflug-19-300x225.jpg\",\"medium_large\":\"https:\\\/\\\/www.mramriswil.ch\\\/turnveteranen\\\/wp-content\\\/uploads\\\/sites\\\/2\\\/2019\\\/03\\\/20180919-Herbstausflug-19-768x576.jpg\",\"large\":\"https:\\\/\\\/www.mramriswil.ch\\\/turnveteranen\\\/wp-content\\\/uploads\\\/sites\\\/2\\\/2019\\\/03\\\/20180919-Herbstausflug-19-1024x768.jpg\",\"1536x1536\":\"https:\\\/\\\/www.mramriswil.ch\\\/turnveteranen\\\/wp-content\\\/uploads\\\/sites\\\/2\\\/2019\\\/03\\\/20180919-Herbstausflug-19.jpg\",\"2048x2048\":\"https:\\\/\\\/www.mramriswil.ch\\\/turnveteranen\\\/wp-content\\\/uploads\\\/sites\\\/2\\\/2019\\\/03\\\/20180919-Herbstausflug-19.jpg\",\"post-thumbnail\":\"https:\\\/\\\/www.mramriswil.ch\\\/turnveteranen\\\/wp-content\\\/uploads\\\/sites\\\/2\\\/2019\\\/03\\\/20180919-Herbstausflug-19-100x75.jpg\",\"entry\":\"https:\\\/\\\/www.mramriswil.ch\\\/turnveteranen\\\/wp-content\\\/uploads\\\/sites\\\/2\\\/2019\\\/03\\\/20180919-Herbstausflug-19-862x647.jpg\",\"entry-cropped\":\"https:\\\/\\\/www.mramriswil.ch\\\/turnveteranen\\\/wp-content\\\/uploads\\\/sites\\\/2\\\/2019\\\/03\\\/20180919-Herbstausflug-19-862x482.jpg\",\"entry-fullwidth\":\"https:\\\/\\\/www.mramriswil.ch\\\/turnveteranen\\\/wp-content\\\/uploads\\\/sites\\\/2\\\/2019\\\/03\\\/20180919-Herbstausflug-19-1170x878.jpg\",\"entry-cropped-fullwidth\":\"https:\\\/\\\/www.mramriswil.ch\\\/turnveteranen\\\/wp-content\\\/uploads\\\/sites\\\/2\\\/2019\\\/03\\\/20180919-Herbstausflug-19-1170x654.jpg\",\"full\":\"https:\\\/\\\/www.mramriswil.ch\\\/turnveteranen\\\/wp-content\\\/uploads\\\/sites\\\/2\\\/2019\\\/03\\\/20180919-Herbstausflug-19.jpg\",\"index\":18,\"id\":512,\"video\":false,\"opts\":{\"caption\":\"\",\"thumb\":\"https:\\\/\\\/www.mramriswil.ch\\\/turnveteranen\\\/wp-content\\\/uploads\\\/sites\\\/2\\\/2019\\\/03\\\/20180919-Herbstausflug-19-75x50_c.jpg\",\"title\":\"20180919-Herbstausflug (19)\"},\"gallery_id\":\"399\"},{\"status\":\"active\",\"src\":\"https:\\\/\\\/www.mramriswil.ch\\\/turnveteranen\\\/wp-content\\\/uploads\\\/sites\\\/2\\\/2019\\\/03\\\/20180919-Herbstausflug-20.jpg\",\"title\":\"20180919-Herbstausflug (20)\",\"link\":\"https:\\\/\\\/www.mramriswil.ch\\\/turnveteranen\\\/wp-content\\\/uploads\\\/sites\\\/2\\\/2019\\\/03\\\/20180919-Herbstausflug-20.jpg\",\"alt\":\"\",\"caption\":false,\"thumb\":\"https:\\\/\\\/www.mramriswil.ch\\\/turnveteranen\\\/wp-content\\\/uploads\\\/sites\\\/2\\\/2019\\\/03\\\/20180919-Herbstausflug-20-75x50_c.jpg\",\"meta\":{\"aperture\":null,\"credit\":null,\"camera\":null,\"caption\":\"\",\"created_timestamp\":null,\"copyright\":null,\"focal_length\":null,\"iso\":null,\"shutter_speed\":null,\"title\":\"\",\"orientation\":null,\"keywords\":null,\"resized_images\":null},\"thumbnail\":\"https:\\\/\\\/www.mramriswil.ch\\\/turnveteranen\\\/wp-content\\\/uploads\\\/sites\\\/2\\\/2019\\\/03\\\/20180919-Herbstausflug-20-150x150.jpg\",\"medium\":\"https:\\\/\\\/www.mramriswil.ch\\\/turnveteranen\\\/wp-content\\\/uploads\\\/sites\\\/2\\\/2019\\\/03\\\/20180919-Herbstausflug-20-225x300.jpg\",\"medium_large\":\"https:\\\/\\\/www.mramriswil.ch\\\/turnveteranen\\\/wp-content\\\/uploads\\\/sites\\\/2\\\/2019\\\/03\\\/20180919-Herbstausflug-20-768x1024.jpg\",\"large\":\"https:\\\/\\\/www.mramriswil.ch\\\/turnveteranen\\\/wp-content\\\/uploads\\\/sites\\\/2\\\/2019\\\/03\\\/20180919-Herbstausflug-20-768x1024.jpg\",\"1536x1536\":\"https:\\\/\\\/www.mramriswil.ch\\\/turnveteranen\\\/wp-content\\\/uploads\\\/sites\\\/2\\\/2019\\\/03\\\/20180919-Herbstausflug-20.jpg\",\"2048x2048\":\"https:\\\/\\\/www.mramriswil.ch\\\/turnveteranen\\\/wp-content\\\/uploads\\\/sites\\\/2\\\/2019\\\/03\\\/20180919-Herbstausflug-20.jpg\",\"post-thumbnail\":\"https:\\\/\\\/www.mramriswil.ch\\\/turnveteranen\\\/wp-content\\\/uploads\\\/sites\\\/2\\\/2019\\\/03\\\/20180919-Herbstausflug-20-100x133.jpg\",\"entry\":\"https:\\\/\\\/www.mramriswil.ch\\\/turnveteranen\\\/wp-content\\\/uploads\\\/sites\\\/2\\\/2019\\\/03\\\/20180919-Herbstausflug-20.jpg\",\"entry-cropped\":\"https:\\\/\\\/www.mramriswil.ch\\\/turnveteranen\\\/wp-content\\\/uploads\\\/sites\\\/2\\\/2019\\\/03\\\/20180919-Herbstausflug-20-768x482.jpg\",\"entry-fullwidth\":\"https:\\\/\\\/www.mramriswil.ch\\\/turnveteranen\\\/wp-content\\\/uploads\\\/sites\\\/2\\\/2019\\\/03\\\/20180919-Herbstausflug-20.jpg\",\"entry-cropped-fullwidth\":\"https:\\\/\\\/www.mramriswil.ch\\\/turnveteranen\\\/wp-content\\\/uploads\\\/sites\\\/2\\\/2019\\\/03\\\/20180919-Herbstausflug-20-768x654.jpg\",\"full\":\"https:\\\/\\\/www.mramriswil.ch\\\/turnveteranen\\\/wp-content\\\/uploads\\\/sites\\\/2\\\/2019\\\/03\\\/20180919-Herbstausflug-20.jpg\",\"index\":19,\"id\":513,\"video\":false,\"opts\":{\"caption\":\"\",\"thumb\":\"https:\\\/\\\/www.mramriswil.ch\\\/turnveteranen\\\/wp-content\\\/uploads\\\/sites\\\/2\\\/2019\\\/03\\\/20180919-Herbstausflug-20-75x50_c.jpg\",\"title\":\"20180919-Herbstausflug (20)\"},\"gallery_id\":\"399\"},{\"status\":\"active\",\"src\":\"https:\\\/\\\/www.mramriswil.ch\\\/turnveteranen\\\/wp-content\\\/uploads\\\/sites\\\/2\\\/2019\\\/03\\\/20180919-Herbstausflug-21.jpg\",\"title\":\"20180919-Herbstausflug (21)\",\"link\":\"https:\\\/\\\/www.mramriswil.ch\\\/turnveteranen\\\/wp-content\\\/uploads\\\/sites\\\/2\\\/2019\\\/03\\\/20180919-Herbstausflug-21.jpg\",\"alt\":\"\",\"caption\":false,\"thumb\":\"https:\\\/\\\/www.mramriswil.ch\\\/turnveteranen\\\/wp-content\\\/uploads\\\/sites\\\/2\\\/2019\\\/03\\\/20180919-Herbstausflug-21-75x50_c.jpg\",\"meta\":{\"aperture\":null,\"credit\":null,\"camera\":null,\"caption\":\"\",\"created_timestamp\":null,\"copyright\":null,\"focal_length\":null,\"iso\":null,\"shutter_speed\":null,\"title\":\"\",\"orientation\":null,\"keywords\":null,\"resized_images\":null},\"thumbnail\":\"https:\\\/\\\/www.mramriswil.ch\\\/turnveteranen\\\/wp-content\\\/uploads\\\/sites\\\/2\\\/2019\\\/03\\\/20180919-Herbstausflug-21-150x150.jpg\",\"medium\":\"https:\\\/\\\/www.mramriswil.ch\\\/turnveteranen\\\/wp-content\\\/uploads\\\/sites\\\/2\\\/2019\\\/03\\\/20180919-Herbstausflug-21-225x300.jpg\",\"medium_large\":\"https:\\\/\\\/www.mramriswil.ch\\\/turnveteranen\\\/wp-content\\\/uploads\\\/sites\\\/2\\\/2019\\\/03\\\/20180919-Herbstausflug-21-768x1024.jpg\",\"large\":\"https:\\\/\\\/www.mramriswil.ch\\\/turnveteranen\\\/wp-content\\\/uploads\\\/sites\\\/2\\\/2019\\\/03\\\/20180919-Herbstausflug-21-768x1024.jpg\",\"1536x1536\":\"https:\\\/\\\/www.mramriswil.ch\\\/turnveteranen\\\/wp-content\\\/uploads\\\/sites\\\/2\\\/2019\\\/03\\\/20180919-Herbstausflug-21.jpg\",\"2048x2048\":\"https:\\\/\\\/www.mramriswil.ch\\\/turnveteranen\\\/wp-content\\\/uploads\\\/sites\\\/2\\\/2019\\\/03\\\/20180919-Herbstausflug-21.jpg\",\"post-thumbnail\":\"https:\\\/\\\/www.mramriswil.ch\\\/turnveteranen\\\/wp-content\\\/uploads\\\/sites\\\/2\\\/2019\\\/03\\\/20180919-Herbstausflug-21-100x133.jpg\",\"entry\":\"https:\\\/\\\/www.mramriswil.ch\\\/turnveteranen\\\/wp-content\\\/uploads\\\/sites\\\/2\\\/2019\\\/03\\\/20180919-Herbstausflug-21.jpg\",\"entry-cropped\":\"https:\\\/\\\/www.mramriswil.ch\\\/turnveteranen\\\/wp-content\\\/uploads\\\/sites\\\/2\\\/2019\\\/03\\\/20180919-Herbstausflug-21-768x482.jpg\",\"entry-fullwidth\":\"https:\\\/\\\/www.mramriswil.ch\\\/turnveteranen\\\/wp-content\\\/uploads\\\/sites\\\/2\\\/2019\\\/03\\\/20180919-Herbstausflug-21.jpg\",\"entry-cropped-fullwidth\":\"https:\\\/\\\/www.mramriswil.ch\\\/turnveteranen\\\/wp-content\\\/uploads\\\/sites\\\/2\\\/2019\\\/03\\\/20180919-Herbstausflug-21-768x654.jpg\",\"full\":\"https:\\\/\\\/www.mramriswil.ch\\\/turnveteranen\\\/wp-content\\\/uploads\\\/sites\\\/2\\\/2019\\\/03\\\/20180919-Herbstausflug-21.jpg\",\"index\":20,\"id\":514,\"video\":false,\"opts\":{\"caption\":\"\",\"thumb\":\"https:\\\/\\\/www.mramriswil.ch\\\/turnveteranen\\\/wp-content\\\/uploads\\\/sites\\\/2\\\/2019\\\/03\\\/20180919-Herbstausflug-21-75x50_c.jpg\",\"title\":\"20180919-Herbstausflug (21)\"},\"gallery_id\":\"399\"},{\"status\":\"active\",\"src\":\"https:\\\/\\\/www.mramriswil.ch\\\/turnveteranen\\\/wp-content\\\/uploads\\\/sites\\\/2\\\/2019\\\/03\\\/20180919-Herbstausflug-22.jpg\",\"title\":\"20180919-Herbstausflug (22)\",\"link\":\"https:\\\/\\\/www.mramriswil.ch\\\/turnveteranen\\\/wp-content\\\/uploads\\\/sites\\\/2\\\/2019\\\/03\\\/20180919-Herbstausflug-22.jpg\",\"alt\":\"\",\"caption\":false,\"thumb\":\"https:\\\/\\\/www.mramriswil.ch\\\/turnveteranen\\\/wp-content\\\/uploads\\\/sites\\\/2\\\/2019\\\/03\\\/20180919-Herbstausflug-22-75x50_c.jpg\",\"meta\":{\"aperture\":null,\"credit\":null,\"camera\":null,\"caption\":\"\",\"created_timestamp\":null,\"copyright\":null,\"focal_length\":null,\"iso\":null,\"shutter_speed\":null,\"title\":\"\",\"orientation\":null,\"keywords\":null,\"resized_images\":null},\"thumbnail\":\"https:\\\/\\\/www.mramriswil.ch\\\/turnveteranen\\\/wp-content\\\/uploads\\\/sites\\\/2\\\/2019\\\/03\\\/20180919-Herbstausflug-22-150x150.jpg\",\"medium\":\"https:\\\/\\\/www.mramriswil.ch\\\/turnveteranen\\\/wp-content\\\/uploads\\\/sites\\\/2\\\/2019\\\/03\\\/20180919-Herbstausflug-22-225x300.jpg\",\"medium_large\":\"https:\\\/\\\/www.mramriswil.ch\\\/turnveteranen\\\/wp-content\\\/uploads\\\/sites\\\/2\\\/2019\\\/03\\\/20180919-Herbstausflug-22-768x1024.jpg\",\"large\":\"https:\\\/\\\/www.mramriswil.ch\\\/turnveteranen\\\/wp-content\\\/uploads\\\/sites\\\/2\\\/2019\\\/03\\\/20180919-Herbstausflug-22-768x1024.jpg\",\"1536x1536\":\"https:\\\/\\\/www.mramriswil.ch\\\/turnveteranen\\\/wp-content\\\/uploads\\\/sites\\\/2\\\/2019\\\/03\\\/20180919-Herbstausflug-22.jpg\",\"2048x2048\":\"https:\\\/\\\/www.mramriswil.ch\\\/turnveteranen\\\/wp-content\\\/uploads\\\/sites\\\/2\\\/2019\\\/03\\\/20180919-Herbstausflug-22.jpg\",\"post-thumbnail\":\"https:\\\/\\\/www.mramriswil.ch\\\/turnveteranen\\\/wp-content\\\/uploads\\\/sites\\\/2\\\/2019\\\/03\\\/20180919-Herbstausflug-22-100x133.jpg\",\"entry\":\"https:\\\/\\\/www.mramriswil.ch\\\/turnveteranen\\\/wp-content\\\/uploads\\\/sites\\\/2\\\/2019\\\/03\\\/20180919-Herbstausflug-22.jpg\",\"entry-cropped\":\"https:\\\/\\\/www.mramriswil.ch\\\/turnveteranen\\\/wp-content\\\/uploads\\\/sites\\\/2\\\/2019\\\/03\\\/20180919-Herbstausflug-22-768x482.jpg\",\"entry-fullwidth\":\"https:\\\/\\\/www.mramriswil.ch\\\/turnveteranen\\\/wp-content\\\/uploads\\\/sites\\\/2\\\/2019\\\/03\\\/20180919-Herbstausflug-22.jpg\",\"entry-cropped-fullwidth\":\"https:\\\/\\\/www.mramriswil.ch\\\/turnveteranen\\\/wp-content\\\/uploads\\\/sites\\\/2\\\/2019\\\/03\\\/20180919-Herbstausflug-22-768x654.jpg\",\"full\":\"https:\\\/\\\/www.mramriswil.ch\\\/turnveteranen\\\/wp-content\\\/uploads\\\/sites\\\/2\\\/2019\\\/03\\\/20180919-Herbstausflug-22.jpg\",\"index\":21,\"id\":515,\"video\":false,\"opts\":{\"caption\":\"\",\"thumb\":\"https:\\\/\\\/www.mramriswil.ch\\\/turnveteranen\\\/wp-content\\\/uploads\\\/sites\\\/2\\\/2019\\\/03\\\/20180919-Herbstausflug-22-75x50_c.jpg\",\"title\":\"20180919-Herbstausflug (22)\"},\"gallery_id\":\"399\"},{\"status\":\"active\",\"src\":\"https:\\\/\\\/www.mramriswil.ch\\\/turnveteranen\\\/wp-content\\\/uploads\\\/sites\\\/2\\\/2019\\\/03\\\/20180919-Herbstausflug-23.jpg\",\"title\":\"20180919-Herbstausflug (23)\",\"link\":\"https:\\\/\\\/www.mramriswil.ch\\\/turnveteranen\\\/wp-content\\\/uploads\\\/sites\\\/2\\\/2019\\\/03\\\/20180919-Herbstausflug-23.jpg\",\"alt\":\"\",\"caption\":false,\"thumb\":\"https:\\\/\\\/www.mramriswil.ch\\\/turnveteranen\\\/wp-content\\\/uploads\\\/sites\\\/2\\\/2019\\\/03\\\/20180919-Herbstausflug-23-75x50_c.jpg\",\"meta\":{\"aperture\":null,\"credit\":null,\"camera\":null,\"caption\":\"\",\"created_timestamp\":null,\"copyright\":null,\"focal_length\":null,\"iso\":null,\"shutter_speed\":null,\"title\":\"\",\"orientation\":null,\"keywords\":null,\"resized_images\":null},\"thumbnail\":\"https:\\\/\\\/www.mramriswil.ch\\\/turnveteranen\\\/wp-content\\\/uploads\\\/sites\\\/2\\\/2019\\\/03\\\/20180919-Herbstausflug-23-150x150.jpg\",\"medium\":\"https:\\\/\\\/www.mramriswil.ch\\\/turnveteranen\\\/wp-content\\\/uploads\\\/sites\\\/2\\\/2019\\\/03\\\/20180919-Herbstausflug-23-225x300.jpg\",\"medium_large\":\"https:\\\/\\\/www.mramriswil.ch\\\/turnveteranen\\\/wp-content\\\/uploads\\\/sites\\\/2\\\/2019\\\/03\\\/20180919-Herbstausflug-23-768x1024.jpg\",\"large\":\"https:\\\/\\\/www.mramriswil.ch\\\/turnveteranen\\\/wp-content\\\/uploads\\\/sites\\\/2\\\/2019\\\/03\\\/20180919-Herbstausflug-23-768x1024.jpg\",\"1536x1536\":\"https:\\\/\\\/www.mramriswil.ch\\\/turnveteranen\\\/wp-content\\\/uploads\\\/sites\\\/2\\\/2019\\\/03\\\/20180919-Herbstausflug-23.jpg\",\"2048x2048\":\"https:\\\/\\\/www.mramriswil.ch\\\/turnveteranen\\\/wp-content\\\/uploads\\\/sites\\\/2\\\/2019\\\/03\\\/20180919-Herbstausflug-23.jpg\",\"post-thumbnail\":\"https:\\\/\\\/www.mramriswil.ch\\\/turnveteranen\\\/wp-content\\\/uploads\\\/sites\\\/2\\\/2019\\\/03\\\/20180919-Herbstausflug-23-100x133.jpg\",\"entry\":\"https:\\\/\\\/www.mramriswil.ch\\\/turnveteranen\\\/wp-content\\\/uploads\\\/sites\\\/2\\\/2019\\\/03\\\/20180919-Herbstausflug-23.jpg\",\"entry-cropped\":\"https:\\\/\\\/www.mramriswil.ch\\\/turnveteranen\\\/wp-content\\\/uploads\\\/sites\\\/2\\\/2019\\\/03\\\/20180919-Herbstausflug-23-768x482.jpg\",\"entry-fullwidth\":\"https:\\\/\\\/www.mramriswil.ch\\\/turnveteranen\\\/wp-content\\\/uploads\\\/sites\\\/2\\\/2019\\\/03\\\/20180919-Herbstausflug-23.jpg\",\"entry-cropped-fullwidth\":\"https:\\\/\\\/www.mramriswil.ch\\\/turnveteranen\\\/wp-content\\\/uploads\\\/sites\\\/2\\\/2019\\\/03\\\/20180919-Herbstausflug-23-768x654.jpg\",\"full\":\"https:\\\/\\\/www.mramriswil.ch\\\/turnveteranen\\\/wp-content\\\/uploads\\\/sites\\\/2\\\/2019\\\/03\\\/20180919-Herbstausflug-23.jpg\",\"index\":22,\"id\":516,\"video\":false,\"opts\":{\"caption\":\"\",\"thumb\":\"https:\\\/\\\/www.mramriswil.ch\\\/turnveteranen\\\/wp-content\\\/uploads\\\/sites\\\/2\\\/2019\\\/03\\\/20180919-Herbstausflug-23-75x50_c.jpg\",\"title\":\"20180919-Herbstausflug (23)\"},\"gallery_id\":\"399\"},{\"status\":\"active\",\"src\":\"https:\\\/\\\/www.mramriswil.ch\\\/turnveteranen\\\/wp-content\\\/uploads\\\/sites\\\/2\\\/2019\\\/03\\\/20180919-Herbstausflug-24.jpg\",\"title\":\"20180919-Herbstausflug (24)\",\"link\":\"https:\\\/\\\/www.mramriswil.ch\\\/turnveteranen\\\/wp-content\\\/uploads\\\/sites\\\/2\\\/2019\\\/03\\\/20180919-Herbstausflug-24.jpg\",\"alt\":\"\",\"caption\":false,\"thumb\":\"https:\\\/\\\/www.mramriswil.ch\\\/turnveteranen\\\/wp-content\\\/uploads\\\/sites\\\/2\\\/2019\\\/03\\\/20180919-Herbstausflug-24-75x50_c.jpg\",\"meta\":{\"aperture\":null,\"credit\":null,\"camera\":null,\"caption\":\"\",\"created_timestamp\":null,\"copyright\":null,\"focal_length\":null,\"iso\":null,\"shutter_speed\":null,\"title\":\"\",\"orientation\":null,\"keywords\":null,\"resized_images\":null},\"thumbnail\":\"https:\\\/\\\/www.mramriswil.ch\\\/turnveteranen\\\/wp-content\\\/uploads\\\/sites\\\/2\\\/2019\\\/03\\\/20180919-Herbstausflug-24-150x150.jpg\",\"medium\":\"https:\\\/\\\/www.mramriswil.ch\\\/turnveteranen\\\/wp-content\\\/uploads\\\/sites\\\/2\\\/2019\\\/03\\\/20180919-Herbstausflug-24-225x300.jpg\",\"medium_large\":\"https:\\\/\\\/www.mramriswil.ch\\\/turnveteranen\\\/wp-content\\\/uploads\\\/sites\\\/2\\\/2019\\\/03\\\/20180919-Herbstausflug-24-768x1024.jpg\",\"large\":\"https:\\\/\\\/www.mramriswil.ch\\\/turnveteranen\\\/wp-content\\\/uploads\\\/sites\\\/2\\\/2019\\\/03\\\/20180919-Herbstausflug-24-768x1024.jpg\",\"1536x1536\":\"https:\\\/\\\/www.mramriswil.ch\\\/turnveteranen\\\/wp-content\\\/uploads\\\/sites\\\/2\\\/2019\\\/03\\\/20180919-Herbstausflug-24.jpg\",\"2048x2048\":\"https:\\\/\\\/www.mramriswil.ch\\\/turnveteranen\\\/wp-content\\\/uploads\\\/sites\\\/2\\\/2019\\\/03\\\/20180919-Herbstausflug-24.jpg\",\"post-thumbnail\":\"https:\\\/\\\/www.mramriswil.ch\\\/turnveteranen\\\/wp-content\\\/uploads\\\/sites\\\/2\\\/2019\\\/03\\\/20180919-Herbstausflug-24-100x133.jpg\",\"entry\":\"https:\\\/\\\/www.mramriswil.ch\\\/turnveteranen\\\/wp-content\\\/uploads\\\/sites\\\/2\\\/2019\\\/03\\\/20180919-Herbstausflug-24.jpg\",\"entry-cropped\":\"https:\\\/\\\/www.mramriswil.ch\\\/turnveteranen\\\/wp-content\\\/uploads\\\/sites\\\/2\\\/2019\\\/03\\\/20180919-Herbstausflug-24-768x482.jpg\",\"entry-fullwidth\":\"https:\\\/\\\/www.mramriswil.ch\\\/turnveteranen\\\/wp-content\\\/uploads\\\/sites\\\/2\\\/2019\\\/03\\\/20180919-Herbstausflug-24.jpg\",\"entry-cropped-fullwidth\":\"https:\\\/\\\/www.mramriswil.ch\\\/turnveteranen\\\/wp-content\\\/uploads\\\/sites\\\/2\\\/2019\\\/03\\\/20180919-Herbstausflug-24-768x654.jpg\",\"full\":\"https:\\\/\\\/www.mramriswil.ch\\\/turnveteranen\\\/wp-content\\\/uploads\\\/sites\\\/2\\\/2019\\\/03\\\/20180919-Herbstausflug-24.jpg\",\"index\":23,\"id\":517,\"video\":false,\"opts\":{\"caption\":\"\",\"thumb\":\"https:\\\/\\\/www.mramriswil.ch\\\/turnveteranen\\\/wp-content\\\/uploads\\\/sites\\\/2\\\/2019\\\/03\\\/20180919-Herbstausflug-24-75x50_c.jpg\",\"title\":\"20180919-Herbstausflug (24)\"},\"gallery_id\":\"399\"},{\"status\":\"active\",\"src\":\"https:\\\/\\\/www.mramriswil.ch\\\/turnveteranen\\\/wp-content\\\/uploads\\\/sites\\\/2\\\/2019\\\/03\\\/20180919-Herbstausflug-25.jpg\",\"title\":\"20180919-Herbstausflug (25)\",\"link\":\"https:\\\/\\\/www.mramriswil.ch\\\/turnveteranen\\\/wp-content\\\/uploads\\\/sites\\\/2\\\/2019\\\/03\\\/20180919-Herbstausflug-25.jpg\",\"alt\":\"\",\"caption\":false,\"thumb\":\"https:\\\/\\\/www.mramriswil.ch\\\/turnveteranen\\\/wp-content\\\/uploads\\\/sites\\\/2\\\/2019\\\/03\\\/20180919-Herbstausflug-25-75x50_c.jpg\",\"meta\":{\"aperture\":null,\"credit\":null,\"camera\":null,\"caption\":\"\",\"created_timestamp\":null,\"copyright\":null,\"focal_length\":null,\"iso\":null,\"shutter_speed\":null,\"title\":\"\",\"orientation\":null,\"keywords\":null,\"resized_images\":null},\"thumbnail\":\"https:\\\/\\\/www.mramriswil.ch\\\/turnveteranen\\\/wp-content\\\/uploads\\\/sites\\\/2\\\/2019\\\/03\\\/20180919-Herbstausflug-25-150x150.jpg\",\"medium\":\"https:\\\/\\\/www.mramriswil.ch\\\/turnveteranen\\\/wp-content\\\/uploads\\\/sites\\\/2\\\/2019\\\/03\\\/20180919-Herbstausflug-25-225x300.jpg\",\"medium_large\":\"https:\\\/\\\/www.mramriswil.ch\\\/turnveteranen\\\/wp-content\\\/uploads\\\/sites\\\/2\\\/2019\\\/03\\\/20180919-Herbstausflug-25-768x1024.jpg\",\"large\":\"https:\\\/\\\/www.mramriswil.ch\\\/turnveteranen\\\/wp-content\\\/uploads\\\/sites\\\/2\\\/2019\\\/03\\\/20180919-Herbstausflug-25-768x1024.jpg\",\"1536x1536\":\"https:\\\/\\\/www.mramriswil.ch\\\/turnveteranen\\\/wp-content\\\/uploads\\\/sites\\\/2\\\/2019\\\/03\\\/20180919-Herbstausflug-25.jpg\",\"2048x2048\":\"https:\\\/\\\/www.mramriswil.ch\\\/turnveteranen\\\/wp-content\\\/uploads\\\/sites\\\/2\\\/2019\\\/03\\\/20180919-Herbstausflug-25.jpg\",\"post-thumbnail\":\"https:\\\/\\\/www.mramriswil.ch\\\/turnveteranen\\\/wp-content\\\/uploads\\\/sites\\\/2\\\/2019\\\/03\\\/20180919-Herbstausflug-25-100x133.jpg\",\"entry\":\"https:\\\/\\\/www.mramriswil.ch\\\/turnveteranen\\\/wp-content\\\/uploads\\\/sites\\\/2\\\/2019\\\/03\\\/20180919-Herbstausflug-25.jpg\",\"entry-cropped\":\"https:\\\/\\\/www.mramriswil.ch\\\/turnveteranen\\\/wp-content\\\/uploads\\\/sites\\\/2\\\/2019\\\/03\\\/20180919-Herbstausflug-25-768x482.jpg\",\"entry-fullwidth\":\"https:\\\/\\\/www.mramriswil.ch\\\/turnveteranen\\\/wp-content\\\/uploads\\\/sites\\\/2\\\/2019\\\/03\\\/20180919-Herbstausflug-25.jpg\",\"entry-cropped-fullwidth\":\"https:\\\/\\\/www.mramriswil.ch\\\/turnveteranen\\\/wp-content\\\/uploads\\\/sites\\\/2\\\/2019\\\/03\\\/20180919-Herbstausflug-25-768x654.jpg\",\"full\":\"https:\\\/\\\/www.mramriswil.ch\\\/turnveteranen\\\/wp-content\\\/uploads\\\/sites\\\/2\\\/2019\\\/03\\\/20180919-Herbstausflug-25.jpg\",\"index\":24,\"id\":518,\"video\":false,\"opts\":{\"caption\":\"\",\"thumb\":\"https:\\\/\\\/www.mramriswil.ch\\\/turnveteranen\\\/wp-content\\\/uploads\\\/sites\\\/2\\\/2019\\\/03\\\/20180919-Herbstausflug-25-75x50_c.jpg\",\"title\":\"20180919-Herbstausflug (25)\"},\"gallery_id\":\"399\"},{\"status\":\"active\",\"src\":\"https:\\\/\\\/www.mramriswil.ch\\\/turnveteranen\\\/wp-content\\\/uploads\\\/sites\\\/2\\\/2019\\\/03\\\/20180919-Herbstausflug-26.jpg\",\"title\":\"20180919-Herbstausflug (26)\",\"link\":\"https:\\\/\\\/www.mramriswil.ch\\\/turnveteranen\\\/wp-content\\\/uploads\\\/sites\\\/2\\\/2019\\\/03\\\/20180919-Herbstausflug-26.jpg\",\"alt\":\"\",\"caption\":false,\"thumb\":\"https:\\\/\\\/www.mramriswil.ch\\\/turnveteranen\\\/wp-content\\\/uploads\\\/sites\\\/2\\\/2019\\\/03\\\/20180919-Herbstausflug-26-75x50_c.jpg\",\"meta\":{\"aperture\":null,\"credit\":null,\"camera\":null,\"caption\":\"\",\"created_timestamp\":null,\"copyright\":null,\"focal_length\":null,\"iso\":null,\"shutter_speed\":null,\"title\":\"\",\"orientation\":null,\"keywords\":null,\"resized_images\":null},\"thumbnail\":\"https:\\\/\\\/www.mramriswil.ch\\\/turnveteranen\\\/wp-content\\\/uploads\\\/sites\\\/2\\\/2019\\\/03\\\/20180919-Herbstausflug-26-150x150.jpg\",\"medium\":\"https:\\\/\\\/www.mramriswil.ch\\\/turnveteranen\\\/wp-content\\\/uploads\\\/sites\\\/2\\\/2019\\\/03\\\/20180919-Herbstausflug-26-300x225.jpg\",\"medium_large\":\"https:\\\/\\\/www.mramriswil.ch\\\/turnveteranen\\\/wp-content\\\/uploads\\\/sites\\\/2\\\/2019\\\/03\\\/20180919-Herbstausflug-26-768x576.jpg\",\"large\":\"https:\\\/\\\/www.mramriswil.ch\\\/turnveteranen\\\/wp-content\\\/uploads\\\/sites\\\/2\\\/2019\\\/03\\\/20180919-Herbstausflug-26-1024x768.jpg\",\"1536x1536\":\"https:\\\/\\\/www.mramriswil.ch\\\/turnveteranen\\\/wp-content\\\/uploads\\\/sites\\\/2\\\/2019\\\/03\\\/20180919-Herbstausflug-26.jpg\",\"2048x2048\":\"https:\\\/\\\/www.mramriswil.ch\\\/turnveteranen\\\/wp-content\\\/uploads\\\/sites\\\/2\\\/2019\\\/03\\\/20180919-Herbstausflug-26.jpg\",\"post-thumbnail\":\"https:\\\/\\\/www.mramriswil.ch\\\/turnveteranen\\\/wp-content\\\/uploads\\\/sites\\\/2\\\/2019\\\/03\\\/20180919-Herbstausflug-26-100x75.jpg\",\"entry\":\"https:\\\/\\\/www.mramriswil.ch\\\/turnveteranen\\\/wp-content\\\/uploads\\\/sites\\\/2\\\/2019\\\/03\\\/20180919-Herbstausflug-26-862x647.jpg\",\"entry-cropped\":\"https:\\\/\\\/www.mramriswil.ch\\\/turnveteranen\\\/wp-content\\\/uploads\\\/sites\\\/2\\\/2019\\\/03\\\/20180919-Herbstausflug-26-862x482.jpg\",\"entry-fullwidth\":\"https:\\\/\\\/www.mramriswil.ch\\\/turnveteranen\\\/wp-content\\\/uploads\\\/sites\\\/2\\\/2019\\\/03\\\/20180919-Herbstausflug-26-1170x878.jpg\",\"entry-cropped-fullwidth\":\"https:\\\/\\\/www.mramriswil.ch\\\/turnveteranen\\\/wp-content\\\/uploads\\\/sites\\\/2\\\/2019\\\/03\\\/20180919-Herbstausflug-26-1170x654.jpg\",\"full\":\"https:\\\/\\\/www.mramriswil.ch\\\/turnveteranen\\\/wp-content\\\/uploads\\\/sites\\\/2\\\/2019\\\/03\\\/20180919-Herbstausflug-26.jpg\",\"index\":25,\"id\":519,\"video\":false,\"opts\":{\"caption\":\"\",\"thumb\":\"https:\\\/\\\/www.mramriswil.ch\\\/turnveteranen\\\/wp-content\\\/uploads\\\/sites\\\/2\\\/2019\\\/03\\\/20180919-Herbstausflug-26-75x50_c.jpg\",\"title\":\"20180919-Herbstausflug (26)\"},\"gallery_id\":\"399\"},{\"status\":\"active\",\"src\":\"https:\\\/\\\/www.mramriswil.ch\\\/turnveteranen\\\/wp-content\\\/uploads\\\/sites\\\/2\\\/2019\\\/03\\\/20180919-Herbstausflug-27.jpg\",\"title\":\"20180919-Herbstausflug (27)\",\"link\":\"https:\\\/\\\/www.mramriswil.ch\\\/turnveteranen\\\/wp-content\\\/uploads\\\/sites\\\/2\\\/2019\\\/03\\\/20180919-Herbstausflug-27.jpg\",\"alt\":\"\",\"caption\":false,\"thumb\":\"https:\\\/\\\/www.mramriswil.ch\\\/turnveteranen\\\/wp-content\\\/uploads\\\/sites\\\/2\\\/2019\\\/03\\\/20180919-Herbstausflug-27-75x50_c.jpg\",\"meta\":{\"aperture\":null,\"credit\":null,\"camera\":null,\"caption\":\"\",\"created_timestamp\":null,\"copyright\":null,\"focal_length\":null,\"iso\":null,\"shutter_speed\":null,\"title\":\"\",\"orientation\":null,\"keywords\":null,\"resized_images\":null},\"thumbnail\":\"https:\\\/\\\/www.mramriswil.ch\\\/turnveteranen\\\/wp-content\\\/uploads\\\/sites\\\/2\\\/2019\\\/03\\\/20180919-Herbstausflug-27-150x150.jpg\",\"medium\":\"https:\\\/\\\/www.mramriswil.ch\\\/turnveteranen\\\/wp-content\\\/uploads\\\/sites\\\/2\\\/2019\\\/03\\\/20180919-Herbstausflug-27-300x225.jpg\",\"medium_large\":\"https:\\\/\\\/www.mramriswil.ch\\\/turnveteranen\\\/wp-content\\\/uploads\\\/sites\\\/2\\\/2019\\\/03\\\/20180919-Herbstausflug-27-768x576.jpg\",\"large\":\"https:\\\/\\\/www.mramriswil.ch\\\/turnveteranen\\\/wp-content\\\/uploads\\\/sites\\\/2\\\/2019\\\/03\\\/20180919-Herbstausflug-27-1024x768.jpg\",\"1536x1536\":\"https:\\\/\\\/www.mramriswil.ch\\\/turnveteranen\\\/wp-content\\\/uploads\\\/sites\\\/2\\\/2019\\\/03\\\/20180919-Herbstausflug-27.jpg\",\"2048x2048\":\"https:\\\/\\\/www.mramriswil.ch\\\/turnveteranen\\\/wp-content\\\/uploads\\\/sites\\\/2\\\/2019\\\/03\\\/20180919-Herbstausflug-27.jpg\",\"post-thumbnail\":\"https:\\\/\\\/www.mramriswil.ch\\\/turnveteranen\\\/wp-content\\\/uploads\\\/sites\\\/2\\\/2019\\\/03\\\/20180919-Herbstausflug-27-100x75.jpg\",\"entry\":\"https:\\\/\\\/www.mramriswil.ch\\\/turnveteranen\\\/wp-content\\\/uploads\\\/sites\\\/2\\\/2019\\\/03\\\/20180919-Herbstausflug-27-862x647.jpg\",\"entry-cropped\":\"https:\\\/\\\/www.mramriswil.ch\\\/turnveteranen\\\/wp-content\\\/uploads\\\/sites\\\/2\\\/2019\\\/03\\\/20180919-Herbstausflug-27-862x482.jpg\",\"entry-fullwidth\":\"https:\\\/\\\/www.mramriswil.ch\\\/turnveteranen\\\/wp-content\\\/uploads\\\/sites\\\/2\\\/2019\\\/03\\\/20180919-Herbstausflug-27-1170x878.jpg\",\"entry-cropped-fullwidth\":\"https:\\\/\\\/www.mramriswil.ch\\\/turnveteranen\\\/wp-content\\\/uploads\\\/sites\\\/2\\\/2019\\\/03\\\/20180919-Herbstausflug-27-1170x654.jpg\",\"full\":\"https:\\\/\\\/www.mramriswil.ch\\\/turnveteranen\\\/wp-content\\\/uploads\\\/sites\\\/2\\\/2019\\\/03\\\/20180919-Herbstausflug-27.jpg\",\"index\":26,\"id\":520,\"video\":false,\"opts\":{\"caption\":\"\",\"thumb\":\"https:\\\/\\\/www.mramriswil.ch\\\/turnveteranen\\\/wp-content\\\/uploads\\\/sites\\\/2\\\/2019\\\/03\\\/20180919-Herbstausflug-27-75x50_c.jpg\",\"title\":\"20180919-Herbstausflug (27)\"},\"gallery_id\":\"399\"},{\"status\":\"active\",\"src\":\"https:\\\/\\\/www.mramriswil.ch\\\/turnveteranen\\\/wp-content\\\/uploads\\\/sites\\\/2\\\/2019\\\/03\\\/20180919-Herbstausflug-28.jpg\",\"title\":\"20180919-Herbstausflug (28)\",\"link\":\"https:\\\/\\\/www.mramriswil.ch\\\/turnveteranen\\\/wp-content\\\/uploads\\\/sites\\\/2\\\/2019\\\/03\\\/20180919-Herbstausflug-28.jpg\",\"alt\":\"\",\"caption\":false,\"thumb\":\"https:\\\/\\\/www.mramriswil.ch\\\/turnveteranen\\\/wp-content\\\/uploads\\\/sites\\\/2\\\/2019\\\/03\\\/20180919-Herbstausflug-28-75x50_c.jpg\",\"meta\":{\"aperture\":null,\"credit\":null,\"camera\":null,\"caption\":\"\",\"created_timestamp\":null,\"copyright\":null,\"focal_length\":null,\"iso\":null,\"shutter_speed\":null,\"title\":\"\",\"orientation\":null,\"keywords\":null,\"resized_images\":null},\"thumbnail\":\"https:\\\/\\\/www.mramriswil.ch\\\/turnveteranen\\\/wp-content\\\/uploads\\\/sites\\\/2\\\/2019\\\/03\\\/20180919-Herbstausflug-28-150x150.jpg\",\"medium\":\"https:\\\/\\\/www.mramriswil.ch\\\/turnveteranen\\\/wp-content\\\/uploads\\\/sites\\\/2\\\/2019\\\/03\\\/20180919-Herbstausflug-28-300x225.jpg\",\"medium_large\":\"https:\\\/\\\/www.mramriswil.ch\\\/turnveteranen\\\/wp-content\\\/uploads\\\/sites\\\/2\\\/2019\\\/03\\\/20180919-Herbstausflug-28-768x576.jpg\",\"large\":\"https:\\\/\\\/www.mramriswil.ch\\\/turnveteranen\\\/wp-content\\\/uploads\\\/sites\\\/2\\\/2019\\\/03\\\/20180919-Herbstausflug-28-1024x768.jpg\",\"1536x1536\":\"https:\\\/\\\/www.mramriswil.ch\\\/turnveteranen\\\/wp-content\\\/uploads\\\/sites\\\/2\\\/2019\\\/03\\\/20180919-Herbstausflug-28.jpg\",\"2048x2048\":\"https:\\\/\\\/www.mramriswil.ch\\\/turnveteranen\\\/wp-content\\\/uploads\\\/sites\\\/2\\\/2019\\\/03\\\/20180919-Herbstausflug-28.jpg\",\"post-thumbnail\":\"https:\\\/\\\/www.mramriswil.ch\\\/turnveteranen\\\/wp-content\\\/uploads\\\/sites\\\/2\\\/2019\\\/03\\\/20180919-Herbstausflug-28-100x75.jpg\",\"entry\":\"https:\\\/\\\/www.mramriswil.ch\\\/turnveteranen\\\/wp-content\\\/uploads\\\/sites\\\/2\\\/2019\\\/03\\\/20180919-Herbstausflug-28-862x647.jpg\",\"entry-cropped\":\"https:\\\/\\\/www.mramriswil.ch\\\/turnveteranen\\\/wp-content\\\/uploads\\\/sites\\\/2\\\/2019\\\/03\\\/20180919-Herbstausflug-28-862x482.jpg\",\"entry-fullwidth\":\"https:\\\/\\\/www.mramriswil.ch\\\/turnveteranen\\\/wp-content\\\/uploads\\\/sites\\\/2\\\/2019\\\/03\\\/20180919-Herbstausflug-28-1170x878.jpg\",\"entry-cropped-fullwidth\":\"https:\\\/\\\/www.mramriswil.ch\\\/turnveteranen\\\/wp-content\\\/uploads\\\/sites\\\/2\\\/2019\\\/03\\\/20180919-Herbstausflug-28-1170x654.jpg\",\"full\":\"https:\\\/\\\/www.mramriswil.ch\\\/turnveteranen\\\/wp-content\\\/uploads\\\/sites\\\/2\\\/2019\\\/03\\\/20180919-Herbstausflug-28.jpg\",\"index\":27,\"id\":521,\"video\":false,\"opts\":{\"caption\":\"\",\"thumb\":\"https:\\\/\\\/www.mramriswil.ch\\\/turnveteranen\\\/wp-content\\\/uploads\\\/sites\\\/2\\\/2019\\\/03\\\/20180919-Herbstausflug-28-75x50_c.jpg\",\"title\":\"20180919-Herbstausflug (28)\"},\"gallery_id\":\"399\"},{\"status\":\"active\",\"src\":\"https:\\\/\\\/www.mramriswil.ch\\\/turnveteranen\\\/wp-content\\\/uploads\\\/sites\\\/2\\\/2019\\\/03\\\/20180919-Herbstausflug-29.jpg\",\"title\":\"20180919-Herbstausflug (29)\",\"link\":\"https:\\\/\\\/www.mramriswil.ch\\\/turnveteranen\\\/wp-content\\\/uploads\\\/sites\\\/2\\\/2019\\\/03\\\/20180919-Herbstausflug-29.jpg\",\"alt\":\"\",\"caption\":false,\"thumb\":\"https:\\\/\\\/www.mramriswil.ch\\\/turnveteranen\\\/wp-content\\\/uploads\\\/sites\\\/2\\\/2019\\\/03\\\/20180919-Herbstausflug-29-75x50_c.jpg\",\"meta\":{\"aperture\":null,\"credit\":null,\"camera\":null,\"caption\":\"\",\"created_timestamp\":null,\"copyright\":null,\"focal_length\":null,\"iso\":null,\"shutter_speed\":null,\"title\":\"\",\"orientation\":null,\"keywords\":null,\"resized_images\":null},\"thumbnail\":\"https:\\\/\\\/www.mramriswil.ch\\\/turnveteranen\\\/wp-content\\\/uploads\\\/sites\\\/2\\\/2019\\\/03\\\/20180919-Herbstausflug-29-150x150.jpg\",\"medium\":\"https:\\\/\\\/www.mramriswil.ch\\\/turnveteranen\\\/wp-content\\\/uploads\\\/sites\\\/2\\\/2019\\\/03\\\/20180919-Herbstausflug-29-225x300.jpg\",\"medium_large\":\"https:\\\/\\\/www.mramriswil.ch\\\/turnveteranen\\\/wp-content\\\/uploads\\\/sites\\\/2\\\/2019\\\/03\\\/20180919-Herbstausflug-29-768x1024.jpg\",\"large\":\"https:\\\/\\\/www.mramriswil.ch\\\/turnveteranen\\\/wp-content\\\/uploads\\\/sites\\\/2\\\/2019\\\/03\\\/20180919-Herbstausflug-29-768x1024.jpg\",\"1536x1536\":\"https:\\\/\\\/www.mramriswil.ch\\\/turnveteranen\\\/wp-content\\\/uploads\\\/sites\\\/2\\\/2019\\\/03\\\/20180919-Herbstausflug-29.jpg\",\"2048x2048\":\"https:\\\/\\\/www.mramriswil.ch\\\/turnveteranen\\\/wp-content\\\/uploads\\\/sites\\\/2\\\/2019\\\/03\\\/20180919-Herbstausflug-29.jpg\",\"post-thumbnail\":\"https:\\\/\\\/www.mramriswil.ch\\\/turnveteranen\\\/wp-content\\\/uploads\\\/sites\\\/2\\\/2019\\\/03\\\/20180919-Herbstausflug-29-100x133.jpg\",\"entry\":\"https:\\\/\\\/www.mramriswil.ch\\\/turnveteranen\\\/wp-content\\\/uploads\\\/sites\\\/2\\\/2019\\\/03\\\/20180919-Herbstausflug-29.jpg\",\"entry-cropped\":\"https:\\\/\\\/www.mramriswil.ch\\\/turnveteranen\\\/wp-content\\\/uploads\\\/sites\\\/2\\\/2019\\\/03\\\/20180919-Herbstausflug-29-768x482.jpg\",\"entry-fullwidth\":\"https:\\\/\\\/www.mramriswil.ch\\\/turnveteranen\\\/wp-content\\\/uploads\\\/sites\\\/2\\\/2019\\\/03\\\/20180919-Herbstausflug-29.jpg\",\"entry-cropped-fullwidth\":\"https:\\\/\\\/www.mramriswil.ch\\\/turnveteranen\\\/wp-content\\\/uploads\\\/sites\\\/2\\\/2019\\\/03\\\/20180919-Herbstausflug-29-768x654.jpg\",\"full\":\"https:\\\/\\\/www.mramriswil.ch\\\/turnveteranen\\\/wp-content\\\/uploads\\\/sites\\\/2\\\/2019\\\/03\\\/20180919-Herbstausflug-29.jpg\",\"index\":28,\"id\":522,\"video\":false,\"opts\":{\"caption\":\"\",\"thumb\":\"https:\\\/\\\/www.mramriswil.ch\\\/turnveteranen\\\/wp-content\\\/uploads\\\/sites\\\/2\\\/2019\\\/03\\\/20180919-Herbstausflug-29-75x50_c.jpg\",\"title\":\"20180919-Herbstausflug (29)\"},\"gallery_id\":\"399\"}]' data-lightbox-theme='{&quot;arrows&quot;:true,&quot;margins&quot;:[10,0],&quot;gutter&quot;:&quot;100&quot;,&quot;thumbs_position&quot;:&quot;bottom&quot;,&quot;base_template&quot;:&quot;&lt;div id=\\&quot;envirabox-399\\&quot; data-envirabox-id=\\&quot;399\\&quot; class=\\&quot;envirabox-container envirabox-theme-base_dark envirabox-wrap\\&quot; role=\\&quot;dialog\\&quot;&gt;&lt;div class=\\&quot;envirabox-bg\\&quot;&gt;&lt;\\\/div&gt;&lt;div class=\\&quot;envirabox-outer\\&quot;&gt;&lt;div class=\\&quot;envirabox-inner\\&quot;&gt;&lt;div class=\\&quot;envirabox-caption-wrap\\&quot;&gt;&lt;div class=\\&quot;envirabox-title\\&quot;&gt;&lt;\\\/div&gt;&lt;\\\/div&gt;&lt;div class=\\&quot;envirabox-toolbar\\&quot;&gt;&lt;div class=\\&quot;envira-thumbs-button\\&quot;&gt;&lt;a data-envirabox-thumbs class=\\&quot;envirabox-item envira-thumbs-button envirabox-button--thumbs\\&quot; title=\\&quot;Toggle Thumbnails\\&quot; href=\\&quot;javascript:void(0)\\&quot;&gt;&lt;\\\/a&gt;&lt;\\\/div&gt;&lt;div class=\\&quot;envira-close-button\\&quot;&gt;&lt;a data-envirabox-close class=\\&quot;envirabox-item envirabox-close envirabox-button--close\\&quot; title=\\&quot;Close\\&quot; href=\\&quot;#\\&quot;&gt;&lt;\\\/a&gt;&lt;\\\/div&gt;&lt;\\\/div&gt;&lt;div class=\\&quot;envirabox-navigation\\&quot;&gt;&lt;a data-envirabox-prev title=\\&quot;Prev\\&quot; class=\\&quot;envirabox-arrow envirabox-arrow--left envirabox-nav envirabox-prev\\&quot; href=\\&quot;#\\&quot;&gt;&lt;span&gt;&lt;\\\/span&gt;&lt;\\\/a&gt;&lt;a data-envirabox-next title=\\&quot;Next\\&quot; class=\\&quot;envirabox-arrow envirabox-arrow--right envirabox-nav envirabox-next\\&quot; href=\\&quot;#\\&quot;&gt;&lt;span&gt;&lt;\\\/span&gt;&lt;\\\/a&gt;&lt;\\\/div&gt;&lt;div class=\\&quot;envirabox-stage\\&quot;&gt;&lt;\\\/div&gt;&lt;\\\/div&gt;&lt;\\\/div&gt;&lt;\\\/div&gt;&quot;,&quot;load_all&quot;:false,&quot;error_template&quot;:&quot;&lt;div class=\\&quot;envirabox-error\\&quot;&gt;&lt;p&gt;{{ERROR}}&lt;p&gt;&lt;\\\/div&gt;&quot;,&quot;inner_caption&quot;:false,&quot;caption_position&quot;:false,&quot;arrow_position&quot;:false,&quot;toolbar&quot;:true,&quot;infobar&quot;:false,&quot;show_smallbtn&quot;:false,&quot;idle_time&quot;:false,&quot;click_content&quot;:false,&quot;click_slide&quot;:false,&quot;click_outside&quot;:false,&quot;animation_duration&quot;:false,&quot;transition_duration&quot;:false,&quot;small_btn_template&quot;:&quot;&lt;a data-envirabox-close class=\\&quot;envirabox-item envirabox-close envirabox-button--close\\&quot; title=\\&quot;Close\\&quot; href=\\&quot;#\\&quot;&gt;&lt;\\\/a&gt;&quot;}' data-parsed-attrs='{\"id\":\"399\",\"cache\":true}'><div id=\"envira-gallery-item-494\" class=\"envira-gallery-item envira-gallery-item-1 envira-lazy-load\" style=\"padding-left: 3px; padding-bottom: 5px; padding-right: 3px;\"  itemscope itemtype=\"https:\/\/schema.org\/ImageObject\"><div class=\"envira-gallery-item-inner\"><div class=\"envira-gallery-position-overlay envira-gallery-top-left\"><\/div><div class=\"envira-gallery-position-overlay envira-gallery-top-right\"><\/div><div class=\"envira-gallery-position-overlay envira-gallery-bottom-left\"><\/div><div class=\"envira-gallery-position-overlay envira-gallery-bottom-right\"><\/div><a class=\"envira-gallery-399 envira-gallery-link\" href=\"https:\/\/www.mramriswil.ch\/turnveteranen\/wp-content\/uploads\/sites\/2\/2019\/03\/20180919-Herbstausflug-1.jpg\" title=\"20180919-Herbstausflug (1)\" data-caption=\"\" data-envira-item-id=\"494\" data-envira-retina=\"https:\/\/www.mramriswil.ch\/turnveteranen\/wp-content\/uploads\/sites\/2\/2019\/03\/20180919-Herbstausflug-1.jpg\" data-thumb=\"https:\/\/www.mramriswil.ch\/turnveteranen\/wp-content\/uploads\/sites\/2\/2019\/03\/20180919-Herbstausflug-1-75x50_c.jpg\" data-title=\"20180919-Herbstausflug (1)\" data-envirabox='399' itemprop=\"contentUrl\"><img loading=\"lazy\" decoding=\"async\" src=\"https:\/\/www.mramriswil.ch\/turnveteranen\/wp-content\/uploads\/sites\/2\/2019\/03\/20180919-Herbstausflug-1-862x574.jpg\" alt=\"\" class=\"envira-gallery-image envira-gallery-image-1    envira-lazy\" height=\"480\" id=\"envira-gallery-image-494\" srcset=\"data:image\/gif;base64,R0lGODlhAQABAIAAAP\/\/\/\/\/\/\/yH5BAEKAAEALAAAAAABAAEAAAICTAEAOw==\" tabindex=\"-1\" title=\"20180919-Herbstausflug (1)\" width=\"640\" data-caption=\"\" data-envira-gallery-id=\"399\" data-envira-index=\"0\" data-envira-item-id=\"494\" data-envira-src=\"https:\/\/www.mramriswil.ch\/turnveteranen\/wp-content\/uploads\/sites\/2\/2019\/03\/20180919-Herbstausflug-1-862x574.jpg\" data-envira-srcset=\"https:\/\/www.mramriswil.ch\/turnveteranen\/wp-content\/uploads\/sites\/2\/2019\/03\/20180919-Herbstausflug-1-862x574.jpg 400w, https:\/\/www.mramriswil.ch\/turnveteranen\/wp-content\/uploads\/sites\/2\/2019\/03\/20180919-Herbstausflug-1-862x574.jpg 2x\" data-title=\"20180919-Herbstausflug (1)\" itemprop=\"thumbnailUrl\"  data-envirabox=\"399\" data-automatic-caption=\"20180919-Herbstausflug (1)\" data-envira-height=\"200\" data-envira-width=\"300\" \/><\/a><\/div><\/div><div id=\"envira-gallery-item-495\" class=\"envira-gallery-item envira-gallery-item-2 envira-lazy-load\" style=\"padding-left: 3px; padding-bottom: 5px; padding-right: 3px;\"  itemscope itemtype=\"https:\/\/schema.org\/ImageObject\"><div class=\"envira-gallery-item-inner\"><div class=\"envira-gallery-position-overlay envira-gallery-top-left\"><\/div><div class=\"envira-gallery-position-overlay envira-gallery-top-right\"><\/div><div class=\"envira-gallery-position-overlay envira-gallery-bottom-left\"><\/div><div class=\"envira-gallery-position-overlay envira-gallery-bottom-right\"><\/div><a class=\"envira-gallery-399 envira-gallery-link\" href=\"https:\/\/www.mramriswil.ch\/turnveteranen\/wp-content\/uploads\/sites\/2\/2019\/03\/20180919-Herbstausflug-2.jpg\" title=\"20180919-Herbstausflug (2)\" data-caption=\"\" data-envira-item-id=\"495\" data-envira-retina=\"https:\/\/www.mramriswil.ch\/turnveteranen\/wp-content\/uploads\/sites\/2\/2019\/03\/20180919-Herbstausflug-2.jpg\" data-thumb=\"https:\/\/www.mramriswil.ch\/turnveteranen\/wp-content\/uploads\/sites\/2\/2019\/03\/20180919-Herbstausflug-2-75x50_c.jpg\" data-title=\"20180919-Herbstausflug (2)\" data-envirabox='399' itemprop=\"contentUrl\"><img loading=\"lazy\" decoding=\"async\" src=\"https:\/\/www.mramriswil.ch\/turnveteranen\/wp-content\/uploads\/sites\/2\/2019\/03\/20180919-Herbstausflug-2-862x574.jpg\" alt=\"\" class=\"envira-gallery-image envira-gallery-image-2    envira-lazy\" height=\"480\" id=\"envira-gallery-image-495\" srcset=\"data:image\/gif;base64,R0lGODlhAQABAIAAAP\/\/\/\/\/\/\/yH5BAEKAAEALAAAAAABAAEAAAICTAEAOw==\" tabindex=\"-1\" title=\"20180919-Herbstausflug (2)\" width=\"640\" data-caption=\"\" data-envira-gallery-id=\"399\" data-envira-index=\"1\" data-envira-item-id=\"495\" data-envira-src=\"https:\/\/www.mramriswil.ch\/turnveteranen\/wp-content\/uploads\/sites\/2\/2019\/03\/20180919-Herbstausflug-2-862x574.jpg\" data-envira-srcset=\"https:\/\/www.mramriswil.ch\/turnveteranen\/wp-content\/uploads\/sites\/2\/2019\/03\/20180919-Herbstausflug-2-862x574.jpg 400w, https:\/\/www.mramriswil.ch\/turnveteranen\/wp-content\/uploads\/sites\/2\/2019\/03\/20180919-Herbstausflug-2-862x574.jpg 2x\" data-title=\"20180919-Herbstausflug (2)\" itemprop=\"thumbnailUrl\"  data-envirabox=\"399\" data-automatic-caption=\"20180919-Herbstausflug (2)\" data-envira-height=\"200\" data-envira-width=\"300\" \/><\/a><\/div><\/div><div id=\"envira-gallery-item-496\" class=\"envira-gallery-item envira-gallery-item-3 envira-lazy-load\" style=\"padding-left: 3px; padding-bottom: 5px; padding-right: 3px;\"  itemscope itemtype=\"https:\/\/schema.org\/ImageObject\"><div class=\"envira-gallery-item-inner\"><div class=\"envira-gallery-position-overlay envira-gallery-top-left\"><\/div><div class=\"envira-gallery-position-overlay envira-gallery-top-right\"><\/div><div class=\"envira-gallery-position-overlay envira-gallery-bottom-left\"><\/div><div class=\"envira-gallery-position-overlay envira-gallery-bottom-right\"><\/div><a class=\"envira-gallery-399 envira-gallery-link\" href=\"https:\/\/www.mramriswil.ch\/turnveteranen\/wp-content\/uploads\/sites\/2\/2019\/03\/20180919-Herbstausflug-3.jpg\" title=\"20180919-Herbstausflug (3)\" data-caption=\"\" data-envira-item-id=\"496\" data-envira-retina=\"https:\/\/www.mramriswil.ch\/turnveteranen\/wp-content\/uploads\/sites\/2\/2019\/03\/20180919-Herbstausflug-3.jpg\" data-thumb=\"https:\/\/www.mramriswil.ch\/turnveteranen\/wp-content\/uploads\/sites\/2\/2019\/03\/20180919-Herbstausflug-3-75x50_c.jpg\" data-title=\"20180919-Herbstausflug (3)\" data-envirabox='399' itemprop=\"contentUrl\"><img loading=\"lazy\" decoding=\"async\" src=\"https:\/\/www.mramriswil.ch\/turnveteranen\/wp-content\/uploads\/sites\/2\/2019\/03\/20180919-Herbstausflug-3-862x574.jpg\" alt=\"\" class=\"envira-gallery-image envira-gallery-image-3    envira-lazy\" height=\"480\" id=\"envira-gallery-image-496\" srcset=\"data:image\/gif;base64,R0lGODlhAQABAIAAAP\/\/\/\/\/\/\/yH5BAEKAAEALAAAAAABAAEAAAICTAEAOw==\" tabindex=\"-1\" title=\"20180919-Herbstausflug (3)\" width=\"640\" data-caption=\"\" data-envira-gallery-id=\"399\" data-envira-index=\"2\" data-envira-item-id=\"496\" data-envira-src=\"https:\/\/www.mramriswil.ch\/turnveteranen\/wp-content\/uploads\/sites\/2\/2019\/03\/20180919-Herbstausflug-3-862x574.jpg\" data-envira-srcset=\"https:\/\/www.mramriswil.ch\/turnveteranen\/wp-content\/uploads\/sites\/2\/2019\/03\/20180919-Herbstausflug-3-862x574.jpg 400w, https:\/\/www.mramriswil.ch\/turnveteranen\/wp-content\/uploads\/sites\/2\/2019\/03\/20180919-Herbstausflug-3-862x574.jpg 2x\" data-title=\"20180919-Herbstausflug (3)\" itemprop=\"thumbnailUrl\"  data-envirabox=\"399\" data-automatic-caption=\"20180919-Herbstausflug (3)\" data-envira-height=\"200\" data-envira-width=\"300\" \/><\/a><\/div><\/div><div id=\"envira-gallery-item-497\" class=\"envira-gallery-item envira-gallery-item-4 envira-lazy-load\" style=\"padding-left: 3px; padding-bottom: 5px; padding-right: 3px;\"  itemscope itemtype=\"https:\/\/schema.org\/ImageObject\"><div class=\"envira-gallery-item-inner\"><div class=\"envira-gallery-position-overlay envira-gallery-top-left\"><\/div><div class=\"envira-gallery-position-overlay envira-gallery-top-right\"><\/div><div class=\"envira-gallery-position-overlay envira-gallery-bottom-left\"><\/div><div class=\"envira-gallery-position-overlay envira-gallery-bottom-right\"><\/div><a class=\"envira-gallery-399 envira-gallery-link\" href=\"https:\/\/www.mramriswil.ch\/turnveteranen\/wp-content\/uploads\/sites\/2\/2019\/03\/20180919-Herbstausflug-4.jpg\" title=\"20180919-Herbstausflug (4)\" data-caption=\"\" data-envira-item-id=\"497\" data-envira-retina=\"https:\/\/www.mramriswil.ch\/turnveteranen\/wp-content\/uploads\/sites\/2\/2019\/03\/20180919-Herbstausflug-4.jpg\" data-thumb=\"https:\/\/www.mramriswil.ch\/turnveteranen\/wp-content\/uploads\/sites\/2\/2019\/03\/20180919-Herbstausflug-4-75x50_c.jpg\" data-title=\"20180919-Herbstausflug (4)\" data-envirabox='399' itemprop=\"contentUrl\"><img loading=\"lazy\" decoding=\"async\" src=\"https:\/\/www.mramriswil.ch\/turnveteranen\/wp-content\/uploads\/sites\/2\/2019\/03\/20180919-Herbstausflug-4-862x574.jpg\" alt=\"\" class=\"envira-gallery-image envira-gallery-image-4    envira-lazy\" height=\"480\" id=\"envira-gallery-image-497\" srcset=\"data:image\/gif;base64,R0lGODlhAQABAIAAAP\/\/\/\/\/\/\/yH5BAEKAAEALAAAAAABAAEAAAICTAEAOw==\" tabindex=\"-1\" title=\"20180919-Herbstausflug (4)\" width=\"640\" data-caption=\"\" data-envira-gallery-id=\"399\" data-envira-index=\"3\" data-envira-item-id=\"497\" data-envira-src=\"https:\/\/www.mramriswil.ch\/turnveteranen\/wp-content\/uploads\/sites\/2\/2019\/03\/20180919-Herbstausflug-4-862x574.jpg\" data-envira-srcset=\"https:\/\/www.mramriswil.ch\/turnveteranen\/wp-content\/uploads\/sites\/2\/2019\/03\/20180919-Herbstausflug-4-862x574.jpg 400w, https:\/\/www.mramriswil.ch\/turnveteranen\/wp-content\/uploads\/sites\/2\/2019\/03\/20180919-Herbstausflug-4-862x574.jpg 2x\" data-title=\"20180919-Herbstausflug (4)\" itemprop=\"thumbnailUrl\"  data-envirabox=\"399\" data-automatic-caption=\"20180919-Herbstausflug (4)\" data-envira-height=\"200\" data-envira-width=\"300\" \/><\/a><\/div><\/div><div id=\"envira-gallery-item-498\" class=\"envira-gallery-item envira-gallery-item-5 envira-lazy-load\" style=\"padding-left: 3px; padding-bottom: 5px; padding-right: 3px;\"  itemscope itemtype=\"https:\/\/schema.org\/ImageObject\"><div class=\"envira-gallery-item-inner\"><div class=\"envira-gallery-position-overlay envira-gallery-top-left\"><\/div><div class=\"envira-gallery-position-overlay envira-gallery-top-right\"><\/div><div class=\"envira-gallery-position-overlay envira-gallery-bottom-left\"><\/div><div class=\"envira-gallery-position-overlay envira-gallery-bottom-right\"><\/div><a class=\"envira-gallery-399 envira-gallery-link\" href=\"https:\/\/www.mramriswil.ch\/turnveteranen\/wp-content\/uploads\/sites\/2\/2019\/03\/20180919-Herbstausflug-5.jpg\" title=\"20180919-Herbstausflug (5)\" data-caption=\"\" data-envira-item-id=\"498\" data-envira-retina=\"https:\/\/www.mramriswil.ch\/turnveteranen\/wp-content\/uploads\/sites\/2\/2019\/03\/20180919-Herbstausflug-5.jpg\" data-thumb=\"https:\/\/www.mramriswil.ch\/turnveteranen\/wp-content\/uploads\/sites\/2\/2019\/03\/20180919-Herbstausflug-5-75x50_c.jpg\" data-title=\"20180919-Herbstausflug (5)\" data-envirabox='399' itemprop=\"contentUrl\"><img loading=\"lazy\" decoding=\"async\" src=\"https:\/\/www.mramriswil.ch\/turnveteranen\/wp-content\/uploads\/sites\/2\/2019\/03\/20180919-Herbstausflug-5-862x574.jpg\" alt=\"\" class=\"envira-gallery-image envira-gallery-image-5    envira-lazy\" height=\"480\" id=\"envira-gallery-image-498\" srcset=\"data:image\/gif;base64,R0lGODlhAQABAIAAAP\/\/\/\/\/\/\/yH5BAEKAAEALAAAAAABAAEAAAICTAEAOw==\" tabindex=\"-1\" title=\"20180919-Herbstausflug (5)\" width=\"640\" data-caption=\"\" data-envira-gallery-id=\"399\" data-envira-index=\"4\" data-envira-item-id=\"498\" data-envira-src=\"https:\/\/www.mramriswil.ch\/turnveteranen\/wp-content\/uploads\/sites\/2\/2019\/03\/20180919-Herbstausflug-5-862x574.jpg\" data-envira-srcset=\"https:\/\/www.mramriswil.ch\/turnveteranen\/wp-content\/uploads\/sites\/2\/2019\/03\/20180919-Herbstausflug-5-862x574.jpg 400w, https:\/\/www.mramriswil.ch\/turnveteranen\/wp-content\/uploads\/sites\/2\/2019\/03\/20180919-Herbstausflug-5-862x574.jpg 2x\" data-title=\"20180919-Herbstausflug (5)\" itemprop=\"thumbnailUrl\"  data-envirabox=\"399\" data-automatic-caption=\"20180919-Herbstausflug (5)\" data-envira-height=\"200\" data-envira-width=\"300\" \/><\/a><\/div><\/div><div id=\"envira-gallery-item-499\" class=\"envira-gallery-item envira-gallery-item-6 envira-lazy-load\" style=\"padding-left: 3px; padding-bottom: 5px; padding-right: 3px;\"  itemscope itemtype=\"https:\/\/schema.org\/ImageObject\"><div class=\"envira-gallery-item-inner\"><div class=\"envira-gallery-position-overlay envira-gallery-top-left\"><\/div><div class=\"envira-gallery-position-overlay envira-gallery-top-right\"><\/div><div class=\"envira-gallery-position-overlay envira-gallery-bottom-left\"><\/div><div class=\"envira-gallery-position-overlay envira-gallery-bottom-right\"><\/div><a class=\"envira-gallery-399 envira-gallery-link\" href=\"https:\/\/www.mramriswil.ch\/turnveteranen\/wp-content\/uploads\/sites\/2\/2019\/03\/20180919-Herbstausflug-6.jpg\" title=\"20180919-Herbstausflug (6)\" data-caption=\"\" data-envira-item-id=\"499\" data-envira-retina=\"https:\/\/www.mramriswil.ch\/turnveteranen\/wp-content\/uploads\/sites\/2\/2019\/03\/20180919-Herbstausflug-6.jpg\" data-thumb=\"https:\/\/www.mramriswil.ch\/turnveteranen\/wp-content\/uploads\/sites\/2\/2019\/03\/20180919-Herbstausflug-6-75x50_c.jpg\" data-title=\"20180919-Herbstausflug (6)\" data-envirabox='399' itemprop=\"contentUrl\"><img loading=\"lazy\" decoding=\"async\" src=\"https:\/\/www.mramriswil.ch\/turnveteranen\/wp-content\/uploads\/sites\/2\/2019\/03\/20180919-Herbstausflug-6.jpg\" alt=\"\" class=\"envira-gallery-image envira-gallery-image-6    envira-lazy\" height=\"480\" id=\"envira-gallery-image-499\" srcset=\"data:image\/gif;base64,R0lGODlhAQABAIAAAP\/\/\/\/\/\/\/yH5BAEKAAEALAAAAAABAAEAAAICTAEAOw==\" tabindex=\"-1\" title=\"20180919-Herbstausflug (6)\" width=\"640\" data-caption=\"\" data-envira-gallery-id=\"399\" data-envira-index=\"5\" data-envira-item-id=\"499\" data-envira-src=\"https:\/\/www.mramriswil.ch\/turnveteranen\/wp-content\/uploads\/sites\/2\/2019\/03\/20180919-Herbstausflug-6.jpg\" data-envira-srcset=\"https:\/\/www.mramriswil.ch\/turnveteranen\/wp-content\/uploads\/sites\/2\/2019\/03\/20180919-Herbstausflug-6.jpg 400w, https:\/\/www.mramriswil.ch\/turnveteranen\/wp-content\/uploads\/sites\/2\/2019\/03\/20180919-Herbstausflug-6.jpg 2x\" data-title=\"20180919-Herbstausflug (6)\" itemprop=\"thumbnailUrl\"  data-envirabox=\"399\" data-automatic-caption=\"20180919-Herbstausflug (6)\" data-envira-height=\"300\" data-envira-width=\"200\" \/><\/a><\/div><\/div><div id=\"envira-gallery-item-500\" class=\"envira-gallery-item envira-gallery-item-7 envira-lazy-load\" style=\"padding-left: 3px; padding-bottom: 5px; padding-right: 3px;\"  itemscope itemtype=\"https:\/\/schema.org\/ImageObject\"><div class=\"envira-gallery-item-inner\"><div class=\"envira-gallery-position-overlay envira-gallery-top-left\"><\/div><div class=\"envira-gallery-position-overlay envira-gallery-top-right\"><\/div><div class=\"envira-gallery-position-overlay envira-gallery-bottom-left\"><\/div><div class=\"envira-gallery-position-overlay envira-gallery-bottom-right\"><\/div><a class=\"envira-gallery-399 envira-gallery-link\" href=\"https:\/\/www.mramriswil.ch\/turnveteranen\/wp-content\/uploads\/sites\/2\/2019\/03\/20180919-Herbstausflug-7.jpg\" title=\"20180919-Herbstausflug (7)\" data-caption=\"\" data-envira-item-id=\"500\" data-envira-retina=\"https:\/\/www.mramriswil.ch\/turnveteranen\/wp-content\/uploads\/sites\/2\/2019\/03\/20180919-Herbstausflug-7.jpg\" data-thumb=\"https:\/\/www.mramriswil.ch\/turnveteranen\/wp-content\/uploads\/sites\/2\/2019\/03\/20180919-Herbstausflug-7-75x50_c.jpg\" data-title=\"20180919-Herbstausflug (7)\" data-envirabox='399' itemprop=\"contentUrl\"><img loading=\"lazy\" decoding=\"async\" src=\"https:\/\/www.mramriswil.ch\/turnveteranen\/wp-content\/uploads\/sites\/2\/2019\/03\/20180919-Herbstausflug-7-862x574.jpg\" alt=\"\" class=\"envira-gallery-image envira-gallery-image-7    envira-lazy\" height=\"480\" id=\"envira-gallery-image-500\" srcset=\"data:image\/gif;base64,R0lGODlhAQABAIAAAP\/\/\/\/\/\/\/yH5BAEKAAEALAAAAAABAAEAAAICTAEAOw==\" tabindex=\"-1\" title=\"20180919-Herbstausflug (7)\" width=\"640\" data-caption=\"\" data-envira-gallery-id=\"399\" data-envira-index=\"6\" data-envira-item-id=\"500\" data-envira-src=\"https:\/\/www.mramriswil.ch\/turnveteranen\/wp-content\/uploads\/sites\/2\/2019\/03\/20180919-Herbstausflug-7-862x574.jpg\" data-envira-srcset=\"https:\/\/www.mramriswil.ch\/turnveteranen\/wp-content\/uploads\/sites\/2\/2019\/03\/20180919-Herbstausflug-7-862x574.jpg 400w, https:\/\/www.mramriswil.ch\/turnveteranen\/wp-content\/uploads\/sites\/2\/2019\/03\/20180919-Herbstausflug-7-862x574.jpg 2x\" data-title=\"20180919-Herbstausflug (7)\" itemprop=\"thumbnailUrl\"  data-envirabox=\"399\" data-automatic-caption=\"20180919-Herbstausflug (7)\" data-envira-height=\"200\" data-envira-width=\"300\" \/><\/a><\/div><\/div><div id=\"envira-gallery-item-501\" class=\"envira-gallery-item envira-gallery-item-8 envira-lazy-load\" style=\"padding-left: 3px; padding-bottom: 5px; padding-right: 3px;\"  itemscope itemtype=\"https:\/\/schema.org\/ImageObject\"><div class=\"envira-gallery-item-inner\"><div class=\"envira-gallery-position-overlay envira-gallery-top-left\"><\/div><div class=\"envira-gallery-position-overlay envira-gallery-top-right\"><\/div><div class=\"envira-gallery-position-overlay envira-gallery-bottom-left\"><\/div><div class=\"envira-gallery-position-overlay envira-gallery-bottom-right\"><\/div><a class=\"envira-gallery-399 envira-gallery-link\" href=\"https:\/\/www.mramriswil.ch\/turnveteranen\/wp-content\/uploads\/sites\/2\/2019\/03\/20180919-Herbstausflug-8.jpg\" title=\"20180919-Herbstausflug (8)\" data-caption=\"\" data-envira-item-id=\"501\" data-envira-retina=\"https:\/\/www.mramriswil.ch\/turnveteranen\/wp-content\/uploads\/sites\/2\/2019\/03\/20180919-Herbstausflug-8.jpg\" data-thumb=\"https:\/\/www.mramriswil.ch\/turnveteranen\/wp-content\/uploads\/sites\/2\/2019\/03\/20180919-Herbstausflug-8-75x50_c.jpg\" data-title=\"20180919-Herbstausflug (8)\" data-envirabox='399' itemprop=\"contentUrl\"><img loading=\"lazy\" decoding=\"async\" src=\"https:\/\/www.mramriswil.ch\/turnveteranen\/wp-content\/uploads\/sites\/2\/2019\/03\/20180919-Herbstausflug-8-862x574.jpg\" alt=\"\" class=\"envira-gallery-image envira-gallery-image-8    envira-lazy\" height=\"480\" id=\"envira-gallery-image-501\" srcset=\"data:image\/gif;base64,R0lGODlhAQABAIAAAP\/\/\/\/\/\/\/yH5BAEKAAEALAAAAAABAAEAAAICTAEAOw==\" tabindex=\"-1\" title=\"20180919-Herbstausflug (8)\" width=\"640\" data-caption=\"\" data-envira-gallery-id=\"399\" data-envira-index=\"7\" data-envira-item-id=\"501\" data-envira-src=\"https:\/\/www.mramriswil.ch\/turnveteranen\/wp-content\/uploads\/sites\/2\/2019\/03\/20180919-Herbstausflug-8-862x574.jpg\" data-envira-srcset=\"https:\/\/www.mramriswil.ch\/turnveteranen\/wp-content\/uploads\/sites\/2\/2019\/03\/20180919-Herbstausflug-8-862x574.jpg 400w, https:\/\/www.mramriswil.ch\/turnveteranen\/wp-content\/uploads\/sites\/2\/2019\/03\/20180919-Herbstausflug-8-862x574.jpg 2x\" data-title=\"20180919-Herbstausflug (8)\" itemprop=\"thumbnailUrl\"  data-envirabox=\"399\" data-automatic-caption=\"20180919-Herbstausflug (8)\" data-envira-height=\"200\" data-envira-width=\"300\" \/><\/a><\/div><\/div><div id=\"envira-gallery-item-502\" class=\"envira-gallery-item envira-gallery-item-9 envira-lazy-load\" style=\"padding-left: 3px; padding-bottom: 5px; padding-right: 3px;\"  itemscope itemtype=\"https:\/\/schema.org\/ImageObject\"><div class=\"envira-gallery-item-inner\"><div class=\"envira-gallery-position-overlay envira-gallery-top-left\"><\/div><div class=\"envira-gallery-position-overlay envira-gallery-top-right\"><\/div><div class=\"envira-gallery-position-overlay envira-gallery-bottom-left\"><\/div><div class=\"envira-gallery-position-overlay envira-gallery-bottom-right\"><\/div><a class=\"envira-gallery-399 envira-gallery-link\" href=\"https:\/\/www.mramriswil.ch\/turnveteranen\/wp-content\/uploads\/sites\/2\/2019\/03\/20180919-Herbstausflug-9.jpg\" title=\"20180919-Herbstausflug (9)\" data-caption=\"\" data-envira-item-id=\"502\" data-envira-retina=\"https:\/\/www.mramriswil.ch\/turnveteranen\/wp-content\/uploads\/sites\/2\/2019\/03\/20180919-Herbstausflug-9.jpg\" data-thumb=\"https:\/\/www.mramriswil.ch\/turnveteranen\/wp-content\/uploads\/sites\/2\/2019\/03\/20180919-Herbstausflug-9-75x50_c.jpg\" data-title=\"20180919-Herbstausflug (9)\" data-envirabox='399' itemprop=\"contentUrl\"><img loading=\"lazy\" decoding=\"async\" src=\"https:\/\/www.mramriswil.ch\/turnveteranen\/wp-content\/uploads\/sites\/2\/2019\/03\/20180919-Herbstausflug-9-862x574.jpg\" alt=\"\" class=\"envira-gallery-image envira-gallery-image-9    envira-lazy\" height=\"480\" id=\"envira-gallery-image-502\" srcset=\"data:image\/gif;base64,R0lGODlhAQABAIAAAP\/\/\/\/\/\/\/yH5BAEKAAEALAAAAAABAAEAAAICTAEAOw==\" tabindex=\"-1\" title=\"20180919-Herbstausflug (9)\" width=\"640\" data-caption=\"\" data-envira-gallery-id=\"399\" data-envira-index=\"8\" data-envira-item-id=\"502\" data-envira-src=\"https:\/\/www.mramriswil.ch\/turnveteranen\/wp-content\/uploads\/sites\/2\/2019\/03\/20180919-Herbstausflug-9-862x574.jpg\" data-envira-srcset=\"https:\/\/www.mramriswil.ch\/turnveteranen\/wp-content\/uploads\/sites\/2\/2019\/03\/20180919-Herbstausflug-9-862x574.jpg 400w, https:\/\/www.mramriswil.ch\/turnveteranen\/wp-content\/uploads\/sites\/2\/2019\/03\/20180919-Herbstausflug-9-862x574.jpg 2x\" data-title=\"20180919-Herbstausflug (9)\" itemprop=\"thumbnailUrl\"  data-envirabox=\"399\" data-automatic-caption=\"20180919-Herbstausflug (9)\" data-envira-height=\"200\" data-envira-width=\"300\" \/><\/a><\/div><\/div><div id=\"envira-gallery-item-503\" class=\"envira-gallery-item envira-gallery-item-10 envira-lazy-load\" style=\"padding-left: 3px; padding-bottom: 5px; padding-right: 3px;\"  itemscope itemtype=\"https:\/\/schema.org\/ImageObject\"><div class=\"envira-gallery-item-inner\"><div class=\"envira-gallery-position-overlay envira-gallery-top-left\"><\/div><div class=\"envira-gallery-position-overlay envira-gallery-top-right\"><\/div><div class=\"envira-gallery-position-overlay envira-gallery-bottom-left\"><\/div><div class=\"envira-gallery-position-overlay envira-gallery-bottom-right\"><\/div><a class=\"envira-gallery-399 envira-gallery-link\" href=\"https:\/\/www.mramriswil.ch\/turnveteranen\/wp-content\/uploads\/sites\/2\/2019\/03\/20180919-Herbstausflug-10.jpg\" title=\"20180919-Herbstausflug (10)\" data-caption=\"\" data-envira-item-id=\"503\" data-envira-retina=\"https:\/\/www.mramriswil.ch\/turnveteranen\/wp-content\/uploads\/sites\/2\/2019\/03\/20180919-Herbstausflug-10.jpg\" data-thumb=\"https:\/\/www.mramriswil.ch\/turnveteranen\/wp-content\/uploads\/sites\/2\/2019\/03\/20180919-Herbstausflug-10-75x50_c.jpg\" data-title=\"20180919-Herbstausflug (10)\" data-envirabox='399' itemprop=\"contentUrl\"><img loading=\"lazy\" decoding=\"async\" src=\"https:\/\/www.mramriswil.ch\/turnveteranen\/wp-content\/uploads\/sites\/2\/2019\/03\/20180919-Herbstausflug-10-862x574.jpg\" alt=\"\" class=\"envira-gallery-image envira-gallery-image-10    envira-lazy\" height=\"480\" id=\"envira-gallery-image-503\" srcset=\"data:image\/gif;base64,R0lGODlhAQABAIAAAP\/\/\/\/\/\/\/yH5BAEKAAEALAAAAAABAAEAAAICTAEAOw==\" tabindex=\"-1\" title=\"20180919-Herbstausflug (10)\" width=\"640\" data-caption=\"\" data-envira-gallery-id=\"399\" data-envira-index=\"9\" data-envira-item-id=\"503\" data-envira-src=\"https:\/\/www.mramriswil.ch\/turnveteranen\/wp-content\/uploads\/sites\/2\/2019\/03\/20180919-Herbstausflug-10-862x574.jpg\" data-envira-srcset=\"https:\/\/www.mramriswil.ch\/turnveteranen\/wp-content\/uploads\/sites\/2\/2019\/03\/20180919-Herbstausflug-10-862x574.jpg 400w, https:\/\/www.mramriswil.ch\/turnveteranen\/wp-content\/uploads\/sites\/2\/2019\/03\/20180919-Herbstausflug-10-862x574.jpg 2x\" data-title=\"20180919-Herbstausflug (10)\" itemprop=\"thumbnailUrl\"  data-envirabox=\"399\" data-automatic-caption=\"20180919-Herbstausflug (10)\" data-envira-height=\"200\" data-envira-width=\"300\" \/><\/a><\/div><\/div><div id=\"envira-gallery-item-504\" class=\"envira-gallery-item envira-gallery-item-11 envira-lazy-load\" style=\"padding-left: 3px; padding-bottom: 5px; padding-right: 3px;\"  itemscope itemtype=\"https:\/\/schema.org\/ImageObject\"><div class=\"envira-gallery-item-inner\"><div class=\"envira-gallery-position-overlay envira-gallery-top-left\"><\/div><div class=\"envira-gallery-position-overlay envira-gallery-top-right\"><\/div><div class=\"envira-gallery-position-overlay envira-gallery-bottom-left\"><\/div><div class=\"envira-gallery-position-overlay envira-gallery-bottom-right\"><\/div><a class=\"envira-gallery-399 envira-gallery-link\" href=\"https:\/\/www.mramriswil.ch\/turnveteranen\/wp-content\/uploads\/sites\/2\/2019\/03\/20180919-Herbstausflug-11.jpg\" title=\"20180919-Herbstausflug (11)\" data-caption=\"\" data-envira-item-id=\"504\" data-envira-retina=\"https:\/\/www.mramriswil.ch\/turnveteranen\/wp-content\/uploads\/sites\/2\/2019\/03\/20180919-Herbstausflug-11.jpg\" data-thumb=\"https:\/\/www.mramriswil.ch\/turnveteranen\/wp-content\/uploads\/sites\/2\/2019\/03\/20180919-Herbstausflug-11-75x50_c.jpg\" data-title=\"20180919-Herbstausflug (11)\" data-envirabox='399' itemprop=\"contentUrl\"><img loading=\"lazy\" decoding=\"async\" src=\"https:\/\/www.mramriswil.ch\/turnveteranen\/wp-content\/uploads\/sites\/2\/2019\/03\/20180919-Herbstausflug-11-862x574.jpg\" alt=\"\" class=\"envira-gallery-image envira-gallery-image-11    envira-lazy\" height=\"480\" id=\"envira-gallery-image-504\" srcset=\"data:image\/gif;base64,R0lGODlhAQABAIAAAP\/\/\/\/\/\/\/yH5BAEKAAEALAAAAAABAAEAAAICTAEAOw==\" tabindex=\"-1\" title=\"20180919-Herbstausflug (11)\" width=\"640\" data-caption=\"\" data-envira-gallery-id=\"399\" data-envira-index=\"10\" data-envira-item-id=\"504\" data-envira-src=\"https:\/\/www.mramriswil.ch\/turnveteranen\/wp-content\/uploads\/sites\/2\/2019\/03\/20180919-Herbstausflug-11-862x574.jpg\" data-envira-srcset=\"https:\/\/www.mramriswil.ch\/turnveteranen\/wp-content\/uploads\/sites\/2\/2019\/03\/20180919-Herbstausflug-11-862x574.jpg 400w, https:\/\/www.mramriswil.ch\/turnveteranen\/wp-content\/uploads\/sites\/2\/2019\/03\/20180919-Herbstausflug-11-862x574.jpg 2x\" data-title=\"20180919-Herbstausflug (11)\" itemprop=\"thumbnailUrl\"  data-envirabox=\"399\" data-automatic-caption=\"20180919-Herbstausflug (11)\" data-envira-height=\"200\" data-envira-width=\"300\" \/><\/a><\/div><\/div><div id=\"envira-gallery-item-505\" class=\"envira-gallery-item envira-gallery-item-12 envira-lazy-load\" style=\"padding-left: 3px; padding-bottom: 5px; padding-right: 3px;\"  itemscope itemtype=\"https:\/\/schema.org\/ImageObject\"><div class=\"envira-gallery-item-inner\"><div class=\"envira-gallery-position-overlay envira-gallery-top-left\"><\/div><div class=\"envira-gallery-position-overlay envira-gallery-top-right\"><\/div><div class=\"envira-gallery-position-overlay envira-gallery-bottom-left\"><\/div><div class=\"envira-gallery-position-overlay envira-gallery-bottom-right\"><\/div><a class=\"envira-gallery-399 envira-gallery-link\" href=\"https:\/\/www.mramriswil.ch\/turnveteranen\/wp-content\/uploads\/sites\/2\/2019\/03\/20180919-Herbstausflug-12.jpg\" title=\"20180919-Herbstausflug (12)\" data-caption=\"\" data-envira-item-id=\"505\" data-envira-retina=\"https:\/\/www.mramriswil.ch\/turnveteranen\/wp-content\/uploads\/sites\/2\/2019\/03\/20180919-Herbstausflug-12.jpg\" data-thumb=\"https:\/\/www.mramriswil.ch\/turnveteranen\/wp-content\/uploads\/sites\/2\/2019\/03\/20180919-Herbstausflug-12-75x50_c.jpg\" data-title=\"20180919-Herbstausflug (12)\" data-envirabox='399' itemprop=\"contentUrl\"><img loading=\"lazy\" decoding=\"async\" src=\"https:\/\/www.mramriswil.ch\/turnveteranen\/wp-content\/uploads\/sites\/2\/2019\/03\/20180919-Herbstausflug-12-862x574.jpg\" alt=\"\" class=\"envira-gallery-image envira-gallery-image-12    envira-lazy\" height=\"480\" id=\"envira-gallery-image-505\" srcset=\"data:image\/gif;base64,R0lGODlhAQABAIAAAP\/\/\/\/\/\/\/yH5BAEKAAEALAAAAAABAAEAAAICTAEAOw==\" tabindex=\"-1\" title=\"20180919-Herbstausflug (12)\" width=\"640\" data-caption=\"\" data-envira-gallery-id=\"399\" data-envira-index=\"11\" data-envira-item-id=\"505\" data-envira-src=\"https:\/\/www.mramriswil.ch\/turnveteranen\/wp-content\/uploads\/sites\/2\/2019\/03\/20180919-Herbstausflug-12-862x574.jpg\" data-envira-srcset=\"https:\/\/www.mramriswil.ch\/turnveteranen\/wp-content\/uploads\/sites\/2\/2019\/03\/20180919-Herbstausflug-12-862x574.jpg 400w, https:\/\/www.mramriswil.ch\/turnveteranen\/wp-content\/uploads\/sites\/2\/2019\/03\/20180919-Herbstausflug-12-862x574.jpg 2x\" data-title=\"20180919-Herbstausflug (12)\" itemprop=\"thumbnailUrl\"  data-envirabox=\"399\" data-automatic-caption=\"20180919-Herbstausflug (12)\" data-envira-height=\"200\" data-envira-width=\"300\" \/><\/a><\/div><\/div><div id=\"envira-gallery-item-506\" class=\"envira-gallery-item envira-gallery-item-13 envira-lazy-load\" style=\"padding-left: 3px; padding-bottom: 5px; padding-right: 3px;\"  itemscope itemtype=\"https:\/\/schema.org\/ImageObject\"><div class=\"envira-gallery-item-inner\"><div class=\"envira-gallery-position-overlay envira-gallery-top-left\"><\/div><div class=\"envira-gallery-position-overlay envira-gallery-top-right\"><\/div><div class=\"envira-gallery-position-overlay envira-gallery-bottom-left\"><\/div><div class=\"envira-gallery-position-overlay envira-gallery-bottom-right\"><\/div><a class=\"envira-gallery-399 envira-gallery-link\" href=\"https:\/\/www.mramriswil.ch\/turnveteranen\/wp-content\/uploads\/sites\/2\/2019\/03\/20180919-Herbstausflug-13.jpg\" title=\"20180919-Herbstausflug (13)\" data-caption=\"\" data-envira-item-id=\"506\" data-envira-retina=\"https:\/\/www.mramriswil.ch\/turnveteranen\/wp-content\/uploads\/sites\/2\/2019\/03\/20180919-Herbstausflug-13.jpg\" data-thumb=\"https:\/\/www.mramriswil.ch\/turnveteranen\/wp-content\/uploads\/sites\/2\/2019\/03\/20180919-Herbstausflug-13-75x50_c.jpg\" data-title=\"20180919-Herbstausflug (13)\" data-envirabox='399' itemprop=\"contentUrl\"><img loading=\"lazy\" decoding=\"async\" src=\"https:\/\/www.mramriswil.ch\/turnveteranen\/wp-content\/uploads\/sites\/2\/2019\/03\/20180919-Herbstausflug-13-862x647.jpg\" alt=\"\" class=\"envira-gallery-image envira-gallery-image-13    envira-lazy\" height=\"480\" id=\"envira-gallery-image-506\" srcset=\"data:image\/gif;base64,R0lGODlhAQABAIAAAP\/\/\/\/\/\/\/yH5BAEKAAEALAAAAAABAAEAAAICTAEAOw==\" tabindex=\"-1\" title=\"20180919-Herbstausflug (13)\" width=\"640\" data-caption=\"\" data-envira-gallery-id=\"399\" data-envira-index=\"12\" data-envira-item-id=\"506\" data-envira-src=\"https:\/\/www.mramriswil.ch\/turnveteranen\/wp-content\/uploads\/sites\/2\/2019\/03\/20180919-Herbstausflug-13-862x647.jpg\" data-envira-srcset=\"https:\/\/www.mramriswil.ch\/turnveteranen\/wp-content\/uploads\/sites\/2\/2019\/03\/20180919-Herbstausflug-13-862x647.jpg 400w, https:\/\/www.mramriswil.ch\/turnveteranen\/wp-content\/uploads\/sites\/2\/2019\/03\/20180919-Herbstausflug-13-862x647.jpg 2x\" data-title=\"20180919-Herbstausflug (13)\" itemprop=\"thumbnailUrl\"  data-envirabox=\"399\" data-automatic-caption=\"20180919-Herbstausflug (13)\" data-envira-height=\"225\" data-envira-width=\"300\" \/><\/a><\/div><\/div><div id=\"envira-gallery-item-507\" class=\"envira-gallery-item envira-gallery-item-14 envira-lazy-load\" style=\"padding-left: 3px; padding-bottom: 5px; padding-right: 3px;\"  itemscope itemtype=\"https:\/\/schema.org\/ImageObject\"><div class=\"envira-gallery-item-inner\"><div class=\"envira-gallery-position-overlay envira-gallery-top-left\"><\/div><div class=\"envira-gallery-position-overlay envira-gallery-top-right\"><\/div><div class=\"envira-gallery-position-overlay envira-gallery-bottom-left\"><\/div><div class=\"envira-gallery-position-overlay envira-gallery-bottom-right\"><\/div><a class=\"envira-gallery-399 envira-gallery-link\" href=\"https:\/\/www.mramriswil.ch\/turnveteranen\/wp-content\/uploads\/sites\/2\/2019\/03\/20180919-Herbstausflug-14.jpg\" title=\"20180919-Herbstausflug (14)\" data-caption=\"\" data-envira-item-id=\"507\" data-envira-retina=\"https:\/\/www.mramriswil.ch\/turnveteranen\/wp-content\/uploads\/sites\/2\/2019\/03\/20180919-Herbstausflug-14.jpg\" data-thumb=\"https:\/\/www.mramriswil.ch\/turnveteranen\/wp-content\/uploads\/sites\/2\/2019\/03\/20180919-Herbstausflug-14-75x50_c.jpg\" data-title=\"20180919-Herbstausflug (14)\" data-envirabox='399' itemprop=\"contentUrl\"><img loading=\"lazy\" decoding=\"async\" src=\"https:\/\/www.mramriswil.ch\/turnveteranen\/wp-content\/uploads\/sites\/2\/2019\/03\/20180919-Herbstausflug-14-862x647.jpg\" alt=\"\" class=\"envira-gallery-image envira-gallery-image-14    envira-lazy\" height=\"480\" id=\"envira-gallery-image-507\" srcset=\"data:image\/gif;base64,R0lGODlhAQABAIAAAP\/\/\/\/\/\/\/yH5BAEKAAEALAAAAAABAAEAAAICTAEAOw==\" tabindex=\"-1\" title=\"20180919-Herbstausflug (14)\" width=\"640\" data-caption=\"\" data-envira-gallery-id=\"399\" data-envira-index=\"13\" data-envira-item-id=\"507\" data-envira-src=\"https:\/\/www.mramriswil.ch\/turnveteranen\/wp-content\/uploads\/sites\/2\/2019\/03\/20180919-Herbstausflug-14-862x647.jpg\" data-envira-srcset=\"https:\/\/www.mramriswil.ch\/turnveteranen\/wp-content\/uploads\/sites\/2\/2019\/03\/20180919-Herbstausflug-14-862x647.jpg 400w, https:\/\/www.mramriswil.ch\/turnveteranen\/wp-content\/uploads\/sites\/2\/2019\/03\/20180919-Herbstausflug-14-862x647.jpg 2x\" data-title=\"20180919-Herbstausflug (14)\" itemprop=\"thumbnailUrl\"  data-envirabox=\"399\" data-automatic-caption=\"20180919-Herbstausflug (14)\" data-envira-height=\"225\" data-envira-width=\"300\" \/><\/a><\/div><\/div><div id=\"envira-gallery-item-508\" class=\"envira-gallery-item envira-gallery-item-15 envira-lazy-load\" style=\"padding-left: 3px; padding-bottom: 5px; padding-right: 3px;\"  itemscope itemtype=\"https:\/\/schema.org\/ImageObject\"><div class=\"envira-gallery-item-inner\"><div class=\"envira-gallery-position-overlay envira-gallery-top-left\"><\/div><div class=\"envira-gallery-position-overlay envira-gallery-top-right\"><\/div><div class=\"envira-gallery-position-overlay envira-gallery-bottom-left\"><\/div><div class=\"envira-gallery-position-overlay envira-gallery-bottom-right\"><\/div><a class=\"envira-gallery-399 envira-gallery-link\" href=\"https:\/\/www.mramriswil.ch\/turnveteranen\/wp-content\/uploads\/sites\/2\/2019\/03\/20180919-Herbstausflug-15.jpg\" title=\"20180919-Herbstausflug (15)\" data-caption=\"\" data-envira-item-id=\"508\" data-envira-retina=\"https:\/\/www.mramriswil.ch\/turnveteranen\/wp-content\/uploads\/sites\/2\/2019\/03\/20180919-Herbstausflug-15.jpg\" data-thumb=\"https:\/\/www.mramriswil.ch\/turnveteranen\/wp-content\/uploads\/sites\/2\/2019\/03\/20180919-Herbstausflug-15-75x50_c.jpg\" data-title=\"20180919-Herbstausflug (15)\" data-envirabox='399' itemprop=\"contentUrl\"><img loading=\"lazy\" decoding=\"async\" src=\"https:\/\/www.mramriswil.ch\/turnveteranen\/wp-content\/uploads\/sites\/2\/2019\/03\/20180919-Herbstausflug-15-862x647.jpg\" alt=\"\" class=\"envira-gallery-image envira-gallery-image-15    envira-lazy\" height=\"480\" id=\"envira-gallery-image-508\" srcset=\"data:image\/gif;base64,R0lGODlhAQABAIAAAP\/\/\/\/\/\/\/yH5BAEKAAEALAAAAAABAAEAAAICTAEAOw==\" tabindex=\"-1\" title=\"20180919-Herbstausflug (15)\" width=\"640\" data-caption=\"\" data-envira-gallery-id=\"399\" data-envira-index=\"14\" data-envira-item-id=\"508\" data-envira-src=\"https:\/\/www.mramriswil.ch\/turnveteranen\/wp-content\/uploads\/sites\/2\/2019\/03\/20180919-Herbstausflug-15-862x647.jpg\" data-envira-srcset=\"https:\/\/www.mramriswil.ch\/turnveteranen\/wp-content\/uploads\/sites\/2\/2019\/03\/20180919-Herbstausflug-15-862x647.jpg 400w, https:\/\/www.mramriswil.ch\/turnveteranen\/wp-content\/uploads\/sites\/2\/2019\/03\/20180919-Herbstausflug-15-862x647.jpg 2x\" data-title=\"20180919-Herbstausflug (15)\" itemprop=\"thumbnailUrl\"  data-envirabox=\"399\" data-automatic-caption=\"20180919-Herbstausflug (15)\" data-envira-height=\"225\" data-envira-width=\"300\" \/><\/a><\/div><\/div><div id=\"envira-gallery-item-509\" class=\"envira-gallery-item envira-gallery-item-16 envira-lazy-load\" style=\"padding-left: 3px; padding-bottom: 5px; padding-right: 3px;\"  itemscope itemtype=\"https:\/\/schema.org\/ImageObject\"><div class=\"envira-gallery-item-inner\"><div class=\"envira-gallery-position-overlay envira-gallery-top-left\"><\/div><div class=\"envira-gallery-position-overlay envira-gallery-top-right\"><\/div><div class=\"envira-gallery-position-overlay envira-gallery-bottom-left\"><\/div><div class=\"envira-gallery-position-overlay envira-gallery-bottom-right\"><\/div><a class=\"envira-gallery-399 envira-gallery-link\" href=\"https:\/\/www.mramriswil.ch\/turnveteranen\/wp-content\/uploads\/sites\/2\/2019\/03\/20180919-Herbstausflug-16.jpg\" title=\"20180919-Herbstausflug (16)\" data-caption=\"\" data-envira-item-id=\"509\" data-envira-retina=\"https:\/\/www.mramriswil.ch\/turnveteranen\/wp-content\/uploads\/sites\/2\/2019\/03\/20180919-Herbstausflug-16.jpg\" data-thumb=\"https:\/\/www.mramriswil.ch\/turnveteranen\/wp-content\/uploads\/sites\/2\/2019\/03\/20180919-Herbstausflug-16-75x50_c.jpg\" data-title=\"20180919-Herbstausflug (16)\" data-envirabox='399' itemprop=\"contentUrl\"><img loading=\"lazy\" decoding=\"async\" src=\"https:\/\/www.mramriswil.ch\/turnveteranen\/wp-content\/uploads\/sites\/2\/2019\/03\/20180919-Herbstausflug-16-862x647.jpg\" alt=\"\" class=\"envira-gallery-image envira-gallery-image-16    envira-lazy\" height=\"480\" id=\"envira-gallery-image-509\" srcset=\"data:image\/gif;base64,R0lGODlhAQABAIAAAP\/\/\/\/\/\/\/yH5BAEKAAEALAAAAAABAAEAAAICTAEAOw==\" tabindex=\"-1\" title=\"20180919-Herbstausflug (16)\" width=\"640\" data-caption=\"\" data-envira-gallery-id=\"399\" data-envira-index=\"15\" data-envira-item-id=\"509\" data-envira-src=\"https:\/\/www.mramriswil.ch\/turnveteranen\/wp-content\/uploads\/sites\/2\/2019\/03\/20180919-Herbstausflug-16-862x647.jpg\" data-envira-srcset=\"https:\/\/www.mramriswil.ch\/turnveteranen\/wp-content\/uploads\/sites\/2\/2019\/03\/20180919-Herbstausflug-16-862x647.jpg 400w, https:\/\/www.mramriswil.ch\/turnveteranen\/wp-content\/uploads\/sites\/2\/2019\/03\/20180919-Herbstausflug-16-862x647.jpg 2x\" data-title=\"20180919-Herbstausflug (16)\" itemprop=\"thumbnailUrl\"  data-envirabox=\"399\" data-automatic-caption=\"20180919-Herbstausflug (16)\" data-envira-height=\"225\" data-envira-width=\"300\" \/><\/a><\/div><\/div><div id=\"envira-gallery-item-510\" class=\"envira-gallery-item envira-gallery-item-17 envira-lazy-load\" style=\"padding-left: 3px; padding-bottom: 5px; padding-right: 3px;\"  itemscope itemtype=\"https:\/\/schema.org\/ImageObject\"><div class=\"envira-gallery-item-inner\"><div class=\"envira-gallery-position-overlay envira-gallery-top-left\"><\/div><div class=\"envira-gallery-position-overlay envira-gallery-top-right\"><\/div><div class=\"envira-gallery-position-overlay envira-gallery-bottom-left\"><\/div><div class=\"envira-gallery-position-overlay envira-gallery-bottom-right\"><\/div><a class=\"envira-gallery-399 envira-gallery-link\" href=\"https:\/\/www.mramriswil.ch\/turnveteranen\/wp-content\/uploads\/sites\/2\/2019\/03\/20180919-Herbstausflug-17.jpg\" title=\"20180919-Herbstausflug (17)\" data-caption=\"\" data-envira-item-id=\"510\" data-envira-retina=\"https:\/\/www.mramriswil.ch\/turnveteranen\/wp-content\/uploads\/sites\/2\/2019\/03\/20180919-Herbstausflug-17.jpg\" data-thumb=\"https:\/\/www.mramriswil.ch\/turnveteranen\/wp-content\/uploads\/sites\/2\/2019\/03\/20180919-Herbstausflug-17-75x50_c.jpg\" data-title=\"20180919-Herbstausflug (17)\" data-envirabox='399' itemprop=\"contentUrl\"><img loading=\"lazy\" decoding=\"async\" src=\"https:\/\/www.mramriswil.ch\/turnveteranen\/wp-content\/uploads\/sites\/2\/2019\/03\/20180919-Herbstausflug-17-862x647.jpg\" alt=\"\" class=\"envira-gallery-image envira-gallery-image-17    envira-lazy\" height=\"480\" id=\"envira-gallery-image-510\" srcset=\"data:image\/gif;base64,R0lGODlhAQABAIAAAP\/\/\/\/\/\/\/yH5BAEKAAEALAAAAAABAAEAAAICTAEAOw==\" tabindex=\"-1\" title=\"20180919-Herbstausflug (17)\" width=\"640\" data-caption=\"\" data-envira-gallery-id=\"399\" data-envira-index=\"16\" data-envira-item-id=\"510\" data-envira-src=\"https:\/\/www.mramriswil.ch\/turnveteranen\/wp-content\/uploads\/sites\/2\/2019\/03\/20180919-Herbstausflug-17-862x647.jpg\" data-envira-srcset=\"https:\/\/www.mramriswil.ch\/turnveteranen\/wp-content\/uploads\/sites\/2\/2019\/03\/20180919-Herbstausflug-17-862x647.jpg 400w, https:\/\/www.mramriswil.ch\/turnveteranen\/wp-content\/uploads\/sites\/2\/2019\/03\/20180919-Herbstausflug-17-862x647.jpg 2x\" data-title=\"20180919-Herbstausflug (17)\" itemprop=\"thumbnailUrl\"  data-envirabox=\"399\" data-automatic-caption=\"20180919-Herbstausflug (17)\" data-envira-height=\"225\" data-envira-width=\"300\" \/><\/a><\/div><\/div><div id=\"envira-gallery-item-511\" class=\"envira-gallery-item envira-gallery-item-18 envira-lazy-load\" style=\"padding-left: 3px; padding-bottom: 5px; padding-right: 3px;\"  itemscope itemtype=\"https:\/\/schema.org\/ImageObject\"><div class=\"envira-gallery-item-inner\"><div class=\"envira-gallery-position-overlay envira-gallery-top-left\"><\/div><div class=\"envira-gallery-position-overlay envira-gallery-top-right\"><\/div><div class=\"envira-gallery-position-overlay envira-gallery-bottom-left\"><\/div><div class=\"envira-gallery-position-overlay envira-gallery-bottom-right\"><\/div><a class=\"envira-gallery-399 envira-gallery-link\" href=\"https:\/\/www.mramriswil.ch\/turnveteranen\/wp-content\/uploads\/sites\/2\/2019\/03\/20180919-Herbstausflug-18.jpg\" title=\"20180919-Herbstausflug (18)\" data-caption=\"\" data-envira-item-id=\"511\" data-envira-retina=\"https:\/\/www.mramriswil.ch\/turnveteranen\/wp-content\/uploads\/sites\/2\/2019\/03\/20180919-Herbstausflug-18.jpg\" data-thumb=\"https:\/\/www.mramriswil.ch\/turnveteranen\/wp-content\/uploads\/sites\/2\/2019\/03\/20180919-Herbstausflug-18-75x50_c.jpg\" data-title=\"20180919-Herbstausflug (18)\" data-envirabox='399' itemprop=\"contentUrl\"><img loading=\"lazy\" decoding=\"async\" src=\"https:\/\/www.mramriswil.ch\/turnveteranen\/wp-content\/uploads\/sites\/2\/2019\/03\/20180919-Herbstausflug-18.jpg\" alt=\"\" class=\"envira-gallery-image envira-gallery-image-18    envira-lazy\" height=\"480\" id=\"envira-gallery-image-511\" srcset=\"data:image\/gif;base64,R0lGODlhAQABAIAAAP\/\/\/\/\/\/\/yH5BAEKAAEALAAAAAABAAEAAAICTAEAOw==\" tabindex=\"-1\" title=\"20180919-Herbstausflug (18)\" width=\"640\" data-caption=\"\" data-envira-gallery-id=\"399\" data-envira-index=\"17\" data-envira-item-id=\"511\" data-envira-src=\"https:\/\/www.mramriswil.ch\/turnveteranen\/wp-content\/uploads\/sites\/2\/2019\/03\/20180919-Herbstausflug-18.jpg\" data-envira-srcset=\"https:\/\/www.mramriswil.ch\/turnveteranen\/wp-content\/uploads\/sites\/2\/2019\/03\/20180919-Herbstausflug-18.jpg 400w, https:\/\/www.mramriswil.ch\/turnveteranen\/wp-content\/uploads\/sites\/2\/2019\/03\/20180919-Herbstausflug-18.jpg 2x\" data-title=\"20180919-Herbstausflug (18)\" itemprop=\"thumbnailUrl\"  data-envirabox=\"399\" data-automatic-caption=\"20180919-Herbstausflug (18)\" data-envira-height=\"300\" data-envira-width=\"225\" \/><\/a><\/div><\/div><div id=\"envira-gallery-item-512\" class=\"envira-gallery-item envira-gallery-item-19 envira-lazy-load\" style=\"padding-left: 3px; padding-bottom: 5px; padding-right: 3px;\"  itemscope itemtype=\"https:\/\/schema.org\/ImageObject\"><div class=\"envira-gallery-item-inner\"><div class=\"envira-gallery-position-overlay envira-gallery-top-left\"><\/div><div class=\"envira-gallery-position-overlay envira-gallery-top-right\"><\/div><div class=\"envira-gallery-position-overlay envira-gallery-bottom-left\"><\/div><div class=\"envira-gallery-position-overlay envira-gallery-bottom-right\"><\/div><a class=\"envira-gallery-399 envira-gallery-link\" href=\"https:\/\/www.mramriswil.ch\/turnveteranen\/wp-content\/uploads\/sites\/2\/2019\/03\/20180919-Herbstausflug-19.jpg\" title=\"20180919-Herbstausflug (19)\" data-caption=\"\" data-envira-item-id=\"512\" data-envira-retina=\"https:\/\/www.mramriswil.ch\/turnveteranen\/wp-content\/uploads\/sites\/2\/2019\/03\/20180919-Herbstausflug-19.jpg\" data-thumb=\"https:\/\/www.mramriswil.ch\/turnveteranen\/wp-content\/uploads\/sites\/2\/2019\/03\/20180919-Herbstausflug-19-75x50_c.jpg\" data-title=\"20180919-Herbstausflug (19)\" data-envirabox='399' itemprop=\"contentUrl\"><img loading=\"lazy\" decoding=\"async\" src=\"https:\/\/www.mramriswil.ch\/turnveteranen\/wp-content\/uploads\/sites\/2\/2019\/03\/20180919-Herbstausflug-19-862x647.jpg\" alt=\"\" class=\"envira-gallery-image envira-gallery-image-19    envira-lazy\" height=\"480\" id=\"envira-gallery-image-512\" srcset=\"data:image\/gif;base64,R0lGODlhAQABAIAAAP\/\/\/\/\/\/\/yH5BAEKAAEALAAAAAABAAEAAAICTAEAOw==\" tabindex=\"-1\" title=\"20180919-Herbstausflug (19)\" width=\"640\" data-caption=\"\" data-envira-gallery-id=\"399\" data-envira-index=\"18\" data-envira-item-id=\"512\" data-envira-src=\"https:\/\/www.mramriswil.ch\/turnveteranen\/wp-content\/uploads\/sites\/2\/2019\/03\/20180919-Herbstausflug-19-862x647.jpg\" data-envira-srcset=\"https:\/\/www.mramriswil.ch\/turnveteranen\/wp-content\/uploads\/sites\/2\/2019\/03\/20180919-Herbstausflug-19-862x647.jpg 400w, https:\/\/www.mramriswil.ch\/turnveteranen\/wp-content\/uploads\/sites\/2\/2019\/03\/20180919-Herbstausflug-19-862x647.jpg 2x\" data-title=\"20180919-Herbstausflug (19)\" itemprop=\"thumbnailUrl\"  data-envirabox=\"399\" data-automatic-caption=\"20180919-Herbstausflug (19)\" data-envira-height=\"225\" data-envira-width=\"300\" \/><\/a><\/div><\/div><div id=\"envira-gallery-item-513\" class=\"envira-gallery-item envira-gallery-item-20 envira-lazy-load\" style=\"padding-left: 3px; padding-bottom: 5px; padding-right: 3px;\"  itemscope itemtype=\"https:\/\/schema.org\/ImageObject\"><div class=\"envira-gallery-item-inner\"><div class=\"envira-gallery-position-overlay envira-gallery-top-left\"><\/div><div class=\"envira-gallery-position-overlay envira-gallery-top-right\"><\/div><div class=\"envira-gallery-position-overlay envira-gallery-bottom-left\"><\/div><div class=\"envira-gallery-position-overlay envira-gallery-bottom-right\"><\/div><a class=\"envira-gallery-399 envira-gallery-link\" href=\"https:\/\/www.mramriswil.ch\/turnveteranen\/wp-content\/uploads\/sites\/2\/2019\/03\/20180919-Herbstausflug-20.jpg\" title=\"20180919-Herbstausflug (20)\" data-caption=\"\" data-envira-item-id=\"513\" data-envira-retina=\"https:\/\/www.mramriswil.ch\/turnveteranen\/wp-content\/uploads\/sites\/2\/2019\/03\/20180919-Herbstausflug-20.jpg\" data-thumb=\"https:\/\/www.mramriswil.ch\/turnveteranen\/wp-content\/uploads\/sites\/2\/2019\/03\/20180919-Herbstausflug-20-75x50_c.jpg\" data-title=\"20180919-Herbstausflug (20)\" data-envirabox='399' itemprop=\"contentUrl\"><img loading=\"lazy\" decoding=\"async\" src=\"https:\/\/www.mramriswil.ch\/turnveteranen\/wp-content\/uploads\/sites\/2\/2019\/03\/20180919-Herbstausflug-20.jpg\" alt=\"\" class=\"envira-gallery-image envira-gallery-image-20    envira-lazy\" height=\"480\" id=\"envira-gallery-image-513\" srcset=\"data:image\/gif;base64,R0lGODlhAQABAIAAAP\/\/\/\/\/\/\/yH5BAEKAAEALAAAAAABAAEAAAICTAEAOw==\" tabindex=\"-1\" title=\"20180919-Herbstausflug (20)\" width=\"640\" data-caption=\"\" data-envira-gallery-id=\"399\" data-envira-index=\"19\" data-envira-item-id=\"513\" data-envira-src=\"https:\/\/www.mramriswil.ch\/turnveteranen\/wp-content\/uploads\/sites\/2\/2019\/03\/20180919-Herbstausflug-20.jpg\" data-envira-srcset=\"https:\/\/www.mramriswil.ch\/turnveteranen\/wp-content\/uploads\/sites\/2\/2019\/03\/20180919-Herbstausflug-20.jpg 400w, https:\/\/www.mramriswil.ch\/turnveteranen\/wp-content\/uploads\/sites\/2\/2019\/03\/20180919-Herbstausflug-20.jpg 2x\" data-title=\"20180919-Herbstausflug (20)\" itemprop=\"thumbnailUrl\"  data-envirabox=\"399\" data-automatic-caption=\"20180919-Herbstausflug (20)\" data-envira-height=\"300\" data-envira-width=\"225\" \/><\/a><\/div><\/div><div id=\"envira-gallery-item-514\" class=\"envira-gallery-item envira-gallery-item-21 envira-lazy-load\" style=\"padding-left: 3px; padding-bottom: 5px; padding-right: 3px;\"  itemscope itemtype=\"https:\/\/schema.org\/ImageObject\"><div class=\"envira-gallery-item-inner\"><div class=\"envira-gallery-position-overlay envira-gallery-top-left\"><\/div><div class=\"envira-gallery-position-overlay envira-gallery-top-right\"><\/div><div class=\"envira-gallery-position-overlay envira-gallery-bottom-left\"><\/div><div class=\"envira-gallery-position-overlay envira-gallery-bottom-right\"><\/div><a class=\"envira-gallery-399 envira-gallery-link\" href=\"https:\/\/www.mramriswil.ch\/turnveteranen\/wp-content\/uploads\/sites\/2\/2019\/03\/20180919-Herbstausflug-21.jpg\" title=\"20180919-Herbstausflug (21)\" data-caption=\"\" data-envira-item-id=\"514\" data-envira-retina=\"https:\/\/www.mramriswil.ch\/turnveteranen\/wp-content\/uploads\/sites\/2\/2019\/03\/20180919-Herbstausflug-21.jpg\" data-thumb=\"https:\/\/www.mramriswil.ch\/turnveteranen\/wp-content\/uploads\/sites\/2\/2019\/03\/20180919-Herbstausflug-21-75x50_c.jpg\" data-title=\"20180919-Herbstausflug (21)\" data-envirabox='399' itemprop=\"contentUrl\"><img loading=\"lazy\" decoding=\"async\" src=\"https:\/\/www.mramriswil.ch\/turnveteranen\/wp-content\/uploads\/sites\/2\/2019\/03\/20180919-Herbstausflug-21.jpg\" alt=\"\" class=\"envira-gallery-image envira-gallery-image-21    envira-lazy\" height=\"480\" id=\"envira-gallery-image-514\" srcset=\"data:image\/gif;base64,R0lGODlhAQABAIAAAP\/\/\/\/\/\/\/yH5BAEKAAEALAAAAAABAAEAAAICTAEAOw==\" tabindex=\"-1\" title=\"20180919-Herbstausflug (21)\" width=\"640\" data-caption=\"\" data-envira-gallery-id=\"399\" data-envira-index=\"20\" data-envira-item-id=\"514\" data-envira-src=\"https:\/\/www.mramriswil.ch\/turnveteranen\/wp-content\/uploads\/sites\/2\/2019\/03\/20180919-Herbstausflug-21.jpg\" data-envira-srcset=\"https:\/\/www.mramriswil.ch\/turnveteranen\/wp-content\/uploads\/sites\/2\/2019\/03\/20180919-Herbstausflug-21.jpg 400w, https:\/\/www.mramriswil.ch\/turnveteranen\/wp-content\/uploads\/sites\/2\/2019\/03\/20180919-Herbstausflug-21.jpg 2x\" data-title=\"20180919-Herbstausflug (21)\" itemprop=\"thumbnailUrl\"  data-envirabox=\"399\" data-automatic-caption=\"20180919-Herbstausflug (21)\" data-envira-height=\"300\" data-envira-width=\"225\" \/><\/a><\/div><\/div><div id=\"envira-gallery-item-515\" class=\"envira-gallery-item envira-gallery-item-22 envira-lazy-load\" style=\"padding-left: 3px; padding-bottom: 5px; padding-right: 3px;\"  itemscope itemtype=\"https:\/\/schema.org\/ImageObject\"><div class=\"envira-gallery-item-inner\"><div class=\"envira-gallery-position-overlay envira-gallery-top-left\"><\/div><div class=\"envira-gallery-position-overlay envira-gallery-top-right\"><\/div><div class=\"envira-gallery-position-overlay envira-gallery-bottom-left\"><\/div><div class=\"envira-gallery-position-overlay envira-gallery-bottom-right\"><\/div><a class=\"envira-gallery-399 envira-gallery-link\" href=\"https:\/\/www.mramriswil.ch\/turnveteranen\/wp-content\/uploads\/sites\/2\/2019\/03\/20180919-Herbstausflug-22.jpg\" title=\"20180919-Herbstausflug (22)\" data-caption=\"\" data-envira-item-id=\"515\" data-envira-retina=\"https:\/\/www.mramriswil.ch\/turnveteranen\/wp-content\/uploads\/sites\/2\/2019\/03\/20180919-Herbstausflug-22.jpg\" data-thumb=\"https:\/\/www.mramriswil.ch\/turnveteranen\/wp-content\/uploads\/sites\/2\/2019\/03\/20180919-Herbstausflug-22-75x50_c.jpg\" data-title=\"20180919-Herbstausflug (22)\" data-envirabox='399' itemprop=\"contentUrl\"><img loading=\"lazy\" decoding=\"async\" src=\"https:\/\/www.mramriswil.ch\/turnveteranen\/wp-content\/uploads\/sites\/2\/2019\/03\/20180919-Herbstausflug-22.jpg\" alt=\"\" class=\"envira-gallery-image envira-gallery-image-22    envira-lazy\" height=\"480\" id=\"envira-gallery-image-515\" srcset=\"data:image\/gif;base64,R0lGODlhAQABAIAAAP\/\/\/\/\/\/\/yH5BAEKAAEALAAAAAABAAEAAAICTAEAOw==\" tabindex=\"-1\" title=\"20180919-Herbstausflug (22)\" width=\"640\" data-caption=\"\" data-envira-gallery-id=\"399\" data-envira-index=\"21\" data-envira-item-id=\"515\" data-envira-src=\"https:\/\/www.mramriswil.ch\/turnveteranen\/wp-content\/uploads\/sites\/2\/2019\/03\/20180919-Herbstausflug-22.jpg\" data-envira-srcset=\"https:\/\/www.mramriswil.ch\/turnveteranen\/wp-content\/uploads\/sites\/2\/2019\/03\/20180919-Herbstausflug-22.jpg 400w, https:\/\/www.mramriswil.ch\/turnveteranen\/wp-content\/uploads\/sites\/2\/2019\/03\/20180919-Herbstausflug-22.jpg 2x\" data-title=\"20180919-Herbstausflug (22)\" itemprop=\"thumbnailUrl\"  data-envirabox=\"399\" data-automatic-caption=\"20180919-Herbstausflug (22)\" data-envira-height=\"300\" data-envira-width=\"225\" \/><\/a><\/div><\/div><div id=\"envira-gallery-item-516\" class=\"envira-gallery-item envira-gallery-item-23 envira-lazy-load\" style=\"padding-left: 3px; padding-bottom: 5px; padding-right: 3px;\"  itemscope itemtype=\"https:\/\/schema.org\/ImageObject\"><div class=\"envira-gallery-item-inner\"><div class=\"envira-gallery-position-overlay envira-gallery-top-left\"><\/div><div class=\"envira-gallery-position-overlay envira-gallery-top-right\"><\/div><div class=\"envira-gallery-position-overlay envira-gallery-bottom-left\"><\/div><div class=\"envira-gallery-position-overlay envira-gallery-bottom-right\"><\/div><a class=\"envira-gallery-399 envira-gallery-link\" href=\"https:\/\/www.mramriswil.ch\/turnveteranen\/wp-content\/uploads\/sites\/2\/2019\/03\/20180919-Herbstausflug-23.jpg\" title=\"20180919-Herbstausflug (23)\" data-caption=\"\" data-envira-item-id=\"516\" data-envira-retina=\"https:\/\/www.mramriswil.ch\/turnveteranen\/wp-content\/uploads\/sites\/2\/2019\/03\/20180919-Herbstausflug-23.jpg\" data-thumb=\"https:\/\/www.mramriswil.ch\/turnveteranen\/wp-content\/uploads\/sites\/2\/2019\/03\/20180919-Herbstausflug-23-75x50_c.jpg\" data-title=\"20180919-Herbstausflug (23)\" data-envirabox='399' itemprop=\"contentUrl\"><img loading=\"lazy\" decoding=\"async\" src=\"https:\/\/www.mramriswil.ch\/turnveteranen\/wp-content\/uploads\/sites\/2\/2019\/03\/20180919-Herbstausflug-23.jpg\" alt=\"\" class=\"envira-gallery-image envira-gallery-image-23    envira-lazy\" height=\"480\" id=\"envira-gallery-image-516\" srcset=\"data:image\/gif;base64,R0lGODlhAQABAIAAAP\/\/\/\/\/\/\/yH5BAEKAAEALAAAAAABAAEAAAICTAEAOw==\" tabindex=\"-1\" title=\"20180919-Herbstausflug (23)\" width=\"640\" data-caption=\"\" data-envira-gallery-id=\"399\" data-envira-index=\"22\" data-envira-item-id=\"516\" data-envira-src=\"https:\/\/www.mramriswil.ch\/turnveteranen\/wp-content\/uploads\/sites\/2\/2019\/03\/20180919-Herbstausflug-23.jpg\" data-envira-srcset=\"https:\/\/www.mramriswil.ch\/turnveteranen\/wp-content\/uploads\/sites\/2\/2019\/03\/20180919-Herbstausflug-23.jpg 400w, https:\/\/www.mramriswil.ch\/turnveteranen\/wp-content\/uploads\/sites\/2\/2019\/03\/20180919-Herbstausflug-23.jpg 2x\" data-title=\"20180919-Herbstausflug (23)\" itemprop=\"thumbnailUrl\"  data-envirabox=\"399\" data-automatic-caption=\"20180919-Herbstausflug (23)\" data-envira-height=\"300\" data-envira-width=\"225\" \/><\/a><\/div><\/div><div id=\"envira-gallery-item-517\" class=\"envira-gallery-item envira-gallery-item-24 envira-lazy-load\" style=\"padding-left: 3px; padding-bottom: 5px; padding-right: 3px;\"  itemscope itemtype=\"https:\/\/schema.org\/ImageObject\"><div class=\"envira-gallery-item-inner\"><div class=\"envira-gallery-position-overlay envira-gallery-top-left\"><\/div><div class=\"envira-gallery-position-overlay envira-gallery-top-right\"><\/div><div class=\"envira-gallery-position-overlay envira-gallery-bottom-left\"><\/div><div class=\"envira-gallery-position-overlay envira-gallery-bottom-right\"><\/div><a class=\"envira-gallery-399 envira-gallery-link\" href=\"https:\/\/www.mramriswil.ch\/turnveteranen\/wp-content\/uploads\/sites\/2\/2019\/03\/20180919-Herbstausflug-24.jpg\" title=\"20180919-Herbstausflug (24)\" data-caption=\"\" data-envira-item-id=\"517\" data-envira-retina=\"https:\/\/www.mramriswil.ch\/turnveteranen\/wp-content\/uploads\/sites\/2\/2019\/03\/20180919-Herbstausflug-24.jpg\" data-thumb=\"https:\/\/www.mramriswil.ch\/turnveteranen\/wp-content\/uploads\/sites\/2\/2019\/03\/20180919-Herbstausflug-24-75x50_c.jpg\" data-title=\"20180919-Herbstausflug (24)\" data-envirabox='399' itemprop=\"contentUrl\"><img loading=\"lazy\" decoding=\"async\" src=\"https:\/\/www.mramriswil.ch\/turnveteranen\/wp-content\/uploads\/sites\/2\/2019\/03\/20180919-Herbstausflug-24.jpg\" alt=\"\" class=\"envira-gallery-image envira-gallery-image-24    envira-lazy\" height=\"480\" id=\"envira-gallery-image-517\" srcset=\"data:image\/gif;base64,R0lGODlhAQABAIAAAP\/\/\/\/\/\/\/yH5BAEKAAEALAAAAAABAAEAAAICTAEAOw==\" tabindex=\"-1\" title=\"20180919-Herbstausflug (24)\" width=\"640\" data-caption=\"\" data-envira-gallery-id=\"399\" data-envira-index=\"23\" data-envira-item-id=\"517\" data-envira-src=\"https:\/\/www.mramriswil.ch\/turnveteranen\/wp-content\/uploads\/sites\/2\/2019\/03\/20180919-Herbstausflug-24.jpg\" data-envira-srcset=\"https:\/\/www.mramriswil.ch\/turnveteranen\/wp-content\/uploads\/sites\/2\/2019\/03\/20180919-Herbstausflug-24.jpg 400w, https:\/\/www.mramriswil.ch\/turnveteranen\/wp-content\/uploads\/sites\/2\/2019\/03\/20180919-Herbstausflug-24.jpg 2x\" data-title=\"20180919-Herbstausflug (24)\" itemprop=\"thumbnailUrl\"  data-envirabox=\"399\" data-automatic-caption=\"20180919-Herbstausflug (24)\" data-envira-height=\"300\" data-envira-width=\"225\" \/><\/a><\/div><\/div><div id=\"envira-gallery-item-518\" class=\"envira-gallery-item envira-gallery-item-25 envira-lazy-load\" style=\"padding-left: 3px; padding-bottom: 5px; padding-right: 3px;\"  itemscope itemtype=\"https:\/\/schema.org\/ImageObject\"><div class=\"envira-gallery-item-inner\"><div class=\"envira-gallery-position-overlay envira-gallery-top-left\"><\/div><div class=\"envira-gallery-position-overlay envira-gallery-top-right\"><\/div><div class=\"envira-gallery-position-overlay envira-gallery-bottom-left\"><\/div><div class=\"envira-gallery-position-overlay envira-gallery-bottom-right\"><\/div><a class=\"envira-gallery-399 envira-gallery-link\" href=\"https:\/\/www.mramriswil.ch\/turnveteranen\/wp-content\/uploads\/sites\/2\/2019\/03\/20180919-Herbstausflug-25.jpg\" title=\"20180919-Herbstausflug (25)\" data-caption=\"\" data-envira-item-id=\"518\" data-envira-retina=\"https:\/\/www.mramriswil.ch\/turnveteranen\/wp-content\/uploads\/sites\/2\/2019\/03\/20180919-Herbstausflug-25.jpg\" data-thumb=\"https:\/\/www.mramriswil.ch\/turnveteranen\/wp-content\/uploads\/sites\/2\/2019\/03\/20180919-Herbstausflug-25-75x50_c.jpg\" data-title=\"20180919-Herbstausflug (25)\" data-envirabox='399' itemprop=\"contentUrl\"><img loading=\"lazy\" decoding=\"async\" src=\"https:\/\/www.mramriswil.ch\/turnveteranen\/wp-content\/uploads\/sites\/2\/2019\/03\/20180919-Herbstausflug-25.jpg\" alt=\"\" class=\"envira-gallery-image envira-gallery-image-25    envira-lazy\" height=\"480\" id=\"envira-gallery-image-518\" srcset=\"data:image\/gif;base64,R0lGODlhAQABAIAAAP\/\/\/\/\/\/\/yH5BAEKAAEALAAAAAABAAEAAAICTAEAOw==\" tabindex=\"-1\" title=\"20180919-Herbstausflug (25)\" width=\"640\" data-caption=\"\" data-envira-gallery-id=\"399\" data-envira-index=\"24\" data-envira-item-id=\"518\" data-envira-src=\"https:\/\/www.mramriswil.ch\/turnveteranen\/wp-content\/uploads\/sites\/2\/2019\/03\/20180919-Herbstausflug-25.jpg\" data-envira-srcset=\"https:\/\/www.mramriswil.ch\/turnveteranen\/wp-content\/uploads\/sites\/2\/2019\/03\/20180919-Herbstausflug-25.jpg 400w, https:\/\/www.mramriswil.ch\/turnveteranen\/wp-content\/uploads\/sites\/2\/2019\/03\/20180919-Herbstausflug-25.jpg 2x\" data-title=\"20180919-Herbstausflug (25)\" itemprop=\"thumbnailUrl\"  data-envirabox=\"399\" data-automatic-caption=\"20180919-Herbstausflug (25)\" data-envira-height=\"300\" data-envira-width=\"225\" \/><\/a><\/div><\/div><div id=\"envira-gallery-item-519\" class=\"envira-gallery-item envira-gallery-item-26 envira-lazy-load\" style=\"padding-left: 3px; padding-bottom: 5px; padding-right: 3px;\"  itemscope itemtype=\"https:\/\/schema.org\/ImageObject\"><div class=\"envira-gallery-item-inner\"><div class=\"envira-gallery-position-overlay envira-gallery-top-left\"><\/div><div class=\"envira-gallery-position-overlay envira-gallery-top-right\"><\/div><div class=\"envira-gallery-position-overlay envira-gallery-bottom-left\"><\/div><div class=\"envira-gallery-position-overlay envira-gallery-bottom-right\"><\/div><a class=\"envira-gallery-399 envira-gallery-link\" href=\"https:\/\/www.mramriswil.ch\/turnveteranen\/wp-content\/uploads\/sites\/2\/2019\/03\/20180919-Herbstausflug-26.jpg\" title=\"20180919-Herbstausflug (26)\" data-caption=\"\" data-envira-item-id=\"519\" data-envira-retina=\"https:\/\/www.mramriswil.ch\/turnveteranen\/wp-content\/uploads\/sites\/2\/2019\/03\/20180919-Herbstausflug-26.jpg\" data-thumb=\"https:\/\/www.mramriswil.ch\/turnveteranen\/wp-content\/uploads\/sites\/2\/2019\/03\/20180919-Herbstausflug-26-75x50_c.jpg\" data-title=\"20180919-Herbstausflug (26)\" data-envirabox='399' itemprop=\"contentUrl\"><img loading=\"lazy\" decoding=\"async\" src=\"https:\/\/www.mramriswil.ch\/turnveteranen\/wp-content\/uploads\/sites\/2\/2019\/03\/20180919-Herbstausflug-26-862x647.jpg\" alt=\"\" class=\"envira-gallery-image envira-gallery-image-26    envira-lazy\" height=\"480\" id=\"envira-gallery-image-519\" srcset=\"data:image\/gif;base64,R0lGODlhAQABAIAAAP\/\/\/\/\/\/\/yH5BAEKAAEALAAAAAABAAEAAAICTAEAOw==\" tabindex=\"-1\" title=\"20180919-Herbstausflug (26)\" width=\"640\" data-caption=\"\" data-envira-gallery-id=\"399\" data-envira-index=\"25\" data-envira-item-id=\"519\" data-envira-src=\"https:\/\/www.mramriswil.ch\/turnveteranen\/wp-content\/uploads\/sites\/2\/2019\/03\/20180919-Herbstausflug-26-862x647.jpg\" data-envira-srcset=\"https:\/\/www.mramriswil.ch\/turnveteranen\/wp-content\/uploads\/sites\/2\/2019\/03\/20180919-Herbstausflug-26-862x647.jpg 400w, https:\/\/www.mramriswil.ch\/turnveteranen\/wp-content\/uploads\/sites\/2\/2019\/03\/20180919-Herbstausflug-26-862x647.jpg 2x\" data-title=\"20180919-Herbstausflug (26)\" itemprop=\"thumbnailUrl\"  data-envirabox=\"399\" data-automatic-caption=\"20180919-Herbstausflug (26)\" data-envira-height=\"225\" data-envira-width=\"300\" \/><\/a><\/div><\/div><div id=\"envira-gallery-item-520\" class=\"envira-gallery-item envira-gallery-item-27 envira-lazy-load\" style=\"padding-left: 3px; padding-bottom: 5px; padding-right: 3px;\"  itemscope itemtype=\"https:\/\/schema.org\/ImageObject\"><div class=\"envira-gallery-item-inner\"><div class=\"envira-gallery-position-overlay envira-gallery-top-left\"><\/div><div class=\"envira-gallery-position-overlay envira-gallery-top-right\"><\/div><div class=\"envira-gallery-position-overlay envira-gallery-bottom-left\"><\/div><div class=\"envira-gallery-position-overlay envira-gallery-bottom-right\"><\/div><a class=\"envira-gallery-399 envira-gallery-link\" href=\"https:\/\/www.mramriswil.ch\/turnveteranen\/wp-content\/uploads\/sites\/2\/2019\/03\/20180919-Herbstausflug-27.jpg\" title=\"20180919-Herbstausflug (27)\" data-caption=\"\" data-envira-item-id=\"520\" data-envira-retina=\"https:\/\/www.mramriswil.ch\/turnveteranen\/wp-content\/uploads\/sites\/2\/2019\/03\/20180919-Herbstausflug-27.jpg\" data-thumb=\"https:\/\/www.mramriswil.ch\/turnveteranen\/wp-content\/uploads\/sites\/2\/2019\/03\/20180919-Herbstausflug-27-75x50_c.jpg\" data-title=\"20180919-Herbstausflug (27)\" data-envirabox='399' itemprop=\"contentUrl\"><img loading=\"lazy\" decoding=\"async\" src=\"https:\/\/www.mramriswil.ch\/turnveteranen\/wp-content\/uploads\/sites\/2\/2019\/03\/20180919-Herbstausflug-27-862x647.jpg\" alt=\"\" class=\"envira-gallery-image envira-gallery-image-27    envira-lazy\" height=\"480\" id=\"envira-gallery-image-520\" srcset=\"data:image\/gif;base64,R0lGODlhAQABAIAAAP\/\/\/\/\/\/\/yH5BAEKAAEALAAAAAABAAEAAAICTAEAOw==\" tabindex=\"-1\" title=\"20180919-Herbstausflug (27)\" width=\"640\" data-caption=\"\" data-envira-gallery-id=\"399\" data-envira-index=\"26\" data-envira-item-id=\"520\" data-envira-src=\"https:\/\/www.mramriswil.ch\/turnveteranen\/wp-content\/uploads\/sites\/2\/2019\/03\/20180919-Herbstausflug-27-862x647.jpg\" data-envira-srcset=\"https:\/\/www.mramriswil.ch\/turnveteranen\/wp-content\/uploads\/sites\/2\/2019\/03\/20180919-Herbstausflug-27-862x647.jpg 400w, https:\/\/www.mramriswil.ch\/turnveteranen\/wp-content\/uploads\/sites\/2\/2019\/03\/20180919-Herbstausflug-27-862x647.jpg 2x\" data-title=\"20180919-Herbstausflug (27)\" itemprop=\"thumbnailUrl\"  data-envirabox=\"399\" data-automatic-caption=\"20180919-Herbstausflug (27)\" data-envira-height=\"225\" data-envira-width=\"300\" \/><\/a><\/div><\/div><div id=\"envira-gallery-item-521\" class=\"envira-gallery-item envira-gallery-item-28 envira-lazy-load\" style=\"padding-left: 3px; padding-bottom: 5px; padding-right: 3px;\"  itemscope itemtype=\"https:\/\/schema.org\/ImageObject\"><div class=\"envira-gallery-item-inner\"><div class=\"envira-gallery-position-overlay envira-gallery-top-left\"><\/div><div class=\"envira-gallery-position-overlay envira-gallery-top-right\"><\/div><div class=\"envira-gallery-position-overlay envira-gallery-bottom-left\"><\/div><div class=\"envira-gallery-position-overlay envira-gallery-bottom-right\"><\/div><a class=\"envira-gallery-399 envira-gallery-link\" href=\"https:\/\/www.mramriswil.ch\/turnveteranen\/wp-content\/uploads\/sites\/2\/2019\/03\/20180919-Herbstausflug-28.jpg\" title=\"20180919-Herbstausflug (28)\" data-caption=\"\" data-envira-item-id=\"521\" data-envira-retina=\"https:\/\/www.mramriswil.ch\/turnveteranen\/wp-content\/uploads\/sites\/2\/2019\/03\/20180919-Herbstausflug-28.jpg\" data-thumb=\"https:\/\/www.mramriswil.ch\/turnveteranen\/wp-content\/uploads\/sites\/2\/2019\/03\/20180919-Herbstausflug-28-75x50_c.jpg\" data-title=\"20180919-Herbstausflug (28)\" data-envirabox='399' itemprop=\"contentUrl\"><img loading=\"lazy\" decoding=\"async\" src=\"https:\/\/www.mramriswil.ch\/turnveteranen\/wp-content\/uploads\/sites\/2\/2019\/03\/20180919-Herbstausflug-28-862x647.jpg\" alt=\"\" class=\"envira-gallery-image envira-gallery-image-28    envira-lazy\" height=\"480\" id=\"envira-gallery-image-521\" srcset=\"data:image\/gif;base64,R0lGODlhAQABAIAAAP\/\/\/\/\/\/\/yH5BAEKAAEALAAAAAABAAEAAAICTAEAOw==\" tabindex=\"-1\" title=\"20180919-Herbstausflug (28)\" width=\"640\" data-caption=\"\" data-envira-gallery-id=\"399\" data-envira-index=\"27\" data-envira-item-id=\"521\" data-envira-src=\"https:\/\/www.mramriswil.ch\/turnveteranen\/wp-content\/uploads\/sites\/2\/2019\/03\/20180919-Herbstausflug-28-862x647.jpg\" data-envira-srcset=\"https:\/\/www.mramriswil.ch\/turnveteranen\/wp-content\/uploads\/sites\/2\/2019\/03\/20180919-Herbstausflug-28-862x647.jpg 400w, https:\/\/www.mramriswil.ch\/turnveteranen\/wp-content\/uploads\/sites\/2\/2019\/03\/20180919-Herbstausflug-28-862x647.jpg 2x\" data-title=\"20180919-Herbstausflug (28)\" itemprop=\"thumbnailUrl\"  data-envirabox=\"399\" data-automatic-caption=\"20180919-Herbstausflug (28)\" data-envira-height=\"225\" data-envira-width=\"300\" \/><\/a><\/div><\/div><div id=\"envira-gallery-item-522\" class=\"envira-gallery-item envira-gallery-item-29 envira-lazy-load\" style=\"padding-left: 3px; padding-bottom: 5px; padding-right: 3px;\"  itemscope itemtype=\"https:\/\/schema.org\/ImageObject\"><div class=\"envira-gallery-item-inner\"><div class=\"envira-gallery-position-overlay envira-gallery-top-left\"><\/div><div class=\"envira-gallery-position-overlay envira-gallery-top-right\"><\/div><div class=\"envira-gallery-position-overlay envira-gallery-bottom-left\"><\/div><div class=\"envira-gallery-position-overlay envira-gallery-bottom-right\"><\/div><a class=\"envira-gallery-399 envira-gallery-link\" href=\"https:\/\/www.mramriswil.ch\/turnveteranen\/wp-content\/uploads\/sites\/2\/2019\/03\/20180919-Herbstausflug-29.jpg\" title=\"20180919-Herbstausflug (29)\" data-caption=\"\" data-envira-item-id=\"522\" data-envira-retina=\"https:\/\/www.mramriswil.ch\/turnveteranen\/wp-content\/uploads\/sites\/2\/2019\/03\/20180919-Herbstausflug-29.jpg\" data-thumb=\"https:\/\/www.mramriswil.ch\/turnveteranen\/wp-content\/uploads\/sites\/2\/2019\/03\/20180919-Herbstausflug-29-75x50_c.jpg\" data-title=\"20180919-Herbstausflug (29)\" data-envirabox='399' itemprop=\"contentUrl\"><img loading=\"lazy\" decoding=\"async\" src=\"https:\/\/www.mramriswil.ch\/turnveteranen\/wp-content\/uploads\/sites\/2\/2019\/03\/20180919-Herbstausflug-29.jpg\" alt=\"\" class=\"envira-gallery-image envira-gallery-image-29    envira-lazy\" height=\"480\" id=\"envira-gallery-image-522\" srcset=\"data:image\/gif;base64,R0lGODlhAQABAIAAAP\/\/\/\/\/\/\/yH5BAEKAAEALAAAAAABAAEAAAICTAEAOw==\" tabindex=\"-1\" title=\"20180919-Herbstausflug (29)\" width=\"640\" data-caption=\"\" data-envira-gallery-id=\"399\" data-envira-index=\"28\" data-envira-item-id=\"522\" data-envira-src=\"https:\/\/www.mramriswil.ch\/turnveteranen\/wp-content\/uploads\/sites\/2\/2019\/03\/20180919-Herbstausflug-29.jpg\" data-envira-srcset=\"https:\/\/www.mramriswil.ch\/turnveteranen\/wp-content\/uploads\/sites\/2\/2019\/03\/20180919-Herbstausflug-29.jpg 400w, https:\/\/www.mramriswil.ch\/turnveteranen\/wp-content\/uploads\/sites\/2\/2019\/03\/20180919-Herbstausflug-29.jpg 2x\" data-title=\"20180919-Herbstausflug (29)\" itemprop=\"thumbnailUrl\"  data-envirabox=\"399\" data-automatic-caption=\"20180919-Herbstausflug (29)\" data-envira-height=\"300\" data-envira-width=\"225\" \/><\/a><\/div><\/div><\/div><\/div><noscript><img src='https:\/\/www.mramriswil.ch\/turnveteranen\/wp-content\/uploads\/sites\/2\/2019\/03\/20180919-Herbstausflug-1.jpg' alt='' class='envira_noscript_images ' \/><img src='https:\/\/www.mramriswil.ch\/turnveteranen\/wp-content\/uploads\/sites\/2\/2019\/03\/20180919-Herbstausflug-2.jpg' alt='' class='envira_noscript_images ' \/><img src='https:\/\/www.mramriswil.ch\/turnveteranen\/wp-content\/uploads\/sites\/2\/2019\/03\/20180919-Herbstausflug-3.jpg' alt='' class='envira_noscript_images ' \/><img src='https:\/\/www.mramriswil.ch\/turnveteranen\/wp-content\/uploads\/sites\/2\/2019\/03\/20180919-Herbstausflug-4.jpg' alt='' class='envira_noscript_images ' \/><img src='https:\/\/www.mramriswil.ch\/turnveteranen\/wp-content\/uploads\/sites\/2\/2019\/03\/20180919-Herbstausflug-5.jpg' alt='' class='envira_noscript_images ' \/><img src='https:\/\/www.mramriswil.ch\/turnveteranen\/wp-content\/uploads\/sites\/2\/2019\/03\/20180919-Herbstausflug-6.jpg' alt='' class='envira_noscript_images ' \/><img src='https:\/\/www.mramriswil.ch\/turnveteranen\/wp-content\/uploads\/sites\/2\/2019\/03\/20180919-Herbstausflug-7.jpg' alt='' class='envira_noscript_images ' \/><img src='https:\/\/www.mramriswil.ch\/turnveteranen\/wp-content\/uploads\/sites\/2\/2019\/03\/20180919-Herbstausflug-8.jpg' alt='' class='envira_noscript_images ' \/><img src='https:\/\/www.mramriswil.ch\/turnveteranen\/wp-content\/uploads\/sites\/2\/2019\/03\/20180919-Herbstausflug-9.jpg' alt='' class='envira_noscript_images ' \/><img src='https:\/\/www.mramriswil.ch\/turnveteranen\/wp-content\/uploads\/sites\/2\/2019\/03\/20180919-Herbstausflug-10.jpg' alt='' class='envira_noscript_images ' \/><img src='https:\/\/www.mramriswil.ch\/turnveteranen\/wp-content\/uploads\/sites\/2\/2019\/03\/20180919-Herbstausflug-11.jpg' alt='' class='envira_noscript_images ' \/><img src='https:\/\/www.mramriswil.ch\/turnveteranen\/wp-content\/uploads\/sites\/2\/2019\/03\/20180919-Herbstausflug-12.jpg' alt='' class='envira_noscript_images ' \/><img src='https:\/\/www.mramriswil.ch\/turnveteranen\/wp-content\/uploads\/sites\/2\/2019\/03\/20180919-Herbstausflug-13.jpg' alt='' class='envira_noscript_images ' \/><img src='https:\/\/www.mramriswil.ch\/turnveteranen\/wp-content\/uploads\/sites\/2\/2019\/03\/20180919-Herbstausflug-14.jpg' alt='' class='envira_noscript_images ' \/><img src='https:\/\/www.mramriswil.ch\/turnveteranen\/wp-content\/uploads\/sites\/2\/2019\/03\/20180919-Herbstausflug-15.jpg' alt='' class='envira_noscript_images ' \/><img src='https:\/\/www.mramriswil.ch\/turnveteranen\/wp-content\/uploads\/sites\/2\/2019\/03\/20180919-Herbstausflug-16.jpg' alt='' class='envira_noscript_images ' \/><img src='https:\/\/www.mramriswil.ch\/turnveteranen\/wp-content\/uploads\/sites\/2\/2019\/03\/20180919-Herbstausflug-17.jpg' alt='' class='envira_noscript_images ' \/><img src='https:\/\/www.mramriswil.ch\/turnveteranen\/wp-content\/uploads\/sites\/2\/2019\/03\/20180919-Herbstausflug-18.jpg' alt='' class='envira_noscript_images ' \/><img src='https:\/\/www.mramriswil.ch\/turnveteranen\/wp-content\/uploads\/sites\/2\/2019\/03\/20180919-Herbstausflug-19.jpg' alt='' class='envira_noscript_images ' \/><img src='https:\/\/www.mramriswil.ch\/turnveteranen\/wp-content\/uploads\/sites\/2\/2019\/03\/20180919-Herbstausflug-20.jpg' alt='' class='envira_noscript_images ' \/><img src='https:\/\/www.mramriswil.ch\/turnveteranen\/wp-content\/uploads\/sites\/2\/2019\/03\/20180919-Herbstausflug-21.jpg' alt='' class='envira_noscript_images ' \/><img src='https:\/\/www.mramriswil.ch\/turnveteranen\/wp-content\/uploads\/sites\/2\/2019\/03\/20180919-Herbstausflug-22.jpg' alt='' class='envira_noscript_images ' \/><img src='https:\/\/www.mramriswil.ch\/turnveteranen\/wp-content\/uploads\/sites\/2\/2019\/03\/20180919-Herbstausflug-23.jpg' alt='' class='envira_noscript_images ' \/><img src='https:\/\/www.mramriswil.ch\/turnveteranen\/wp-content\/uploads\/sites\/2\/2019\/03\/20180919-Herbstausflug-24.jpg' alt='' class='envira_noscript_images ' \/><img src='https:\/\/www.mramriswil.ch\/turnveteranen\/wp-content\/uploads\/sites\/2\/2019\/03\/20180919-Herbstausflug-25.jpg' alt='' class='envira_noscript_images ' \/><img src='https:\/\/www.mramriswil.ch\/turnveteranen\/wp-content\/uploads\/sites\/2\/2019\/03\/20180919-Herbstausflug-26.jpg' alt='' class='envira_noscript_images ' \/><img src='https:\/\/www.mramriswil.ch\/turnveteranen\/wp-content\/uploads\/sites\/2\/2019\/03\/20180919-Herbstausflug-27.jpg' alt='' class='envira_noscript_images ' \/><img src='https:\/\/www.mramriswil.ch\/turnveteranen\/wp-content\/uploads\/sites\/2\/2019\/03\/20180919-Herbstausflug-28.jpg' alt='' class='envira_noscript_images ' \/><img src='https:\/\/www.mramriswil.ch\/turnveteranen\/wp-content\/uploads\/sites\/2\/2019\/03\/20180919-Herbstausflug-29.jpg' alt='' class='envira_noscript_images ' \/><\/noscript><\/div>\n","protected":false},"excerpt":{"rendered":"<p>Bei sch\u00f6nstem Wetter fuhren 55 Mitglieder mit Partnerinnen und Witwen per Car richtung Hinter-Thurgau. \u00dcber verschlungene Wege erreichten wir die Guhwilm\u00fchle, Elgg, wo wir uns mit Kaffee und Gipfeli st\u00e4rkten. &#8230;<\/p>\n","protected":false},"author":1,"featured_media":503,"comment_status":"open","ping_status":"open","sticky":false,"template":"","format":"standard","meta":{"rs_blank_template":"","rs_page_bg_color":"","slide_template_v7":"","footnotes":""},"categories":[4],"tags":[],"class_list":["post-396","post","type-post","status-publish","format-standard","has-post-thumbnail","hentry","category-ausfluege"],"_links":{"self":[{"href":"https:\/\/www.mramriswil.ch\/turnveteranen\/wp-json\/wp\/v2\/posts\/396","targetHints":{"allow":["GET"]}}],"collection":[{"href":"https:\/\/www.mramriswil.ch\/turnveteranen\/wp-json\/wp\/v2\/posts"}],"about":[{"href":"https:\/\/www.mramriswil.ch\/turnveteranen\/wp-json\/wp\/v2\/types\/post"}],"author":[{"embeddable":true,"href":"https:\/\/www.mramriswil.ch\/turnveteranen\/wp-json\/wp\/v2\/users\/1"}],"replies":[{"embeddable":true,"href":"https:\/\/www.mramriswil.ch\/turnveteranen\/wp-json\/wp\/v2\/comments?post=396"}],"version-history":[{"count":4,"href":"https:\/\/www.mramriswil.ch\/turnveteranen\/wp-json\/wp\/v2\/posts\/396\/revisions"}],"predecessor-version":[{"id":523,"href":"https:\/\/www.mramriswil.ch\/turnveteranen\/wp-json\/wp\/v2\/posts\/396\/revisions\/523"}],"wp:featuredmedia":[{"embeddable":true,"href":"https:\/\/www.mramriswil.ch\/turnveteranen\/wp-json\/wp\/v2\/media\/503"}],"wp:attachment":[{"href":"https:\/\/www.mramriswil.ch\/turnveteranen\/wp-json\/wp\/v2\/media?parent=396"}],"wp:term":[{"taxonomy":"category","embeddable":true,"href":"https:\/\/www.mramriswil.ch\/turnveteranen\/wp-json\/wp\/v2\/categories?post=396"},{"taxonomy":"post_tag","embeddable":true,"href":"https:\/\/www.mramriswil.ch\/turnveteranen\/wp-json\/wp\/v2\/tags?post=396"}],"curies":[{"name":"wp","href":"https:\/\/api.w.org\/{rel}","templated":true}]}}