{"id":862,"date":"2020-07-30T22:00:00","date_gmt":"2020-07-30T22:00:00","guid":{"rendered":"https:\/\/www.mramriswil.ch\/turnveteranen\/?p=862"},"modified":"2020-08-01T09:39:19","modified_gmt":"2020-08-01T09:39:19","slug":"abend-velotour-vom-30-juli-2020","status":"publish","type":"post","link":"https:\/\/www.mramriswil.ch\/turnveteranen\/2020\/07\/30\/abend-velotour-vom-30-juli-2020\/","title":{"rendered":"Abend-Velotour vom 30. Juli 2020"},"content":{"rendered":"\n<p>Schon bald (6. Aug.) steht das traditionelle Minigolf-Turnier wieder an und darum lud Heinz Gisler zu unserer letzten Abend-Velotour in dieser Ferienzeit ein. Bei wiederum herrlichem, sogar heissem Sommerwetter trafen sich 20! Turnveteranen p\u00fcnktlich um 18 Uhr beim Treffpunkt auf dem Marktplatz.<\/p>\n\n\n\n<p>\u00dcber Almensberg \u2013 Muolen \u2013 Balgen, vorbei am herrlichen Balgerweier \u2013 weiter \u00fcber Winden \u2013 Betenwil \u2013 Burkartshaus \u2013 Stockershaus \u2013 Gaish\u00e4usern \u2013 Hungerb\u00fchl \u2013 Spitz trafen wir nach einer guten Stunde Fahrzeit in der Waldschenke Romanshorn ein, wo wir durch etliche Mitveteranen begr\u00fcsst wurden. Die lange Warteschlange vor der Schenke zeigte uns, dass dieser \u201eGeheimtipp\u201c nicht mehr so geheim ist, wie der Name es vermuten liesse. Nach l\u00e4ngerer Wartezeit, was jedoch der Stimmung keinen Abbruch leisten konnte, durften wir dann unseren Durst l\u00f6schen und den Gluscht nach etwas Essbarem stillen. So verging die Zeit bei tollen Gespr\u00e4chen, herrlicher Atmosph\u00e4re und angenehmer Temperatur wie im Fluge.<\/p>\n\n\n\n<p>Wohlgest\u00e4rkt, in kleineren Gruppen schwangen wir uns dann kurz nach 20 Uhr wieder auf unsere S\u00e4ttel und gelangten wohlbehalten und zufrieden, nach einer wiederum herrlichen Tour in Amriswil ein, wo sich unsere Wege wieder trennten.<\/p>\n\n\n\n<p>Kurt Hohl<\/p>\n\n\n\n<div class=\"wp-block-envira-envira-gallery\"><div id=\"envira-gallery-wrap-850\" class=\"envira-gallery-wrap envira-lazy-loading-enabled envira-layout-automatic\" itemscope itemtype=\"https:\/\/schema.org\/ImageGallery\"><div class=\"envira-loader\"><div><\/div><div><\/div><div><\/div><div><\/div><\/div><div id=\"envira-gallery-850\" class=\"envira-gallery-public envira-gallery-0-columns envira-clear envira-gallery-justified-public\" data-envira-id=\"850\" data-gallery-config='{\"sort_order\":\"src\",\"type\":\"default\",\"columns\":\"0\",\"gallery_theme\":\"base\",\"justified_margins\":1,\"justified_last_row\":\"nojustify\",\"lazy_loading\":1,\"lazy_loading_delay\":500,\"gutter\":1,\"margin\":1,\"image_size\":\"default\",\"crop_width\":640,\"crop_height\":480,\"crop\":0,\"crop_position\":\"c\",\"additional_copy_0\":0,\"additional_copy_title\":0,\"additional_copy_caption\":0,\"additional_copy_title_caption\":0,\"additional_copy_0_mobile\":0,\"additional_copy_title_mobile\":0,\"additional_copy_caption_mobile\":0,\"additional_copy_title_caption_mobile\":0,\"gallery_column_title_caption\":\"0\",\"gallery_column_title_caption_mobile\":\"0\",\"additional_copy_automatic_0\":0,\"additional_copy_automatic_title\":0,\"additional_copy_automatic_caption\":0,\"additional_copy_automatic_title_caption\":0,\"additional_copy_automatic_0_mobile\":0,\"additional_copy_automatic_title_mobile\":1,\"additional_copy_automatic_caption_mobile\":1,\"additional_copy_automatic_title_caption_mobile\":0,\"gallery_automatic_title_caption\":\"0\",\"gallery_automatic_title_caption_mobile\":\"0\",\"justified_row_height\":150,\"description_position\":\"0\",\"description\":\"\",\"random\":\"src\",\"sorting_direction\":\"ASC\",\"image_sizes_random\":[],\"isotope\":1,\"lightbox_enabled\":1,\"gallery_link_enabled\":1,\"lightbox_theme\":\"base_dark\",\"lightbox_image_size\":\"default\",\"title_display\":\"float\",\"lightbox_title_caption\":\"title\",\"arrows\":1,\"arrows_position\":\"inside\",\"toolbar\":0,\"toolbar_title\":0,\"toolbar_position\":\"top\",\"loop\":1,\"lightbox_open_close_effect\":\"fade\",\"effect\":\"fade\",\"supersize\":1,\"thumbnails_toggle\":1,\"thumbnails_hide\":0,\"image_counter\":0,\"thumbnails\":1,\"thumbnails_width\":\"auto\",\"thumbnails_height\":\"auto\",\"thumbnails_position\":\"bottom\",\"thumbnails_custom_size\":0,\"mobile\":1,\"mobile_width\":320,\"mobile_height\":240,\"mobile_lightbox\":1,\"mobile_gallery_link_enabled\":0,\"mobile_arrows\":1,\"mobile_toolbar\":1,\"mobile_thumbnails\":0,\"mobile_touchwipe_close\":0,\"mobile_thumbnails_width\":75,\"mobile_thumbnails_height\":50,\"mobile_justified_row_height\":80,\"keyboard\":true,\"classes\":[\"\"],\"rtl\":0,\"slug\":\"20200730-abendvelotour\",\"title\":\"\",\"layout\":\"automatic\",\"gallery_id\":\"850\"}' data-gallery-images='[{\"status\":\"active\",\"src\":\"https:\\\/\\\/www.mramriswil.ch\\\/turnveteranen\\\/wp-content\\\/uploads\\\/sites\\\/2\\\/2020\\\/08\\\/20200730-abendvelotour-001.jpg\",\"title\":\"20200730-abendvelotour-001\",\"link\":\"https:\\\/\\\/www.mramriswil.ch\\\/turnveteranen\\\/wp-content\\\/uploads\\\/sites\\\/2\\\/2020\\\/08\\\/20200730-abendvelotour-001.jpg\",\"alt\":\"\",\"caption\":false,\"thumb\":\"https:\\\/\\\/www.mramriswil.ch\\\/turnveteranen\\\/wp-content\\\/uploads\\\/sites\\\/2\\\/2020\\\/08\\\/20200730-abendvelotour-001-75x50_c.jpg\",\"meta\":{\"aperture\":\"1.8\",\"credit\":null,\"camera\":\"iPhone 8\",\"caption\":\"\",\"created_timestamp\":\"1596131627\",\"copyright\":null,\"focal_length\":\"3.99\",\"iso\":\"20\",\"shutter_speed\":\"0.0011668611435239\",\"title\":\"\",\"orientation\":\"1\",\"keywords\":null,\"resized_images\":null},\"thumbnail\":\"https:\\\/\\\/www.mramriswil.ch\\\/turnveteranen\\\/wp-content\\\/uploads\\\/sites\\\/2\\\/2020\\\/08\\\/20200730-abendvelotour-001-150x150.jpg\",\"medium\":\"https:\\\/\\\/www.mramriswil.ch\\\/turnveteranen\\\/wp-content\\\/uploads\\\/sites\\\/2\\\/2020\\\/08\\\/20200730-abendvelotour-001-300x225.jpg\",\"medium_large\":\"https:\\\/\\\/www.mramriswil.ch\\\/turnveteranen\\\/wp-content\\\/uploads\\\/sites\\\/2\\\/2020\\\/08\\\/20200730-abendvelotour-001-768x576.jpg\",\"large\":\"https:\\\/\\\/www.mramriswil.ch\\\/turnveteranen\\\/wp-content\\\/uploads\\\/sites\\\/2\\\/2020\\\/08\\\/20200730-abendvelotour-001.jpg\",\"1536x1536\":\"https:\\\/\\\/www.mramriswil.ch\\\/turnveteranen\\\/wp-content\\\/uploads\\\/sites\\\/2\\\/2020\\\/08\\\/20200730-abendvelotour-001.jpg\",\"2048x2048\":\"https:\\\/\\\/www.mramriswil.ch\\\/turnveteranen\\\/wp-content\\\/uploads\\\/sites\\\/2\\\/2020\\\/08\\\/20200730-abendvelotour-001.jpg\",\"post-thumbnail\":\"https:\\\/\\\/www.mramriswil.ch\\\/turnveteranen\\\/wp-content\\\/uploads\\\/sites\\\/2\\\/2020\\\/08\\\/20200730-abendvelotour-001-100x75.jpg\",\"entry\":\"https:\\\/\\\/www.mramriswil.ch\\\/turnveteranen\\\/wp-content\\\/uploads\\\/sites\\\/2\\\/2020\\\/08\\\/20200730-abendvelotour-001.jpg\",\"entry-cropped\":\"https:\\\/\\\/www.mramriswil.ch\\\/turnveteranen\\\/wp-content\\\/uploads\\\/sites\\\/2\\\/2020\\\/08\\\/20200730-abendvelotour-001-806x482.jpg\",\"entry-fullwidth\":\"https:\\\/\\\/www.mramriswil.ch\\\/turnveteranen\\\/wp-content\\\/uploads\\\/sites\\\/2\\\/2020\\\/08\\\/20200730-abendvelotour-001.jpg\",\"entry-cropped-fullwidth\":\"https:\\\/\\\/www.mramriswil.ch\\\/turnveteranen\\\/wp-content\\\/uploads\\\/sites\\\/2\\\/2020\\\/08\\\/20200730-abendvelotour-001.jpg\",\"full\":\"https:\\\/\\\/www.mramriswil.ch\\\/turnveteranen\\\/wp-content\\\/uploads\\\/sites\\\/2\\\/2020\\\/08\\\/20200730-abendvelotour-001.jpg\",\"index\":0,\"id\":852,\"video\":false,\"opts\":{\"caption\":\"\",\"thumb\":\"https:\\\/\\\/www.mramriswil.ch\\\/turnveteranen\\\/wp-content\\\/uploads\\\/sites\\\/2\\\/2020\\\/08\\\/20200730-abendvelotour-001-75x50_c.jpg\",\"title\":\"20200730-abendvelotour-001\"},\"gallery_id\":\"850\"},{\"status\":\"active\",\"src\":\"https:\\\/\\\/www.mramriswil.ch\\\/turnveteranen\\\/wp-content\\\/uploads\\\/sites\\\/2\\\/2020\\\/08\\\/20200730-abendvelotour-002.jpg\",\"title\":\"20200730-abendvelotour-002\",\"link\":\"https:\\\/\\\/www.mramriswil.ch\\\/turnveteranen\\\/wp-content\\\/uploads\\\/sites\\\/2\\\/2020\\\/08\\\/20200730-abendvelotour-002.jpg\",\"alt\":\"\",\"caption\":false,\"thumb\":\"https:\\\/\\\/www.mramriswil.ch\\\/turnveteranen\\\/wp-content\\\/uploads\\\/sites\\\/2\\\/2020\\\/08\\\/20200730-abendvelotour-002-75x50_c.jpg\",\"meta\":{\"aperture\":\"1.8\",\"credit\":null,\"camera\":\"iPhone 8\",\"caption\":\"\",\"created_timestamp\":\"1596131911\",\"copyright\":null,\"focal_length\":\"3.99\",\"iso\":\"20\",\"shutter_speed\":\"0.001187648456057\",\"title\":\"\",\"orientation\":\"1\",\"keywords\":null,\"resized_images\":null},\"thumbnail\":\"https:\\\/\\\/www.mramriswil.ch\\\/turnveteranen\\\/wp-content\\\/uploads\\\/sites\\\/2\\\/2020\\\/08\\\/20200730-abendvelotour-002-150x150.jpg\",\"medium\":\"https:\\\/\\\/www.mramriswil.ch\\\/turnveteranen\\\/wp-content\\\/uploads\\\/sites\\\/2\\\/2020\\\/08\\\/20200730-abendvelotour-002-300x225.jpg\",\"medium_large\":\"https:\\\/\\\/www.mramriswil.ch\\\/turnveteranen\\\/wp-content\\\/uploads\\\/sites\\\/2\\\/2020\\\/08\\\/20200730-abendvelotour-002-768x576.jpg\",\"large\":\"https:\\\/\\\/www.mramriswil.ch\\\/turnveteranen\\\/wp-content\\\/uploads\\\/sites\\\/2\\\/2020\\\/08\\\/20200730-abendvelotour-002.jpg\",\"1536x1536\":\"https:\\\/\\\/www.mramriswil.ch\\\/turnveteranen\\\/wp-content\\\/uploads\\\/sites\\\/2\\\/2020\\\/08\\\/20200730-abendvelotour-002.jpg\",\"2048x2048\":\"https:\\\/\\\/www.mramriswil.ch\\\/turnveteranen\\\/wp-content\\\/uploads\\\/sites\\\/2\\\/2020\\\/08\\\/20200730-abendvelotour-002.jpg\",\"post-thumbnail\":\"https:\\\/\\\/www.mramriswil.ch\\\/turnveteranen\\\/wp-content\\\/uploads\\\/sites\\\/2\\\/2020\\\/08\\\/20200730-abendvelotour-002-100x75.jpg\",\"entry\":\"https:\\\/\\\/www.mramriswil.ch\\\/turnveteranen\\\/wp-content\\\/uploads\\\/sites\\\/2\\\/2020\\\/08\\\/20200730-abendvelotour-002.jpg\",\"entry-cropped\":\"https:\\\/\\\/www.mramriswil.ch\\\/turnveteranen\\\/wp-content\\\/uploads\\\/sites\\\/2\\\/2020\\\/08\\\/20200730-abendvelotour-002-806x482.jpg\",\"entry-fullwidth\":\"https:\\\/\\\/www.mramriswil.ch\\\/turnveteranen\\\/wp-content\\\/uploads\\\/sites\\\/2\\\/2020\\\/08\\\/20200730-abendvelotour-002.jpg\",\"entry-cropped-fullwidth\":\"https:\\\/\\\/www.mramriswil.ch\\\/turnveteranen\\\/wp-content\\\/uploads\\\/sites\\\/2\\\/2020\\\/08\\\/20200730-abendvelotour-002.jpg\",\"full\":\"https:\\\/\\\/www.mramriswil.ch\\\/turnveteranen\\\/wp-content\\\/uploads\\\/sites\\\/2\\\/2020\\\/08\\\/20200730-abendvelotour-002.jpg\",\"index\":1,\"id\":853,\"video\":false,\"opts\":{\"caption\":\"\",\"thumb\":\"https:\\\/\\\/www.mramriswil.ch\\\/turnveteranen\\\/wp-content\\\/uploads\\\/sites\\\/2\\\/2020\\\/08\\\/20200730-abendvelotour-002-75x50_c.jpg\",\"title\":\"20200730-abendvelotour-002\"},\"gallery_id\":\"850\"},{\"status\":\"active\",\"src\":\"https:\\\/\\\/www.mramriswil.ch\\\/turnveteranen\\\/wp-content\\\/uploads\\\/sites\\\/2\\\/2020\\\/08\\\/20200730-abendvelotour-003.jpg\",\"title\":\"20200730-abendvelotour-003\",\"link\":\"https:\\\/\\\/www.mramriswil.ch\\\/turnveteranen\\\/wp-content\\\/uploads\\\/sites\\\/2\\\/2020\\\/08\\\/20200730-abendvelotour-003.jpg\",\"alt\":\"\",\"caption\":false,\"thumb\":\"https:\\\/\\\/www.mramriswil.ch\\\/turnveteranen\\\/wp-content\\\/uploads\\\/sites\\\/2\\\/2020\\\/08\\\/20200730-abendvelotour-003-75x50_c.jpg\",\"meta\":{\"aperture\":\"1.8\",\"credit\":null,\"camera\":\"iPhone 8\",\"caption\":\"\",\"created_timestamp\":\"1596133250\",\"copyright\":null,\"focal_length\":\"3.99\",\"iso\":\"20\",\"shutter_speed\":\"0.00070821529745042\",\"title\":\"\",\"orientation\":\"1\",\"keywords\":null,\"resized_images\":null},\"thumbnail\":\"https:\\\/\\\/www.mramriswil.ch\\\/turnveteranen\\\/wp-content\\\/uploads\\\/sites\\\/2\\\/2020\\\/08\\\/20200730-abendvelotour-003-150x150.jpg\",\"medium\":\"https:\\\/\\\/www.mramriswil.ch\\\/turnveteranen\\\/wp-content\\\/uploads\\\/sites\\\/2\\\/2020\\\/08\\\/20200730-abendvelotour-003-300x225.jpg\",\"medium_large\":\"https:\\\/\\\/www.mramriswil.ch\\\/turnveteranen\\\/wp-content\\\/uploads\\\/sites\\\/2\\\/2020\\\/08\\\/20200730-abendvelotour-003-768x576.jpg\",\"large\":\"https:\\\/\\\/www.mramriswil.ch\\\/turnveteranen\\\/wp-content\\\/uploads\\\/sites\\\/2\\\/2020\\\/08\\\/20200730-abendvelotour-003.jpg\",\"1536x1536\":\"https:\\\/\\\/www.mramriswil.ch\\\/turnveteranen\\\/wp-content\\\/uploads\\\/sites\\\/2\\\/2020\\\/08\\\/20200730-abendvelotour-003.jpg\",\"2048x2048\":\"https:\\\/\\\/www.mramriswil.ch\\\/turnveteranen\\\/wp-content\\\/uploads\\\/sites\\\/2\\\/2020\\\/08\\\/20200730-abendvelotour-003.jpg\",\"post-thumbnail\":\"https:\\\/\\\/www.mramriswil.ch\\\/turnveteranen\\\/wp-content\\\/uploads\\\/sites\\\/2\\\/2020\\\/08\\\/20200730-abendvelotour-003-100x75.jpg\",\"entry\":\"https:\\\/\\\/www.mramriswil.ch\\\/turnveteranen\\\/wp-content\\\/uploads\\\/sites\\\/2\\\/2020\\\/08\\\/20200730-abendvelotour-003.jpg\",\"entry-cropped\":\"https:\\\/\\\/www.mramriswil.ch\\\/turnveteranen\\\/wp-content\\\/uploads\\\/sites\\\/2\\\/2020\\\/08\\\/20200730-abendvelotour-003-806x482.jpg\",\"entry-fullwidth\":\"https:\\\/\\\/www.mramriswil.ch\\\/turnveteranen\\\/wp-content\\\/uploads\\\/sites\\\/2\\\/2020\\\/08\\\/20200730-abendvelotour-003.jpg\",\"entry-cropped-fullwidth\":\"https:\\\/\\\/www.mramriswil.ch\\\/turnveteranen\\\/wp-content\\\/uploads\\\/sites\\\/2\\\/2020\\\/08\\\/20200730-abendvelotour-003.jpg\",\"full\":\"https:\\\/\\\/www.mramriswil.ch\\\/turnveteranen\\\/wp-content\\\/uploads\\\/sites\\\/2\\\/2020\\\/08\\\/20200730-abendvelotour-003.jpg\",\"index\":2,\"id\":854,\"video\":false,\"opts\":{\"caption\":\"\",\"thumb\":\"https:\\\/\\\/www.mramriswil.ch\\\/turnveteranen\\\/wp-content\\\/uploads\\\/sites\\\/2\\\/2020\\\/08\\\/20200730-abendvelotour-003-75x50_c.jpg\",\"title\":\"20200730-abendvelotour-003\"},\"gallery_id\":\"850\"},{\"status\":\"active\",\"src\":\"https:\\\/\\\/www.mramriswil.ch\\\/turnveteranen\\\/wp-content\\\/uploads\\\/sites\\\/2\\\/2020\\\/08\\\/20200730-abendvelotour-004.jpg\",\"title\":\"20200730-abendvelotour-004\",\"link\":\"https:\\\/\\\/www.mramriswil.ch\\\/turnveteranen\\\/wp-content\\\/uploads\\\/sites\\\/2\\\/2020\\\/08\\\/20200730-abendvelotour-004.jpg\",\"alt\":\"\",\"caption\":false,\"thumb\":\"https:\\\/\\\/www.mramriswil.ch\\\/turnveteranen\\\/wp-content\\\/uploads\\\/sites\\\/2\\\/2020\\\/08\\\/20200730-abendvelotour-004-75x50_c.jpg\",\"meta\":{\"aperture\":\"1.8\",\"credit\":null,\"camera\":\"iPhone 8\",\"caption\":\"\",\"created_timestamp\":\"1596133251\",\"copyright\":null,\"focal_length\":\"3.99\",\"iso\":\"20\",\"shutter_speed\":\"0.00070821529745042\",\"title\":\"\",\"orientation\":\"1\",\"keywords\":null,\"resized_images\":null},\"thumbnail\":\"https:\\\/\\\/www.mramriswil.ch\\\/turnveteranen\\\/wp-content\\\/uploads\\\/sites\\\/2\\\/2020\\\/08\\\/20200730-abendvelotour-004-150x150.jpg\",\"medium\":\"https:\\\/\\\/www.mramriswil.ch\\\/turnveteranen\\\/wp-content\\\/uploads\\\/sites\\\/2\\\/2020\\\/08\\\/20200730-abendvelotour-004-300x225.jpg\",\"medium_large\":\"https:\\\/\\\/www.mramriswil.ch\\\/turnveteranen\\\/wp-content\\\/uploads\\\/sites\\\/2\\\/2020\\\/08\\\/20200730-abendvelotour-004-768x576.jpg\",\"large\":\"https:\\\/\\\/www.mramriswil.ch\\\/turnveteranen\\\/wp-content\\\/uploads\\\/sites\\\/2\\\/2020\\\/08\\\/20200730-abendvelotour-004.jpg\",\"1536x1536\":\"https:\\\/\\\/www.mramriswil.ch\\\/turnveteranen\\\/wp-content\\\/uploads\\\/sites\\\/2\\\/2020\\\/08\\\/20200730-abendvelotour-004.jpg\",\"2048x2048\":\"https:\\\/\\\/www.mramriswil.ch\\\/turnveteranen\\\/wp-content\\\/uploads\\\/sites\\\/2\\\/2020\\\/08\\\/20200730-abendvelotour-004.jpg\",\"post-thumbnail\":\"https:\\\/\\\/www.mramriswil.ch\\\/turnveteranen\\\/wp-content\\\/uploads\\\/sites\\\/2\\\/2020\\\/08\\\/20200730-abendvelotour-004-100x75.jpg\",\"entry\":\"https:\\\/\\\/www.mramriswil.ch\\\/turnveteranen\\\/wp-content\\\/uploads\\\/sites\\\/2\\\/2020\\\/08\\\/20200730-abendvelotour-004.jpg\",\"entry-cropped\":\"https:\\\/\\\/www.mramriswil.ch\\\/turnveteranen\\\/wp-content\\\/uploads\\\/sites\\\/2\\\/2020\\\/08\\\/20200730-abendvelotour-004-806x482.jpg\",\"entry-fullwidth\":\"https:\\\/\\\/www.mramriswil.ch\\\/turnveteranen\\\/wp-content\\\/uploads\\\/sites\\\/2\\\/2020\\\/08\\\/20200730-abendvelotour-004.jpg\",\"entry-cropped-fullwidth\":\"https:\\\/\\\/www.mramriswil.ch\\\/turnveteranen\\\/wp-content\\\/uploads\\\/sites\\\/2\\\/2020\\\/08\\\/20200730-abendvelotour-004.jpg\",\"full\":\"https:\\\/\\\/www.mramriswil.ch\\\/turnveteranen\\\/wp-content\\\/uploads\\\/sites\\\/2\\\/2020\\\/08\\\/20200730-abendvelotour-004.jpg\",\"index\":3,\"id\":855,\"video\":false,\"opts\":{\"caption\":\"\",\"thumb\":\"https:\\\/\\\/www.mramriswil.ch\\\/turnveteranen\\\/wp-content\\\/uploads\\\/sites\\\/2\\\/2020\\\/08\\\/20200730-abendvelotour-004-75x50_c.jpg\",\"title\":\"20200730-abendvelotour-004\"},\"gallery_id\":\"850\"},{\"status\":\"active\",\"src\":\"https:\\\/\\\/www.mramriswil.ch\\\/turnveteranen\\\/wp-content\\\/uploads\\\/sites\\\/2\\\/2020\\\/08\\\/20200730-abendvelotour-005.jpg\",\"title\":\"20200730-abendvelotour-005\",\"link\":\"https:\\\/\\\/www.mramriswil.ch\\\/turnveteranen\\\/wp-content\\\/uploads\\\/sites\\\/2\\\/2020\\\/08\\\/20200730-abendvelotour-005.jpg\",\"alt\":\"\",\"caption\":false,\"thumb\":\"https:\\\/\\\/www.mramriswil.ch\\\/turnveteranen\\\/wp-content\\\/uploads\\\/sites\\\/2\\\/2020\\\/08\\\/20200730-abendvelotour-005-75x50_c.jpg\",\"meta\":{\"aperture\":\"1.8\",\"credit\":null,\"camera\":\"iPhone 8\",\"caption\":\"\",\"created_timestamp\":\"1596133254\",\"copyright\":null,\"focal_length\":\"3.99\",\"iso\":\"20\",\"shutter_speed\":\"0.00070821529745042\",\"title\":\"\",\"orientation\":\"1\",\"keywords\":null,\"resized_images\":null},\"thumbnail\":\"https:\\\/\\\/www.mramriswil.ch\\\/turnveteranen\\\/wp-content\\\/uploads\\\/sites\\\/2\\\/2020\\\/08\\\/20200730-abendvelotour-005-150x150.jpg\",\"medium\":\"https:\\\/\\\/www.mramriswil.ch\\\/turnveteranen\\\/wp-content\\\/uploads\\\/sites\\\/2\\\/2020\\\/08\\\/20200730-abendvelotour-005-300x225.jpg\",\"medium_large\":\"https:\\\/\\\/www.mramriswil.ch\\\/turnveteranen\\\/wp-content\\\/uploads\\\/sites\\\/2\\\/2020\\\/08\\\/20200730-abendvelotour-005-768x576.jpg\",\"large\":\"https:\\\/\\\/www.mramriswil.ch\\\/turnveteranen\\\/wp-content\\\/uploads\\\/sites\\\/2\\\/2020\\\/08\\\/20200730-abendvelotour-005.jpg\",\"1536x1536\":\"https:\\\/\\\/www.mramriswil.ch\\\/turnveteranen\\\/wp-content\\\/uploads\\\/sites\\\/2\\\/2020\\\/08\\\/20200730-abendvelotour-005.jpg\",\"2048x2048\":\"https:\\\/\\\/www.mramriswil.ch\\\/turnveteranen\\\/wp-content\\\/uploads\\\/sites\\\/2\\\/2020\\\/08\\\/20200730-abendvelotour-005.jpg\",\"post-thumbnail\":\"https:\\\/\\\/www.mramriswil.ch\\\/turnveteranen\\\/wp-content\\\/uploads\\\/sites\\\/2\\\/2020\\\/08\\\/20200730-abendvelotour-005-100x75.jpg\",\"entry\":\"https:\\\/\\\/www.mramriswil.ch\\\/turnveteranen\\\/wp-content\\\/uploads\\\/sites\\\/2\\\/2020\\\/08\\\/20200730-abendvelotour-005.jpg\",\"entry-cropped\":\"https:\\\/\\\/www.mramriswil.ch\\\/turnveteranen\\\/wp-content\\\/uploads\\\/sites\\\/2\\\/2020\\\/08\\\/20200730-abendvelotour-005-806x482.jpg\",\"entry-fullwidth\":\"https:\\\/\\\/www.mramriswil.ch\\\/turnveteranen\\\/wp-content\\\/uploads\\\/sites\\\/2\\\/2020\\\/08\\\/20200730-abendvelotour-005.jpg\",\"entry-cropped-fullwidth\":\"https:\\\/\\\/www.mramriswil.ch\\\/turnveteranen\\\/wp-content\\\/uploads\\\/sites\\\/2\\\/2020\\\/08\\\/20200730-abendvelotour-005.jpg\",\"full\":\"https:\\\/\\\/www.mramriswil.ch\\\/turnveteranen\\\/wp-content\\\/uploads\\\/sites\\\/2\\\/2020\\\/08\\\/20200730-abendvelotour-005.jpg\",\"index\":4,\"id\":856,\"video\":false,\"opts\":{\"caption\":\"\",\"thumb\":\"https:\\\/\\\/www.mramriswil.ch\\\/turnveteranen\\\/wp-content\\\/uploads\\\/sites\\\/2\\\/2020\\\/08\\\/20200730-abendvelotour-005-75x50_c.jpg\",\"title\":\"20200730-abendvelotour-005\"},\"gallery_id\":\"850\"},{\"status\":\"active\",\"src\":\"https:\\\/\\\/www.mramriswil.ch\\\/turnveteranen\\\/wp-content\\\/uploads\\\/sites\\\/2\\\/2020\\\/08\\\/20200730-abendvelotour-006.jpg\",\"title\":\"20200730-abendvelotour-006\",\"link\":\"https:\\\/\\\/www.mramriswil.ch\\\/turnveteranen\\\/wp-content\\\/uploads\\\/sites\\\/2\\\/2020\\\/08\\\/20200730-abendvelotour-006.jpg\",\"alt\":\"\",\"caption\":false,\"thumb\":\"https:\\\/\\\/www.mramriswil.ch\\\/turnveteranen\\\/wp-content\\\/uploads\\\/sites\\\/2\\\/2020\\\/08\\\/20200730-abendvelotour-006-75x50_c.jpg\",\"meta\":{\"aperture\":\"1.8\",\"credit\":null,\"camera\":\"iPhone 8\",\"caption\":\"\",\"created_timestamp\":\"1596133256\",\"copyright\":null,\"focal_length\":\"3.99\",\"iso\":\"20\",\"shutter_speed\":\"0.00068823124569855\",\"title\":\"\",\"orientation\":\"1\",\"keywords\":null,\"resized_images\":null},\"thumbnail\":\"https:\\\/\\\/www.mramriswil.ch\\\/turnveteranen\\\/wp-content\\\/uploads\\\/sites\\\/2\\\/2020\\\/08\\\/20200730-abendvelotour-006-150x150.jpg\",\"medium\":\"https:\\\/\\\/www.mramriswil.ch\\\/turnveteranen\\\/wp-content\\\/uploads\\\/sites\\\/2\\\/2020\\\/08\\\/20200730-abendvelotour-006-300x225.jpg\",\"medium_large\":\"https:\\\/\\\/www.mramriswil.ch\\\/turnveteranen\\\/wp-content\\\/uploads\\\/sites\\\/2\\\/2020\\\/08\\\/20200730-abendvelotour-006-768x576.jpg\",\"large\":\"https:\\\/\\\/www.mramriswil.ch\\\/turnveteranen\\\/wp-content\\\/uploads\\\/sites\\\/2\\\/2020\\\/08\\\/20200730-abendvelotour-006.jpg\",\"1536x1536\":\"https:\\\/\\\/www.mramriswil.ch\\\/turnveteranen\\\/wp-content\\\/uploads\\\/sites\\\/2\\\/2020\\\/08\\\/20200730-abendvelotour-006.jpg\",\"2048x2048\":\"https:\\\/\\\/www.mramriswil.ch\\\/turnveteranen\\\/wp-content\\\/uploads\\\/sites\\\/2\\\/2020\\\/08\\\/20200730-abendvelotour-006.jpg\",\"post-thumbnail\":\"https:\\\/\\\/www.mramriswil.ch\\\/turnveteranen\\\/wp-content\\\/uploads\\\/sites\\\/2\\\/2020\\\/08\\\/20200730-abendvelotour-006-100x75.jpg\",\"entry\":\"https:\\\/\\\/www.mramriswil.ch\\\/turnveteranen\\\/wp-content\\\/uploads\\\/sites\\\/2\\\/2020\\\/08\\\/20200730-abendvelotour-006.jpg\",\"entry-cropped\":\"https:\\\/\\\/www.mramriswil.ch\\\/turnveteranen\\\/wp-content\\\/uploads\\\/sites\\\/2\\\/2020\\\/08\\\/20200730-abendvelotour-006-806x482.jpg\",\"entry-fullwidth\":\"https:\\\/\\\/www.mramriswil.ch\\\/turnveteranen\\\/wp-content\\\/uploads\\\/sites\\\/2\\\/2020\\\/08\\\/20200730-abendvelotour-006.jpg\",\"entry-cropped-fullwidth\":\"https:\\\/\\\/www.mramriswil.ch\\\/turnveteranen\\\/wp-content\\\/uploads\\\/sites\\\/2\\\/2020\\\/08\\\/20200730-abendvelotour-006.jpg\",\"full\":\"https:\\\/\\\/www.mramriswil.ch\\\/turnveteranen\\\/wp-content\\\/uploads\\\/sites\\\/2\\\/2020\\\/08\\\/20200730-abendvelotour-006.jpg\",\"index\":5,\"id\":857,\"video\":false,\"opts\":{\"caption\":\"\",\"thumb\":\"https:\\\/\\\/www.mramriswil.ch\\\/turnveteranen\\\/wp-content\\\/uploads\\\/sites\\\/2\\\/2020\\\/08\\\/20200730-abendvelotour-006-75x50_c.jpg\",\"title\":\"20200730-abendvelotour-006\"},\"gallery_id\":\"850\"},{\"status\":\"active\",\"src\":\"https:\\\/\\\/www.mramriswil.ch\\\/turnveteranen\\\/wp-content\\\/uploads\\\/sites\\\/2\\\/2020\\\/08\\\/20200730-abendvelotour-007.jpg\",\"title\":\"20200730-abendvelotour-007\",\"link\":\"https:\\\/\\\/www.mramriswil.ch\\\/turnveteranen\\\/wp-content\\\/uploads\\\/sites\\\/2\\\/2020\\\/08\\\/20200730-abendvelotour-007.jpg\",\"alt\":\"\",\"caption\":false,\"thumb\":\"https:\\\/\\\/www.mramriswil.ch\\\/turnveteranen\\\/wp-content\\\/uploads\\\/sites\\\/2\\\/2020\\\/08\\\/20200730-abendvelotour-007-75x50_c.jpg\",\"meta\":{\"aperture\":\"1.8\",\"credit\":null,\"camera\":\"iPhone 8\",\"caption\":\"\",\"created_timestamp\":\"1596133259\",\"copyright\":null,\"focal_length\":\"3.99\",\"iso\":\"20\",\"shutter_speed\":\"0.00068823124569855\",\"title\":\"\",\"orientation\":\"1\",\"keywords\":null,\"resized_images\":null},\"thumbnail\":\"https:\\\/\\\/www.mramriswil.ch\\\/turnveteranen\\\/wp-content\\\/uploads\\\/sites\\\/2\\\/2020\\\/08\\\/20200730-abendvelotour-007-150x150.jpg\",\"medium\":\"https:\\\/\\\/www.mramriswil.ch\\\/turnveteranen\\\/wp-content\\\/uploads\\\/sites\\\/2\\\/2020\\\/08\\\/20200730-abendvelotour-007-300x225.jpg\",\"medium_large\":\"https:\\\/\\\/www.mramriswil.ch\\\/turnveteranen\\\/wp-content\\\/uploads\\\/sites\\\/2\\\/2020\\\/08\\\/20200730-abendvelotour-007-768x576.jpg\",\"large\":\"https:\\\/\\\/www.mramriswil.ch\\\/turnveteranen\\\/wp-content\\\/uploads\\\/sites\\\/2\\\/2020\\\/08\\\/20200730-abendvelotour-007.jpg\",\"1536x1536\":\"https:\\\/\\\/www.mramriswil.ch\\\/turnveteranen\\\/wp-content\\\/uploads\\\/sites\\\/2\\\/2020\\\/08\\\/20200730-abendvelotour-007.jpg\",\"2048x2048\":\"https:\\\/\\\/www.mramriswil.ch\\\/turnveteranen\\\/wp-content\\\/uploads\\\/sites\\\/2\\\/2020\\\/08\\\/20200730-abendvelotour-007.jpg\",\"post-thumbnail\":\"https:\\\/\\\/www.mramriswil.ch\\\/turnveteranen\\\/wp-content\\\/uploads\\\/sites\\\/2\\\/2020\\\/08\\\/20200730-abendvelotour-007-100x75.jpg\",\"entry\":\"https:\\\/\\\/www.mramriswil.ch\\\/turnveteranen\\\/wp-content\\\/uploads\\\/sites\\\/2\\\/2020\\\/08\\\/20200730-abendvelotour-007.jpg\",\"entry-cropped\":\"https:\\\/\\\/www.mramriswil.ch\\\/turnveteranen\\\/wp-content\\\/uploads\\\/sites\\\/2\\\/2020\\\/08\\\/20200730-abendvelotour-007-806x482.jpg\",\"entry-fullwidth\":\"https:\\\/\\\/www.mramriswil.ch\\\/turnveteranen\\\/wp-content\\\/uploads\\\/sites\\\/2\\\/2020\\\/08\\\/20200730-abendvelotour-007.jpg\",\"entry-cropped-fullwidth\":\"https:\\\/\\\/www.mramriswil.ch\\\/turnveteranen\\\/wp-content\\\/uploads\\\/sites\\\/2\\\/2020\\\/08\\\/20200730-abendvelotour-007.jpg\",\"full\":\"https:\\\/\\\/www.mramriswil.ch\\\/turnveteranen\\\/wp-content\\\/uploads\\\/sites\\\/2\\\/2020\\\/08\\\/20200730-abendvelotour-007.jpg\",\"index\":6,\"id\":858,\"video\":false,\"opts\":{\"caption\":\"\",\"thumb\":\"https:\\\/\\\/www.mramriswil.ch\\\/turnveteranen\\\/wp-content\\\/uploads\\\/sites\\\/2\\\/2020\\\/08\\\/20200730-abendvelotour-007-75x50_c.jpg\",\"title\":\"20200730-abendvelotour-007\"},\"gallery_id\":\"850\"},{\"status\":\"active\",\"src\":\"https:\\\/\\\/www.mramriswil.ch\\\/turnveteranen\\\/wp-content\\\/uploads\\\/sites\\\/2\\\/2020\\\/08\\\/20200730-abendvelotour-008.jpg\",\"title\":\"20200730-abendvelotour-008\",\"link\":\"https:\\\/\\\/www.mramriswil.ch\\\/turnveteranen\\\/wp-content\\\/uploads\\\/sites\\\/2\\\/2020\\\/08\\\/20200730-abendvelotour-008.jpg\",\"alt\":\"\",\"caption\":false,\"thumb\":\"https:\\\/\\\/www.mramriswil.ch\\\/turnveteranen\\\/wp-content\\\/uploads\\\/sites\\\/2\\\/2020\\\/08\\\/20200730-abendvelotour-008-75x50_c.jpg\",\"meta\":{\"aperture\":\"1.8\",\"credit\":null,\"camera\":\"iPhone 8\",\"caption\":\"\",\"created_timestamp\":\"1596134023\",\"copyright\":null,\"focal_length\":\"3.99\",\"iso\":\"20\",\"shutter_speed\":\"0.0031847133757962\",\"title\":\"\",\"orientation\":\"1\",\"keywords\":null,\"resized_images\":null},\"thumbnail\":\"https:\\\/\\\/www.mramriswil.ch\\\/turnveteranen\\\/wp-content\\\/uploads\\\/sites\\\/2\\\/2020\\\/08\\\/20200730-abendvelotour-008-150x150.jpg\",\"medium\":\"https:\\\/\\\/www.mramriswil.ch\\\/turnveteranen\\\/wp-content\\\/uploads\\\/sites\\\/2\\\/2020\\\/08\\\/20200730-abendvelotour-008-300x225.jpg\",\"medium_large\":\"https:\\\/\\\/www.mramriswil.ch\\\/turnveteranen\\\/wp-content\\\/uploads\\\/sites\\\/2\\\/2020\\\/08\\\/20200730-abendvelotour-008-768x576.jpg\",\"large\":\"https:\\\/\\\/www.mramriswil.ch\\\/turnveteranen\\\/wp-content\\\/uploads\\\/sites\\\/2\\\/2020\\\/08\\\/20200730-abendvelotour-008.jpg\",\"1536x1536\":\"https:\\\/\\\/www.mramriswil.ch\\\/turnveteranen\\\/wp-content\\\/uploads\\\/sites\\\/2\\\/2020\\\/08\\\/20200730-abendvelotour-008.jpg\",\"2048x2048\":\"https:\\\/\\\/www.mramriswil.ch\\\/turnveteranen\\\/wp-content\\\/uploads\\\/sites\\\/2\\\/2020\\\/08\\\/20200730-abendvelotour-008.jpg\",\"post-thumbnail\":\"https:\\\/\\\/www.mramriswil.ch\\\/turnveteranen\\\/wp-content\\\/uploads\\\/sites\\\/2\\\/2020\\\/08\\\/20200730-abendvelotour-008-100x75.jpg\",\"entry\":\"https:\\\/\\\/www.mramriswil.ch\\\/turnveteranen\\\/wp-content\\\/uploads\\\/sites\\\/2\\\/2020\\\/08\\\/20200730-abendvelotour-008.jpg\",\"entry-cropped\":\"https:\\\/\\\/www.mramriswil.ch\\\/turnveteranen\\\/wp-content\\\/uploads\\\/sites\\\/2\\\/2020\\\/08\\\/20200730-abendvelotour-008-806x482.jpg\",\"entry-fullwidth\":\"https:\\\/\\\/www.mramriswil.ch\\\/turnveteranen\\\/wp-content\\\/uploads\\\/sites\\\/2\\\/2020\\\/08\\\/20200730-abendvelotour-008.jpg\",\"entry-cropped-fullwidth\":\"https:\\\/\\\/www.mramriswil.ch\\\/turnveteranen\\\/wp-content\\\/uploads\\\/sites\\\/2\\\/2020\\\/08\\\/20200730-abendvelotour-008.jpg\",\"full\":\"https:\\\/\\\/www.mramriswil.ch\\\/turnveteranen\\\/wp-content\\\/uploads\\\/sites\\\/2\\\/2020\\\/08\\\/20200730-abendvelotour-008.jpg\",\"index\":7,\"id\":859,\"video\":false,\"opts\":{\"caption\":\"\",\"thumb\":\"https:\\\/\\\/www.mramriswil.ch\\\/turnveteranen\\\/wp-content\\\/uploads\\\/sites\\\/2\\\/2020\\\/08\\\/20200730-abendvelotour-008-75x50_c.jpg\",\"title\":\"20200730-abendvelotour-008\"},\"gallery_id\":\"850\"},{\"status\":\"active\",\"src\":\"https:\\\/\\\/www.mramriswil.ch\\\/turnveteranen\\\/wp-content\\\/uploads\\\/sites\\\/2\\\/2020\\\/08\\\/20200730-abendvelotour-009.jpg\",\"title\":\"20200730-abendvelotour-009\",\"link\":\"https:\\\/\\\/www.mramriswil.ch\\\/turnveteranen\\\/wp-content\\\/uploads\\\/sites\\\/2\\\/2020\\\/08\\\/20200730-abendvelotour-009.jpg\",\"alt\":\"\",\"caption\":false,\"thumb\":\"https:\\\/\\\/www.mramriswil.ch\\\/turnveteranen\\\/wp-content\\\/uploads\\\/sites\\\/2\\\/2020\\\/08\\\/20200730-abendvelotour-009-75x50_c.jpg\",\"meta\":{\"aperture\":\"1.8\",\"credit\":null,\"camera\":\"iPhone 8\",\"caption\":\"\",\"created_timestamp\":\"1596137342\",\"copyright\":null,\"focal_length\":\"3.99\",\"iso\":\"100\",\"shutter_speed\":\"0.11111111111111\",\"title\":\"\",\"orientation\":\"1\",\"keywords\":null,\"resized_images\":null},\"thumbnail\":\"https:\\\/\\\/www.mramriswil.ch\\\/turnveteranen\\\/wp-content\\\/uploads\\\/sites\\\/2\\\/2020\\\/08\\\/20200730-abendvelotour-009-150x150.jpg\",\"medium\":\"https:\\\/\\\/www.mramriswil.ch\\\/turnveteranen\\\/wp-content\\\/uploads\\\/sites\\\/2\\\/2020\\\/08\\\/20200730-abendvelotour-009-300x225.jpg\",\"medium_large\":\"https:\\\/\\\/www.mramriswil.ch\\\/turnveteranen\\\/wp-content\\\/uploads\\\/sites\\\/2\\\/2020\\\/08\\\/20200730-abendvelotour-009-768x576.jpg\",\"large\":\"https:\\\/\\\/www.mramriswil.ch\\\/turnveteranen\\\/wp-content\\\/uploads\\\/sites\\\/2\\\/2020\\\/08\\\/20200730-abendvelotour-009.jpg\",\"1536x1536\":\"https:\\\/\\\/www.mramriswil.ch\\\/turnveteranen\\\/wp-content\\\/uploads\\\/sites\\\/2\\\/2020\\\/08\\\/20200730-abendvelotour-009.jpg\",\"2048x2048\":\"https:\\\/\\\/www.mramriswil.ch\\\/turnveteranen\\\/wp-content\\\/uploads\\\/sites\\\/2\\\/2020\\\/08\\\/20200730-abendvelotour-009.jpg\",\"post-thumbnail\":\"https:\\\/\\\/www.mramriswil.ch\\\/turnveteranen\\\/wp-content\\\/uploads\\\/sites\\\/2\\\/2020\\\/08\\\/20200730-abendvelotour-009-100x75.jpg\",\"entry\":\"https:\\\/\\\/www.mramriswil.ch\\\/turnveteranen\\\/wp-content\\\/uploads\\\/sites\\\/2\\\/2020\\\/08\\\/20200730-abendvelotour-009.jpg\",\"entry-cropped\":\"https:\\\/\\\/www.mramriswil.ch\\\/turnveteranen\\\/wp-content\\\/uploads\\\/sites\\\/2\\\/2020\\\/08\\\/20200730-abendvelotour-009-806x482.jpg\",\"entry-fullwidth\":\"https:\\\/\\\/www.mramriswil.ch\\\/turnveteranen\\\/wp-content\\\/uploads\\\/sites\\\/2\\\/2020\\\/08\\\/20200730-abendvelotour-009.jpg\",\"entry-cropped-fullwidth\":\"https:\\\/\\\/www.mramriswil.ch\\\/turnveteranen\\\/wp-content\\\/uploads\\\/sites\\\/2\\\/2020\\\/08\\\/20200730-abendvelotour-009.jpg\",\"full\":\"https:\\\/\\\/www.mramriswil.ch\\\/turnveteranen\\\/wp-content\\\/uploads\\\/sites\\\/2\\\/2020\\\/08\\\/20200730-abendvelotour-009.jpg\",\"index\":8,\"id\":860,\"video\":false,\"opts\":{\"caption\":\"\",\"thumb\":\"https:\\\/\\\/www.mramriswil.ch\\\/turnveteranen\\\/wp-content\\\/uploads\\\/sites\\\/2\\\/2020\\\/08\\\/20200730-abendvelotour-009-75x50_c.jpg\",\"title\":\"20200730-abendvelotour-009\"},\"gallery_id\":\"850\"},{\"status\":\"active\",\"src\":\"https:\\\/\\\/www.mramriswil.ch\\\/turnveteranen\\\/wp-content\\\/uploads\\\/sites\\\/2\\\/2020\\\/08\\\/20200730-abendvelotour-010.jpg\",\"title\":\"20200730-abendvelotour-010\",\"link\":\"https:\\\/\\\/www.mramriswil.ch\\\/turnveteranen\\\/wp-content\\\/uploads\\\/sites\\\/2\\\/2020\\\/08\\\/20200730-abendvelotour-010.jpg\",\"alt\":\"\",\"caption\":false,\"thumb\":\"https:\\\/\\\/www.mramriswil.ch\\\/turnveteranen\\\/wp-content\\\/uploads\\\/sites\\\/2\\\/2020\\\/08\\\/20200730-abendvelotour-010-75x50_c.jpg\",\"meta\":{\"aperture\":\"1.8\",\"credit\":null,\"camera\":\"iPhone 8\",\"caption\":\"\",\"created_timestamp\":\"1596139103\",\"copyright\":null,\"focal_length\":\"3.99\",\"iso\":\"100\",\"shutter_speed\":\"0.25\",\"title\":\"\",\"orientation\":\"1\",\"keywords\":null,\"resized_images\":null},\"thumbnail\":\"https:\\\/\\\/www.mramriswil.ch\\\/turnveteranen\\\/wp-content\\\/uploads\\\/sites\\\/2\\\/2020\\\/08\\\/20200730-abendvelotour-010-150x150.jpg\",\"medium\":\"https:\\\/\\\/www.mramriswil.ch\\\/turnveteranen\\\/wp-content\\\/uploads\\\/sites\\\/2\\\/2020\\\/08\\\/20200730-abendvelotour-010-300x225.jpg\",\"medium_large\":\"https:\\\/\\\/www.mramriswil.ch\\\/turnveteranen\\\/wp-content\\\/uploads\\\/sites\\\/2\\\/2020\\\/08\\\/20200730-abendvelotour-010-768x576.jpg\",\"large\":\"https:\\\/\\\/www.mramriswil.ch\\\/turnveteranen\\\/wp-content\\\/uploads\\\/sites\\\/2\\\/2020\\\/08\\\/20200730-abendvelotour-010.jpg\",\"1536x1536\":\"https:\\\/\\\/www.mramriswil.ch\\\/turnveteranen\\\/wp-content\\\/uploads\\\/sites\\\/2\\\/2020\\\/08\\\/20200730-abendvelotour-010.jpg\",\"2048x2048\":\"https:\\\/\\\/www.mramriswil.ch\\\/turnveteranen\\\/wp-content\\\/uploads\\\/sites\\\/2\\\/2020\\\/08\\\/20200730-abendvelotour-010.jpg\",\"post-thumbnail\":\"https:\\\/\\\/www.mramriswil.ch\\\/turnveteranen\\\/wp-content\\\/uploads\\\/sites\\\/2\\\/2020\\\/08\\\/20200730-abendvelotour-010-100x75.jpg\",\"entry\":\"https:\\\/\\\/www.mramriswil.ch\\\/turnveteranen\\\/wp-content\\\/uploads\\\/sites\\\/2\\\/2020\\\/08\\\/20200730-abendvelotour-010.jpg\",\"entry-cropped\":\"https:\\\/\\\/www.mramriswil.ch\\\/turnveteranen\\\/wp-content\\\/uploads\\\/sites\\\/2\\\/2020\\\/08\\\/20200730-abendvelotour-010-806x482.jpg\",\"entry-fullwidth\":\"https:\\\/\\\/www.mramriswil.ch\\\/turnveteranen\\\/wp-content\\\/uploads\\\/sites\\\/2\\\/2020\\\/08\\\/20200730-abendvelotour-010.jpg\",\"entry-cropped-fullwidth\":\"https:\\\/\\\/www.mramriswil.ch\\\/turnveteranen\\\/wp-content\\\/uploads\\\/sites\\\/2\\\/2020\\\/08\\\/20200730-abendvelotour-010.jpg\",\"full\":\"https:\\\/\\\/www.mramriswil.ch\\\/turnveteranen\\\/wp-content\\\/uploads\\\/sites\\\/2\\\/2020\\\/08\\\/20200730-abendvelotour-010.jpg\",\"index\":9,\"id\":861,\"video\":false,\"opts\":{\"caption\":\"\",\"thumb\":\"https:\\\/\\\/www.mramriswil.ch\\\/turnveteranen\\\/wp-content\\\/uploads\\\/sites\\\/2\\\/2020\\\/08\\\/20200730-abendvelotour-010-75x50_c.jpg\",\"title\":\"20200730-abendvelotour-010\"},\"gallery_id\":\"850\"},{\"status\":\"active\",\"src\":\"https:\\\/\\\/www.mramriswil.ch\\\/turnveteranen\\\/wp-content\\\/uploads\\\/sites\\\/2\\\/2020\\\/08\\\/20200730-abendvelotour-011.jpg\",\"title\":\"20200730-abendvelotour-011\",\"link\":\"https:\\\/\\\/www.mramriswil.ch\\\/turnveteranen\\\/wp-content\\\/uploads\\\/sites\\\/2\\\/2020\\\/08\\\/20200730-abendvelotour-011.jpg\",\"alt\":\"\",\"caption\":false,\"thumb\":\"https:\\\/\\\/www.mramriswil.ch\\\/turnveteranen\\\/wp-content\\\/uploads\\\/sites\\\/2\\\/2020\\\/08\\\/20200730-abendvelotour-011-75x50_c.jpg\",\"meta\":{\"aperture\":\"1.8\",\"credit\":null,\"camera\":\"iPhone 8\",\"caption\":\"\",\"created_timestamp\":\"1596139109\",\"copyright\":null,\"focal_length\":\"3.99\",\"iso\":\"640\",\"shutter_speed\":\"0.033333333333333\",\"title\":\"\",\"orientation\":\"1\",\"keywords\":null,\"resized_images\":null},\"thumbnail\":\"https:\\\/\\\/www.mramriswil.ch\\\/turnveteranen\\\/wp-content\\\/uploads\\\/sites\\\/2\\\/2020\\\/08\\\/20200730-abendvelotour-011-150x150.jpg\",\"medium\":\"https:\\\/\\\/www.mramriswil.ch\\\/turnveteranen\\\/wp-content\\\/uploads\\\/sites\\\/2\\\/2020\\\/08\\\/20200730-abendvelotour-011-300x225.jpg\",\"medium_large\":\"https:\\\/\\\/www.mramriswil.ch\\\/turnveteranen\\\/wp-content\\\/uploads\\\/sites\\\/2\\\/2020\\\/08\\\/20200730-abendvelotour-011-768x576.jpg\",\"large\":\"https:\\\/\\\/www.mramriswil.ch\\\/turnveteranen\\\/wp-content\\\/uploads\\\/sites\\\/2\\\/2020\\\/08\\\/20200730-abendvelotour-011.jpg\",\"1536x1536\":\"https:\\\/\\\/www.mramriswil.ch\\\/turnveteranen\\\/wp-content\\\/uploads\\\/sites\\\/2\\\/2020\\\/08\\\/20200730-abendvelotour-011.jpg\",\"2048x2048\":\"https:\\\/\\\/www.mramriswil.ch\\\/turnveteranen\\\/wp-content\\\/uploads\\\/sites\\\/2\\\/2020\\\/08\\\/20200730-abendvelotour-011.jpg\",\"post-thumbnail\":\"https:\\\/\\\/www.mramriswil.ch\\\/turnveteranen\\\/wp-content\\\/uploads\\\/sites\\\/2\\\/2020\\\/08\\\/20200730-abendvelotour-011-100x75.jpg\",\"entry\":\"https:\\\/\\\/www.mramriswil.ch\\\/turnveteranen\\\/wp-content\\\/uploads\\\/sites\\\/2\\\/2020\\\/08\\\/20200730-abendvelotour-011.jpg\",\"entry-cropped\":\"https:\\\/\\\/www.mramriswil.ch\\\/turnveteranen\\\/wp-content\\\/uploads\\\/sites\\\/2\\\/2020\\\/08\\\/20200730-abendvelotour-011-806x482.jpg\",\"entry-fullwidth\":\"https:\\\/\\\/www.mramriswil.ch\\\/turnveteranen\\\/wp-content\\\/uploads\\\/sites\\\/2\\\/2020\\\/08\\\/20200730-abendvelotour-011.jpg\",\"entry-cropped-fullwidth\":\"https:\\\/\\\/www.mramriswil.ch\\\/turnveteranen\\\/wp-content\\\/uploads\\\/sites\\\/2\\\/2020\\\/08\\\/20200730-abendvelotour-011.jpg\",\"full\":\"https:\\\/\\\/www.mramriswil.ch\\\/turnveteranen\\\/wp-content\\\/uploads\\\/sites\\\/2\\\/2020\\\/08\\\/20200730-abendvelotour-011.jpg\",\"index\":10,\"id\":851,\"video\":false,\"opts\":{\"caption\":\"\",\"thumb\":\"https:\\\/\\\/www.mramriswil.ch\\\/turnveteranen\\\/wp-content\\\/uploads\\\/sites\\\/2\\\/2020\\\/08\\\/20200730-abendvelotour-011-75x50_c.jpg\",\"title\":\"20200730-abendvelotour-011\"},\"gallery_id\":\"850\"}]' data-lightbox-theme='{&quot;arrows&quot;:true,&quot;margins&quot;:[10,0],&quot;gutter&quot;:&quot;100&quot;,&quot;thumbs_position&quot;:&quot;bottom&quot;,&quot;base_template&quot;:&quot;&lt;div id=\\&quot;envirabox-850\\&quot; data-envirabox-id=\\&quot;850\\&quot; class=\\&quot;envirabox-container envirabox-theme-base_dark envirabox-wrap\\&quot; role=\\&quot;dialog\\&quot;&gt;&lt;div class=\\&quot;envirabox-bg\\&quot;&gt;&lt;\\\/div&gt;&lt;div class=\\&quot;envirabox-outer\\&quot;&gt;&lt;div class=\\&quot;envirabox-inner\\&quot;&gt;&lt;div class=\\&quot;envirabox-caption-wrap\\&quot;&gt;&lt;div class=\\&quot;envirabox-title\\&quot;&gt;&lt;\\\/div&gt;&lt;\\\/div&gt;&lt;div class=\\&quot;envirabox-toolbar\\&quot;&gt;&lt;div class=\\&quot;envira-thumbs-button\\&quot;&gt;&lt;a data-envirabox-thumbs class=\\&quot;envirabox-item envira-thumbs-button envirabox-button--thumbs\\&quot; title=\\&quot;Toggle Thumbnails\\&quot; href=\\&quot;javascript:void(0)\\&quot;&gt;&lt;\\\/a&gt;&lt;\\\/div&gt;&lt;div class=\\&quot;envira-close-button\\&quot;&gt;&lt;a data-envirabox-close class=\\&quot;envirabox-item envirabox-close envirabox-button--close\\&quot; title=\\&quot;Close\\&quot; href=\\&quot;#\\&quot;&gt;&lt;\\\/a&gt;&lt;\\\/div&gt;&lt;\\\/div&gt;&lt;div class=\\&quot;envirabox-navigation\\&quot;&gt;&lt;a data-envirabox-prev title=\\&quot;Prev\\&quot; class=\\&quot;envirabox-arrow envirabox-arrow--left envirabox-nav envirabox-prev\\&quot; href=\\&quot;#\\&quot;&gt;&lt;span&gt;&lt;\\\/span&gt;&lt;\\\/a&gt;&lt;a data-envirabox-next title=\\&quot;Next\\&quot; class=\\&quot;envirabox-arrow envirabox-arrow--right envirabox-nav envirabox-next\\&quot; href=\\&quot;#\\&quot;&gt;&lt;span&gt;&lt;\\\/span&gt;&lt;\\\/a&gt;&lt;\\\/div&gt;&lt;div class=\\&quot;envirabox-stage\\&quot;&gt;&lt;\\\/div&gt;&lt;\\\/div&gt;&lt;\\\/div&gt;&lt;\\\/div&gt;&quot;,&quot;load_all&quot;:false,&quot;error_template&quot;:&quot;&lt;div class=\\&quot;envirabox-error\\&quot;&gt;&lt;p&gt;{{ERROR}}&lt;p&gt;&lt;\\\/div&gt;&quot;,&quot;inner_caption&quot;:false,&quot;caption_position&quot;:false,&quot;arrow_position&quot;:false,&quot;toolbar&quot;:true,&quot;infobar&quot;:false,&quot;show_smallbtn&quot;:false,&quot;idle_time&quot;:false,&quot;click_content&quot;:false,&quot;click_slide&quot;:false,&quot;click_outside&quot;:false,&quot;animation_duration&quot;:false,&quot;transition_duration&quot;:false,&quot;small_btn_template&quot;:&quot;&lt;a data-envirabox-close class=\\&quot;envirabox-item envirabox-close envirabox-button--close\\&quot; title=\\&quot;Close\\&quot; href=\\&quot;#\\&quot;&gt;&lt;\\\/a&gt;&quot;}' data-parsed-attrs='{\"id\":\"850\",\"cache\":true}'><div id=\"envira-gallery-item-852\" class=\"envira-gallery-item envira-gallery-item-1 envira-lazy-load\" style=\"padding-left: 1px; padding-bottom: 1px; padding-right: 1px;\"  itemscope itemtype=\"https:\/\/schema.org\/ImageObject\"><div class=\"envira-gallery-item-inner\"><div class=\"envira-gallery-position-overlay envira-gallery-top-left\"><\/div><div class=\"envira-gallery-position-overlay envira-gallery-top-right\"><\/div><div class=\"envira-gallery-position-overlay envira-gallery-bottom-left\"><\/div><div class=\"envira-gallery-position-overlay envira-gallery-bottom-right\"><\/div><a class=\"envira-gallery-850 envira-gallery-link\" href=\"https:\/\/www.mramriswil.ch\/turnveteranen\/wp-content\/uploads\/sites\/2\/2020\/08\/20200730-abendvelotour-001.jpg\" title=\"20200730-abendvelotour-001\" data-caption=\"\" data-envira-item-id=\"852\" data-envira-retina=\"https:\/\/www.mramriswil.ch\/turnveteranen\/wp-content\/uploads\/sites\/2\/2020\/08\/20200730-abendvelotour-001.jpg\" data-thumb=\"https:\/\/www.mramriswil.ch\/turnveteranen\/wp-content\/uploads\/sites\/2\/2020\/08\/20200730-abendvelotour-001-75x50_c.jpg\" data-title=\"20200730-abendvelotour-001\" data-envirabox='850' itemprop=\"contentUrl\"><img loading=\"lazy\" decoding=\"async\" src=\"https:\/\/www.mramriswil.ch\/turnveteranen\/wp-content\/uploads\/sites\/2\/2020\/08\/20200730-abendvelotour-001.jpg\" alt=\"\" class=\"envira-gallery-image envira-gallery-image-1    envira-lazy\" height=\"480\" id=\"envira-gallery-image-852\" srcset=\"data:image\/gif;base64,R0lGODlhAQABAIAAAP\/\/\/\/\/\/\/yH5BAEKAAEALAAAAAABAAEAAAICTAEAOw==\" tabindex=\"-1\" title=\"20200730-abendvelotour-001\" width=\"640\" data-caption=\"\" data-envira-gallery-id=\"850\" data-envira-index=\"0\" data-envira-item-id=\"852\" data-envira-src=\"https:\/\/www.mramriswil.ch\/turnveteranen\/wp-content\/uploads\/sites\/2\/2020\/08\/20200730-abendvelotour-001.jpg\" data-envira-srcset=\"https:\/\/www.mramriswil.ch\/turnveteranen\/wp-content\/uploads\/sites\/2\/2020\/08\/20200730-abendvelotour-001.jpg 400w, https:\/\/www.mramriswil.ch\/turnveteranen\/wp-content\/uploads\/sites\/2\/2020\/08\/20200730-abendvelotour-001.jpg 2x\" data-title=\"20200730-abendvelotour-001\" itemprop=\"thumbnailUrl\"  data-envirabox=\"850\" data-automatic-caption=\"\" data-envira-height=\"225\" data-envira-width=\"300\" \/><\/a><\/div><\/div><div id=\"envira-gallery-item-853\" class=\"envira-gallery-item envira-gallery-item-2 envira-lazy-load\" style=\"padding-left: 1px; padding-bottom: 1px; padding-right: 1px;\"  itemscope itemtype=\"https:\/\/schema.org\/ImageObject\"><div class=\"envira-gallery-item-inner\"><div class=\"envira-gallery-position-overlay envira-gallery-top-left\"><\/div><div class=\"envira-gallery-position-overlay envira-gallery-top-right\"><\/div><div class=\"envira-gallery-position-overlay envira-gallery-bottom-left\"><\/div><div class=\"envira-gallery-position-overlay envira-gallery-bottom-right\"><\/div><a class=\"envira-gallery-850 envira-gallery-link\" href=\"https:\/\/www.mramriswil.ch\/turnveteranen\/wp-content\/uploads\/sites\/2\/2020\/08\/20200730-abendvelotour-002.jpg\" title=\"20200730-abendvelotour-002\" data-caption=\"\" data-envira-item-id=\"853\" data-envira-retina=\"https:\/\/www.mramriswil.ch\/turnveteranen\/wp-content\/uploads\/sites\/2\/2020\/08\/20200730-abendvelotour-002.jpg\" data-thumb=\"https:\/\/www.mramriswil.ch\/turnveteranen\/wp-content\/uploads\/sites\/2\/2020\/08\/20200730-abendvelotour-002-75x50_c.jpg\" data-title=\"20200730-abendvelotour-002\" data-envirabox='850' itemprop=\"contentUrl\"><img loading=\"lazy\" decoding=\"async\" src=\"https:\/\/www.mramriswil.ch\/turnveteranen\/wp-content\/uploads\/sites\/2\/2020\/08\/20200730-abendvelotour-002.jpg\" alt=\"\" class=\"envira-gallery-image envira-gallery-image-2    envira-lazy\" height=\"480\" id=\"envira-gallery-image-853\" srcset=\"data:image\/gif;base64,R0lGODlhAQABAIAAAP\/\/\/\/\/\/\/yH5BAEKAAEALAAAAAABAAEAAAICTAEAOw==\" tabindex=\"-1\" title=\"20200730-abendvelotour-002\" width=\"640\" data-caption=\"\" data-envira-gallery-id=\"850\" data-envira-index=\"1\" data-envira-item-id=\"853\" data-envira-src=\"https:\/\/www.mramriswil.ch\/turnveteranen\/wp-content\/uploads\/sites\/2\/2020\/08\/20200730-abendvelotour-002.jpg\" data-envira-srcset=\"https:\/\/www.mramriswil.ch\/turnveteranen\/wp-content\/uploads\/sites\/2\/2020\/08\/20200730-abendvelotour-002.jpg 400w, https:\/\/www.mramriswil.ch\/turnveteranen\/wp-content\/uploads\/sites\/2\/2020\/08\/20200730-abendvelotour-002.jpg 2x\" data-title=\"20200730-abendvelotour-002\" itemprop=\"thumbnailUrl\"  data-envirabox=\"850\" data-automatic-caption=\"\" data-envira-height=\"225\" data-envira-width=\"300\" \/><\/a><\/div><\/div><div id=\"envira-gallery-item-854\" class=\"envira-gallery-item envira-gallery-item-3 envira-lazy-load\" style=\"padding-left: 1px; padding-bottom: 1px; padding-right: 1px;\"  itemscope itemtype=\"https:\/\/schema.org\/ImageObject\"><div class=\"envira-gallery-item-inner\"><div class=\"envira-gallery-position-overlay envira-gallery-top-left\"><\/div><div class=\"envira-gallery-position-overlay envira-gallery-top-right\"><\/div><div class=\"envira-gallery-position-overlay envira-gallery-bottom-left\"><\/div><div class=\"envira-gallery-position-overlay envira-gallery-bottom-right\"><\/div><a class=\"envira-gallery-850 envira-gallery-link\" href=\"https:\/\/www.mramriswil.ch\/turnveteranen\/wp-content\/uploads\/sites\/2\/2020\/08\/20200730-abendvelotour-003.jpg\" title=\"20200730-abendvelotour-003\" data-caption=\"\" data-envira-item-id=\"854\" data-envira-retina=\"https:\/\/www.mramriswil.ch\/turnveteranen\/wp-content\/uploads\/sites\/2\/2020\/08\/20200730-abendvelotour-003.jpg\" data-thumb=\"https:\/\/www.mramriswil.ch\/turnveteranen\/wp-content\/uploads\/sites\/2\/2020\/08\/20200730-abendvelotour-003-75x50_c.jpg\" data-title=\"20200730-abendvelotour-003\" data-envirabox='850' itemprop=\"contentUrl\"><img loading=\"lazy\" decoding=\"async\" src=\"https:\/\/www.mramriswil.ch\/turnveteranen\/wp-content\/uploads\/sites\/2\/2020\/08\/20200730-abendvelotour-003.jpg\" alt=\"\" class=\"envira-gallery-image envira-gallery-image-3    envira-lazy\" height=\"480\" id=\"envira-gallery-image-854\" srcset=\"data:image\/gif;base64,R0lGODlhAQABAIAAAP\/\/\/\/\/\/\/yH5BAEKAAEALAAAAAABAAEAAAICTAEAOw==\" tabindex=\"-1\" title=\"20200730-abendvelotour-003\" width=\"640\" data-caption=\"\" data-envira-gallery-id=\"850\" data-envira-index=\"2\" data-envira-item-id=\"854\" data-envira-src=\"https:\/\/www.mramriswil.ch\/turnveteranen\/wp-content\/uploads\/sites\/2\/2020\/08\/20200730-abendvelotour-003.jpg\" data-envira-srcset=\"https:\/\/www.mramriswil.ch\/turnveteranen\/wp-content\/uploads\/sites\/2\/2020\/08\/20200730-abendvelotour-003.jpg 400w, https:\/\/www.mramriswil.ch\/turnveteranen\/wp-content\/uploads\/sites\/2\/2020\/08\/20200730-abendvelotour-003.jpg 2x\" data-title=\"20200730-abendvelotour-003\" itemprop=\"thumbnailUrl\"  data-envirabox=\"850\" data-automatic-caption=\"\" data-envira-height=\"225\" data-envira-width=\"300\" \/><\/a><\/div><\/div><div id=\"envira-gallery-item-855\" class=\"envira-gallery-item envira-gallery-item-4 envira-lazy-load\" style=\"padding-left: 1px; padding-bottom: 1px; padding-right: 1px;\"  itemscope itemtype=\"https:\/\/schema.org\/ImageObject\"><div class=\"envira-gallery-item-inner\"><div class=\"envira-gallery-position-overlay envira-gallery-top-left\"><\/div><div class=\"envira-gallery-position-overlay envira-gallery-top-right\"><\/div><div class=\"envira-gallery-position-overlay envira-gallery-bottom-left\"><\/div><div class=\"envira-gallery-position-overlay envira-gallery-bottom-right\"><\/div><a class=\"envira-gallery-850 envira-gallery-link\" href=\"https:\/\/www.mramriswil.ch\/turnveteranen\/wp-content\/uploads\/sites\/2\/2020\/08\/20200730-abendvelotour-004.jpg\" title=\"20200730-abendvelotour-004\" data-caption=\"\" data-envira-item-id=\"855\" data-envira-retina=\"https:\/\/www.mramriswil.ch\/turnveteranen\/wp-content\/uploads\/sites\/2\/2020\/08\/20200730-abendvelotour-004.jpg\" data-thumb=\"https:\/\/www.mramriswil.ch\/turnveteranen\/wp-content\/uploads\/sites\/2\/2020\/08\/20200730-abendvelotour-004-75x50_c.jpg\" data-title=\"20200730-abendvelotour-004\" data-envirabox='850' itemprop=\"contentUrl\"><img loading=\"lazy\" decoding=\"async\" src=\"https:\/\/www.mramriswil.ch\/turnveteranen\/wp-content\/uploads\/sites\/2\/2020\/08\/20200730-abendvelotour-004.jpg\" alt=\"\" class=\"envira-gallery-image envira-gallery-image-4    envira-lazy\" height=\"480\" id=\"envira-gallery-image-855\" srcset=\"data:image\/gif;base64,R0lGODlhAQABAIAAAP\/\/\/\/\/\/\/yH5BAEKAAEALAAAAAABAAEAAAICTAEAOw==\" tabindex=\"-1\" title=\"20200730-abendvelotour-004\" width=\"640\" data-caption=\"\" data-envira-gallery-id=\"850\" data-envira-index=\"3\" data-envira-item-id=\"855\" data-envira-src=\"https:\/\/www.mramriswil.ch\/turnveteranen\/wp-content\/uploads\/sites\/2\/2020\/08\/20200730-abendvelotour-004.jpg\" data-envira-srcset=\"https:\/\/www.mramriswil.ch\/turnveteranen\/wp-content\/uploads\/sites\/2\/2020\/08\/20200730-abendvelotour-004.jpg 400w, https:\/\/www.mramriswil.ch\/turnveteranen\/wp-content\/uploads\/sites\/2\/2020\/08\/20200730-abendvelotour-004.jpg 2x\" data-title=\"20200730-abendvelotour-004\" itemprop=\"thumbnailUrl\"  data-envirabox=\"850\" data-automatic-caption=\"\" data-envira-height=\"225\" data-envira-width=\"300\" \/><\/a><\/div><\/div><div id=\"envira-gallery-item-856\" class=\"envira-gallery-item envira-gallery-item-5 envira-lazy-load\" style=\"padding-left: 1px; padding-bottom: 1px; padding-right: 1px;\"  itemscope itemtype=\"https:\/\/schema.org\/ImageObject\"><div class=\"envira-gallery-item-inner\"><div class=\"envira-gallery-position-overlay envira-gallery-top-left\"><\/div><div class=\"envira-gallery-position-overlay envira-gallery-top-right\"><\/div><div class=\"envira-gallery-position-overlay envira-gallery-bottom-left\"><\/div><div class=\"envira-gallery-position-overlay envira-gallery-bottom-right\"><\/div><a class=\"envira-gallery-850 envira-gallery-link\" href=\"https:\/\/www.mramriswil.ch\/turnveteranen\/wp-content\/uploads\/sites\/2\/2020\/08\/20200730-abendvelotour-005.jpg\" title=\"20200730-abendvelotour-005\" data-caption=\"\" data-envira-item-id=\"856\" data-envira-retina=\"https:\/\/www.mramriswil.ch\/turnveteranen\/wp-content\/uploads\/sites\/2\/2020\/08\/20200730-abendvelotour-005.jpg\" data-thumb=\"https:\/\/www.mramriswil.ch\/turnveteranen\/wp-content\/uploads\/sites\/2\/2020\/08\/20200730-abendvelotour-005-75x50_c.jpg\" data-title=\"20200730-abendvelotour-005\" data-envirabox='850' itemprop=\"contentUrl\"><img loading=\"lazy\" decoding=\"async\" src=\"https:\/\/www.mramriswil.ch\/turnveteranen\/wp-content\/uploads\/sites\/2\/2020\/08\/20200730-abendvelotour-005.jpg\" alt=\"\" class=\"envira-gallery-image envira-gallery-image-5    envira-lazy\" height=\"480\" id=\"envira-gallery-image-856\" srcset=\"data:image\/gif;base64,R0lGODlhAQABAIAAAP\/\/\/\/\/\/\/yH5BAEKAAEALAAAAAABAAEAAAICTAEAOw==\" tabindex=\"-1\" title=\"20200730-abendvelotour-005\" width=\"640\" data-caption=\"\" data-envira-gallery-id=\"850\" data-envira-index=\"4\" data-envira-item-id=\"856\" data-envira-src=\"https:\/\/www.mramriswil.ch\/turnveteranen\/wp-content\/uploads\/sites\/2\/2020\/08\/20200730-abendvelotour-005.jpg\" data-envira-srcset=\"https:\/\/www.mramriswil.ch\/turnveteranen\/wp-content\/uploads\/sites\/2\/2020\/08\/20200730-abendvelotour-005.jpg 400w, https:\/\/www.mramriswil.ch\/turnveteranen\/wp-content\/uploads\/sites\/2\/2020\/08\/20200730-abendvelotour-005.jpg 2x\" data-title=\"20200730-abendvelotour-005\" itemprop=\"thumbnailUrl\"  data-envirabox=\"850\" data-automatic-caption=\"\" data-envira-height=\"225\" data-envira-width=\"300\" \/><\/a><\/div><\/div><div id=\"envira-gallery-item-857\" class=\"envira-gallery-item envira-gallery-item-6 envira-lazy-load\" style=\"padding-left: 1px; padding-bottom: 1px; padding-right: 1px;\"  itemscope itemtype=\"https:\/\/schema.org\/ImageObject\"><div class=\"envira-gallery-item-inner\"><div class=\"envira-gallery-position-overlay envira-gallery-top-left\"><\/div><div class=\"envira-gallery-position-overlay envira-gallery-top-right\"><\/div><div class=\"envira-gallery-position-overlay envira-gallery-bottom-left\"><\/div><div class=\"envira-gallery-position-overlay envira-gallery-bottom-right\"><\/div><a class=\"envira-gallery-850 envira-gallery-link\" href=\"https:\/\/www.mramriswil.ch\/turnveteranen\/wp-content\/uploads\/sites\/2\/2020\/08\/20200730-abendvelotour-006.jpg\" title=\"20200730-abendvelotour-006\" data-caption=\"\" data-envira-item-id=\"857\" data-envira-retina=\"https:\/\/www.mramriswil.ch\/turnveteranen\/wp-content\/uploads\/sites\/2\/2020\/08\/20200730-abendvelotour-006.jpg\" data-thumb=\"https:\/\/www.mramriswil.ch\/turnveteranen\/wp-content\/uploads\/sites\/2\/2020\/08\/20200730-abendvelotour-006-75x50_c.jpg\" data-title=\"20200730-abendvelotour-006\" data-envirabox='850' itemprop=\"contentUrl\"><img loading=\"lazy\" decoding=\"async\" src=\"https:\/\/www.mramriswil.ch\/turnveteranen\/wp-content\/uploads\/sites\/2\/2020\/08\/20200730-abendvelotour-006.jpg\" alt=\"\" class=\"envira-gallery-image envira-gallery-image-6    envira-lazy\" height=\"480\" id=\"envira-gallery-image-857\" srcset=\"data:image\/gif;base64,R0lGODlhAQABAIAAAP\/\/\/\/\/\/\/yH5BAEKAAEALAAAAAABAAEAAAICTAEAOw==\" tabindex=\"-1\" title=\"20200730-abendvelotour-006\" width=\"640\" data-caption=\"\" data-envira-gallery-id=\"850\" data-envira-index=\"5\" data-envira-item-id=\"857\" data-envira-src=\"https:\/\/www.mramriswil.ch\/turnveteranen\/wp-content\/uploads\/sites\/2\/2020\/08\/20200730-abendvelotour-006.jpg\" data-envira-srcset=\"https:\/\/www.mramriswil.ch\/turnveteranen\/wp-content\/uploads\/sites\/2\/2020\/08\/20200730-abendvelotour-006.jpg 400w, https:\/\/www.mramriswil.ch\/turnveteranen\/wp-content\/uploads\/sites\/2\/2020\/08\/20200730-abendvelotour-006.jpg 2x\" data-title=\"20200730-abendvelotour-006\" itemprop=\"thumbnailUrl\"  data-envirabox=\"850\" data-automatic-caption=\"\" data-envira-height=\"225\" data-envira-width=\"300\" \/><\/a><\/div><\/div><div id=\"envira-gallery-item-858\" class=\"envira-gallery-item envira-gallery-item-7 envira-lazy-load\" style=\"padding-left: 1px; padding-bottom: 1px; padding-right: 1px;\"  itemscope itemtype=\"https:\/\/schema.org\/ImageObject\"><div class=\"envira-gallery-item-inner\"><div class=\"envira-gallery-position-overlay envira-gallery-top-left\"><\/div><div class=\"envira-gallery-position-overlay envira-gallery-top-right\"><\/div><div class=\"envira-gallery-position-overlay envira-gallery-bottom-left\"><\/div><div class=\"envira-gallery-position-overlay envira-gallery-bottom-right\"><\/div><a class=\"envira-gallery-850 envira-gallery-link\" href=\"https:\/\/www.mramriswil.ch\/turnveteranen\/wp-content\/uploads\/sites\/2\/2020\/08\/20200730-abendvelotour-007.jpg\" title=\"20200730-abendvelotour-007\" data-caption=\"\" data-envira-item-id=\"858\" data-envira-retina=\"https:\/\/www.mramriswil.ch\/turnveteranen\/wp-content\/uploads\/sites\/2\/2020\/08\/20200730-abendvelotour-007.jpg\" data-thumb=\"https:\/\/www.mramriswil.ch\/turnveteranen\/wp-content\/uploads\/sites\/2\/2020\/08\/20200730-abendvelotour-007-75x50_c.jpg\" data-title=\"20200730-abendvelotour-007\" data-envirabox='850' itemprop=\"contentUrl\"><img loading=\"lazy\" decoding=\"async\" src=\"https:\/\/www.mramriswil.ch\/turnveteranen\/wp-content\/uploads\/sites\/2\/2020\/08\/20200730-abendvelotour-007.jpg\" alt=\"\" class=\"envira-gallery-image envira-gallery-image-7    envira-lazy\" height=\"480\" id=\"envira-gallery-image-858\" srcset=\"data:image\/gif;base64,R0lGODlhAQABAIAAAP\/\/\/\/\/\/\/yH5BAEKAAEALAAAAAABAAEAAAICTAEAOw==\" tabindex=\"-1\" title=\"20200730-abendvelotour-007\" width=\"640\" data-caption=\"\" data-envira-gallery-id=\"850\" data-envira-index=\"6\" data-envira-item-id=\"858\" data-envira-src=\"https:\/\/www.mramriswil.ch\/turnveteranen\/wp-content\/uploads\/sites\/2\/2020\/08\/20200730-abendvelotour-007.jpg\" data-envira-srcset=\"https:\/\/www.mramriswil.ch\/turnveteranen\/wp-content\/uploads\/sites\/2\/2020\/08\/20200730-abendvelotour-007.jpg 400w, https:\/\/www.mramriswil.ch\/turnveteranen\/wp-content\/uploads\/sites\/2\/2020\/08\/20200730-abendvelotour-007.jpg 2x\" data-title=\"20200730-abendvelotour-007\" itemprop=\"thumbnailUrl\"  data-envirabox=\"850\" data-automatic-caption=\"\" data-envira-height=\"225\" data-envira-width=\"300\" \/><\/a><\/div><\/div><div id=\"envira-gallery-item-859\" class=\"envira-gallery-item envira-gallery-item-8 envira-lazy-load\" style=\"padding-left: 1px; padding-bottom: 1px; padding-right: 1px;\"  itemscope itemtype=\"https:\/\/schema.org\/ImageObject\"><div class=\"envira-gallery-item-inner\"><div class=\"envira-gallery-position-overlay envira-gallery-top-left\"><\/div><div class=\"envira-gallery-position-overlay envira-gallery-top-right\"><\/div><div class=\"envira-gallery-position-overlay envira-gallery-bottom-left\"><\/div><div class=\"envira-gallery-position-overlay envira-gallery-bottom-right\"><\/div><a class=\"envira-gallery-850 envira-gallery-link\" href=\"https:\/\/www.mramriswil.ch\/turnveteranen\/wp-content\/uploads\/sites\/2\/2020\/08\/20200730-abendvelotour-008.jpg\" title=\"20200730-abendvelotour-008\" data-caption=\"\" data-envira-item-id=\"859\" data-envira-retina=\"https:\/\/www.mramriswil.ch\/turnveteranen\/wp-content\/uploads\/sites\/2\/2020\/08\/20200730-abendvelotour-008.jpg\" data-thumb=\"https:\/\/www.mramriswil.ch\/turnveteranen\/wp-content\/uploads\/sites\/2\/2020\/08\/20200730-abendvelotour-008-75x50_c.jpg\" data-title=\"20200730-abendvelotour-008\" data-envirabox='850' itemprop=\"contentUrl\"><img loading=\"lazy\" decoding=\"async\" src=\"https:\/\/www.mramriswil.ch\/turnveteranen\/wp-content\/uploads\/sites\/2\/2020\/08\/20200730-abendvelotour-008.jpg\" alt=\"\" class=\"envira-gallery-image envira-gallery-image-8    envira-lazy\" height=\"480\" id=\"envira-gallery-image-859\" srcset=\"data:image\/gif;base64,R0lGODlhAQABAIAAAP\/\/\/\/\/\/\/yH5BAEKAAEALAAAAAABAAEAAAICTAEAOw==\" tabindex=\"-1\" title=\"20200730-abendvelotour-008\" width=\"640\" data-caption=\"\" data-envira-gallery-id=\"850\" data-envira-index=\"7\" data-envira-item-id=\"859\" data-envira-src=\"https:\/\/www.mramriswil.ch\/turnveteranen\/wp-content\/uploads\/sites\/2\/2020\/08\/20200730-abendvelotour-008.jpg\" data-envira-srcset=\"https:\/\/www.mramriswil.ch\/turnveteranen\/wp-content\/uploads\/sites\/2\/2020\/08\/20200730-abendvelotour-008.jpg 400w, https:\/\/www.mramriswil.ch\/turnveteranen\/wp-content\/uploads\/sites\/2\/2020\/08\/20200730-abendvelotour-008.jpg 2x\" data-title=\"20200730-abendvelotour-008\" itemprop=\"thumbnailUrl\"  data-envirabox=\"850\" data-automatic-caption=\"\" data-envira-height=\"225\" data-envira-width=\"300\" \/><\/a><\/div><\/div><div id=\"envira-gallery-item-860\" class=\"envira-gallery-item envira-gallery-item-9 envira-lazy-load\" style=\"padding-left: 1px; padding-bottom: 1px; padding-right: 1px;\"  itemscope itemtype=\"https:\/\/schema.org\/ImageObject\"><div class=\"envira-gallery-item-inner\"><div class=\"envira-gallery-position-overlay envira-gallery-top-left\"><\/div><div class=\"envira-gallery-position-overlay envira-gallery-top-right\"><\/div><div class=\"envira-gallery-position-overlay envira-gallery-bottom-left\"><\/div><div class=\"envira-gallery-position-overlay envira-gallery-bottom-right\"><\/div><a class=\"envira-gallery-850 envira-gallery-link\" href=\"https:\/\/www.mramriswil.ch\/turnveteranen\/wp-content\/uploads\/sites\/2\/2020\/08\/20200730-abendvelotour-009.jpg\" title=\"20200730-abendvelotour-009\" data-caption=\"\" data-envira-item-id=\"860\" data-envira-retina=\"https:\/\/www.mramriswil.ch\/turnveteranen\/wp-content\/uploads\/sites\/2\/2020\/08\/20200730-abendvelotour-009.jpg\" data-thumb=\"https:\/\/www.mramriswil.ch\/turnveteranen\/wp-content\/uploads\/sites\/2\/2020\/08\/20200730-abendvelotour-009-75x50_c.jpg\" data-title=\"20200730-abendvelotour-009\" data-envirabox='850' itemprop=\"contentUrl\"><img loading=\"lazy\" decoding=\"async\" src=\"https:\/\/www.mramriswil.ch\/turnveteranen\/wp-content\/uploads\/sites\/2\/2020\/08\/20200730-abendvelotour-009.jpg\" alt=\"\" class=\"envira-gallery-image envira-gallery-image-9    envira-lazy\" height=\"480\" id=\"envira-gallery-image-860\" srcset=\"data:image\/gif;base64,R0lGODlhAQABAIAAAP\/\/\/\/\/\/\/yH5BAEKAAEALAAAAAABAAEAAAICTAEAOw==\" tabindex=\"-1\" title=\"20200730-abendvelotour-009\" width=\"640\" data-caption=\"\" data-envira-gallery-id=\"850\" data-envira-index=\"8\" data-envira-item-id=\"860\" data-envira-src=\"https:\/\/www.mramriswil.ch\/turnveteranen\/wp-content\/uploads\/sites\/2\/2020\/08\/20200730-abendvelotour-009.jpg\" data-envira-srcset=\"https:\/\/www.mramriswil.ch\/turnveteranen\/wp-content\/uploads\/sites\/2\/2020\/08\/20200730-abendvelotour-009.jpg 400w, https:\/\/www.mramriswil.ch\/turnveteranen\/wp-content\/uploads\/sites\/2\/2020\/08\/20200730-abendvelotour-009.jpg 2x\" data-title=\"20200730-abendvelotour-009\" itemprop=\"thumbnailUrl\"  data-envirabox=\"850\" data-automatic-caption=\"\" data-envira-height=\"225\" data-envira-width=\"300\" \/><\/a><\/div><\/div><div id=\"envira-gallery-item-861\" class=\"envira-gallery-item envira-gallery-item-10 envira-lazy-load\" style=\"padding-left: 1px; padding-bottom: 1px; padding-right: 1px;\"  itemscope itemtype=\"https:\/\/schema.org\/ImageObject\"><div class=\"envira-gallery-item-inner\"><div class=\"envira-gallery-position-overlay envira-gallery-top-left\"><\/div><div class=\"envira-gallery-position-overlay envira-gallery-top-right\"><\/div><div class=\"envira-gallery-position-overlay envira-gallery-bottom-left\"><\/div><div class=\"envira-gallery-position-overlay envira-gallery-bottom-right\"><\/div><a class=\"envira-gallery-850 envira-gallery-link\" href=\"https:\/\/www.mramriswil.ch\/turnveteranen\/wp-content\/uploads\/sites\/2\/2020\/08\/20200730-abendvelotour-010.jpg\" title=\"20200730-abendvelotour-010\" data-caption=\"\" data-envira-item-id=\"861\" data-envira-retina=\"https:\/\/www.mramriswil.ch\/turnveteranen\/wp-content\/uploads\/sites\/2\/2020\/08\/20200730-abendvelotour-010.jpg\" data-thumb=\"https:\/\/www.mramriswil.ch\/turnveteranen\/wp-content\/uploads\/sites\/2\/2020\/08\/20200730-abendvelotour-010-75x50_c.jpg\" data-title=\"20200730-abendvelotour-010\" data-envirabox='850' itemprop=\"contentUrl\"><img loading=\"lazy\" decoding=\"async\" src=\"https:\/\/www.mramriswil.ch\/turnveteranen\/wp-content\/uploads\/sites\/2\/2020\/08\/20200730-abendvelotour-010.jpg\" alt=\"\" class=\"envira-gallery-image envira-gallery-image-10    envira-lazy\" height=\"480\" id=\"envira-gallery-image-861\" srcset=\"data:image\/gif;base64,R0lGODlhAQABAIAAAP\/\/\/\/\/\/\/yH5BAEKAAEALAAAAAABAAEAAAICTAEAOw==\" tabindex=\"-1\" title=\"20200730-abendvelotour-010\" width=\"640\" data-caption=\"\" data-envira-gallery-id=\"850\" data-envira-index=\"9\" data-envira-item-id=\"861\" data-envira-src=\"https:\/\/www.mramriswil.ch\/turnveteranen\/wp-content\/uploads\/sites\/2\/2020\/08\/20200730-abendvelotour-010.jpg\" data-envira-srcset=\"https:\/\/www.mramriswil.ch\/turnveteranen\/wp-content\/uploads\/sites\/2\/2020\/08\/20200730-abendvelotour-010.jpg 400w, https:\/\/www.mramriswil.ch\/turnveteranen\/wp-content\/uploads\/sites\/2\/2020\/08\/20200730-abendvelotour-010.jpg 2x\" data-title=\"20200730-abendvelotour-010\" itemprop=\"thumbnailUrl\"  data-envirabox=\"850\" data-automatic-caption=\"\" data-envira-height=\"225\" data-envira-width=\"300\" \/><\/a><\/div><\/div><div id=\"envira-gallery-item-851\" class=\"envira-gallery-item envira-gallery-item-11 envira-lazy-load\" style=\"padding-left: 1px; padding-bottom: 1px; padding-right: 1px;\"  itemscope itemtype=\"https:\/\/schema.org\/ImageObject\"><div class=\"envira-gallery-item-inner\"><div class=\"envira-gallery-position-overlay envira-gallery-top-left\"><\/div><div class=\"envira-gallery-position-overlay envira-gallery-top-right\"><\/div><div class=\"envira-gallery-position-overlay envira-gallery-bottom-left\"><\/div><div class=\"envira-gallery-position-overlay envira-gallery-bottom-right\"><\/div><a class=\"envira-gallery-850 envira-gallery-link\" href=\"https:\/\/www.mramriswil.ch\/turnveteranen\/wp-content\/uploads\/sites\/2\/2020\/08\/20200730-abendvelotour-011.jpg\" title=\"20200730-abendvelotour-011\" data-caption=\"\" data-envira-item-id=\"851\" data-envira-retina=\"https:\/\/www.mramriswil.ch\/turnveteranen\/wp-content\/uploads\/sites\/2\/2020\/08\/20200730-abendvelotour-011.jpg\" data-thumb=\"https:\/\/www.mramriswil.ch\/turnveteranen\/wp-content\/uploads\/sites\/2\/2020\/08\/20200730-abendvelotour-011-75x50_c.jpg\" data-title=\"20200730-abendvelotour-011\" data-envirabox='850' itemprop=\"contentUrl\"><img loading=\"lazy\" decoding=\"async\" src=\"https:\/\/www.mramriswil.ch\/turnveteranen\/wp-content\/uploads\/sites\/2\/2020\/08\/20200730-abendvelotour-011.jpg\" alt=\"\" class=\"envira-gallery-image envira-gallery-image-11    envira-lazy\" height=\"480\" id=\"envira-gallery-image-851\" srcset=\"data:image\/gif;base64,R0lGODlhAQABAIAAAP\/\/\/\/\/\/\/yH5BAEKAAEALAAAAAABAAEAAAICTAEAOw==\" tabindex=\"-1\" title=\"20200730-abendvelotour-011\" width=\"640\" data-caption=\"\" data-envira-gallery-id=\"850\" data-envira-index=\"10\" data-envira-item-id=\"851\" data-envira-src=\"https:\/\/www.mramriswil.ch\/turnveteranen\/wp-content\/uploads\/sites\/2\/2020\/08\/20200730-abendvelotour-011.jpg\" data-envira-srcset=\"https:\/\/www.mramriswil.ch\/turnveteranen\/wp-content\/uploads\/sites\/2\/2020\/08\/20200730-abendvelotour-011.jpg 400w, https:\/\/www.mramriswil.ch\/turnveteranen\/wp-content\/uploads\/sites\/2\/2020\/08\/20200730-abendvelotour-011.jpg 2x\" data-title=\"20200730-abendvelotour-011\" itemprop=\"thumbnailUrl\"  data-envirabox=\"850\" data-automatic-caption=\"\" data-envira-height=\"225\" data-envira-width=\"300\" \/><\/a><\/div><\/div><\/div><\/div><noscript><img src='https:\/\/www.mramriswil.ch\/turnveteranen\/wp-content\/uploads\/sites\/2\/2020\/08\/20200730-abendvelotour-001.jpg' alt='' class='envira_noscript_images ' \/><img src='https:\/\/www.mramriswil.ch\/turnveteranen\/wp-content\/uploads\/sites\/2\/2020\/08\/20200730-abendvelotour-002.jpg' alt='' class='envira_noscript_images ' \/><img src='https:\/\/www.mramriswil.ch\/turnveteranen\/wp-content\/uploads\/sites\/2\/2020\/08\/20200730-abendvelotour-003.jpg' alt='' class='envira_noscript_images ' \/><img src='https:\/\/www.mramriswil.ch\/turnveteranen\/wp-content\/uploads\/sites\/2\/2020\/08\/20200730-abendvelotour-004.jpg' alt='' class='envira_noscript_images ' \/><img src='https:\/\/www.mramriswil.ch\/turnveteranen\/wp-content\/uploads\/sites\/2\/2020\/08\/20200730-abendvelotour-005.jpg' alt='' class='envira_noscript_images ' \/><img src='https:\/\/www.mramriswil.ch\/turnveteranen\/wp-content\/uploads\/sites\/2\/2020\/08\/20200730-abendvelotour-006.jpg' alt='' class='envira_noscript_images ' \/><img src='https:\/\/www.mramriswil.ch\/turnveteranen\/wp-content\/uploads\/sites\/2\/2020\/08\/20200730-abendvelotour-007.jpg' alt='' class='envira_noscript_images ' \/><img src='https:\/\/www.mramriswil.ch\/turnveteranen\/wp-content\/uploads\/sites\/2\/2020\/08\/20200730-abendvelotour-008.jpg' alt='' class='envira_noscript_images ' \/><img src='https:\/\/www.mramriswil.ch\/turnveteranen\/wp-content\/uploads\/sites\/2\/2020\/08\/20200730-abendvelotour-009.jpg' alt='' class='envira_noscript_images ' \/><img src='https:\/\/www.mramriswil.ch\/turnveteranen\/wp-content\/uploads\/sites\/2\/2020\/08\/20200730-abendvelotour-010.jpg' alt='' class='envira_noscript_images ' \/><img src='https:\/\/www.mramriswil.ch\/turnveteranen\/wp-content\/uploads\/sites\/2\/2020\/08\/20200730-abendvelotour-011.jpg' alt='' class='envira_noscript_images ' \/><\/noscript><\/div>\n","protected":false},"excerpt":{"rendered":"<p>Schon bald (6. Aug.) steht das traditionelle Minigolf-Turnier wieder an und darum lud Heinz Gisler zu unserer letzten Abend-Velotour in dieser Ferienzeit ein. Bei wiederum herrlichem, sogar heissem Sommerwetter trafen &#8230;<\/p>\n","protected":false},"author":1,"featured_media":854,"comment_status":"open","ping_status":"open","sticky":false,"template":"","format":"standard","meta":{"rs_blank_template":"","rs_page_bg_color":"#ffffff","slide_template_v7":"","footnotes":""},"categories":[4],"tags":[],"class_list":["post-862","post","type-post","status-publish","format-standard","has-post-thumbnail","hentry","category-ausfluege"],"_links":{"self":[{"href":"https:\/\/www.mramriswil.ch\/turnveteranen\/wp-json\/wp\/v2\/posts\/862","targetHints":{"allow":["GET"]}}],"collection":[{"href":"https:\/\/www.mramriswil.ch\/turnveteranen\/wp-json\/wp\/v2\/posts"}],"about":[{"href":"https:\/\/www.mramriswil.ch\/turnveteranen\/wp-json\/wp\/v2\/types\/post"}],"author":[{"embeddable":true,"href":"https:\/\/www.mramriswil.ch\/turnveteranen\/wp-json\/wp\/v2\/users\/1"}],"replies":[{"embeddable":true,"href":"https:\/\/www.mramriswil.ch\/turnveteranen\/wp-json\/wp\/v2\/comments?post=862"}],"version-history":[{"count":3,"href":"https:\/\/www.mramriswil.ch\/turnveteranen\/wp-json\/wp\/v2\/posts\/862\/revisions"}],"predecessor-version":[{"id":865,"href":"https:\/\/www.mramriswil.ch\/turnveteranen\/wp-json\/wp\/v2\/posts\/862\/revisions\/865"}],"wp:featuredmedia":[{"embeddable":true,"href":"https:\/\/www.mramriswil.ch\/turnveteranen\/wp-json\/wp\/v2\/media\/854"}],"wp:attachment":[{"href":"https:\/\/www.mramriswil.ch\/turnveteranen\/wp-json\/wp\/v2\/media?parent=862"}],"wp:term":[{"taxonomy":"category","embeddable":true,"href":"https:\/\/www.mramriswil.ch\/turnveteranen\/wp-json\/wp\/v2\/categories?post=862"},{"taxonomy":"post_tag","embeddable":true,"href":"https:\/\/www.mramriswil.ch\/turnveteranen\/wp-json\/wp\/v2\/tags?post=862"}],"curies":[{"name":"wp","href":"https:\/\/api.w.org\/{rel}","templated":true}]}}